{"id":5754,"date":"2025-10-12T15:05:33","date_gmt":"2025-10-12T13:05:33","guid":{"rendered":"https:\/\/www.gym-karvina.cz\/?p=5754"},"modified":"2025-10-26T17:23:39","modified_gmt":"2025-10-26T16:23:39","slug":"erasmus-v-rumunsku","status":"publish","type":"post","link":"https:\/\/www.gym-karvina.cz\/?p=5754","title":{"rendered":"ERASMUS+ V RUMUNSKU"},"content":{"rendered":"<div class=\"wp-block-image\">\n<figure class=\"aligncenter size-large is-resized\"><img loading=\"lazy\" decoding=\"async\" width=\"1024\" height=\"288\" src=\"https:\/\/www.gym-karvina.cz\/wp-content\/uploads\/2025\/10\/image-1024x288.png\" alt=\"\" class=\"wp-image-5755\" style=\"width:715px;height:auto\" srcset=\"https:\/\/www.gym-karvina.cz\/wp-content\/uploads\/2025\/10\/image-1024x288.png 1024w, https:\/\/www.gym-karvina.cz\/wp-content\/uploads\/2025\/10\/image-300x84.png 300w, https:\/\/www.gym-karvina.cz\/wp-content\/uploads\/2025\/10\/image-768x216.png 768w, https:\/\/www.gym-karvina.cz\/wp-content\/uploads\/2025\/10\/image-24x7.png 24w, https:\/\/www.gym-karvina.cz\/wp-content\/uploads\/2025\/10\/image-36x10.png 36w, https:\/\/www.gym-karvina.cz\/wp-content\/uploads\/2025\/10\/image-48x13.png 48w, https:\/\/www.gym-karvina.cz\/wp-content\/uploads\/2025\/10\/image.png 1193w\" sizes=\"auto, (max-width: 1024px) 100vw, 1024px\" \/><\/figure>\n<\/div>\n\n\n<p>27. z\u00e1\u0159\u00ed vyrazila skupina deseti \u017e\u00e1k\u016f a dvou u\u010ditel\u016f na skupinovou mobilitu v r\u00e1mci na\u0161\u00ed akreditace v programu Erasmus+. Tato mobilita p\u0159edstavuje druhou f\u00e1zi na\u0161eho projektu LaDiE (Languages in the Digital Era). M\u00edstem setk\u00e1n\u00ed byla \u0161kola Colegiul na\u021bional Unirea v rumunsk\u00e9m m\u011bst\u011b T\u00e2rgu Mure\u0219 uprost\u0159ed Transylv\u00e1nie.<\/p>\n\n\n\n<p>B\u011bhem cesty jsme nav\u0161t\u00edvili Klu\u017e, m\u011bsto bohat\u00e9 na zaj\u00edmav\u00e1 m\u00edsta a pam\u00e1tky p\u0159ipom\u00ednaj\u00edc\u00ed sou\u017eit\u00ed Ma\u010far\u016f a Rumun\u016f. Toto spole\u010dn\u00e9 kulturn\u00ed d\u011bdictv\u00ed jsme vyu\u017eili k pln\u011bn\u00ed vzd\u011bl\u00e1vac\u00edch c\u00edl\u016f, zejm\u00e9na p\u0159i n\u00e1v\u0161t\u011bv\u011b m\u00edstn\u00ed botanick\u00e9 zahrady.<\/p>\n\n\n\n<p>Rumunsk\u00e1 \u0161kola pro n\u00e1s p\u0159ipravila \u0159adu zaj\u00edmav\u00fdch aktivit, kter\u00e9 na\u0161im \u017e\u00e1k\u016fm pomohly rozv\u00edjet st\u00e1vaj\u00edc\u00ed a z\u00edsk\u00e1vat nov\u00e9 kompetence. Na\u0161i \u017e\u00e1ci byli b\u011bhem p\u011btidenn\u00edho setk\u00e1n\u00ed ubytov\u00e1ni v hostitelsk\u00fdch rodin\u00e1ch, aby m\u011bli mo\u017enost poznat rumunskou kulturu opravdu d\u016fkladn\u011b a z prvn\u00ed ruky. Proto\u017ee jsme sv\u00e9 rumunsk\u00e9 prot\u011bj\u0161ky hostili ji\u017e na ja\u0159e, mohli jsme pokra\u010dovat v prohlubov\u00e1n\u00ed nav\u00e1zan\u00fdch p\u0159\u00e1telstv\u00ed a pono\u0159it se do srovn\u00e1v\u00e1n\u00ed obou kultur a vzd\u011bl\u00e1vac\u00edch syst\u00e9m\u016f tentokr\u00e1t z druh\u00e9 strany.<\/p>\n\n\n\n<p>V r\u00e1mci \u00favodn\u00edho setk\u00e1n\u00ed jsme byli n\u00e1le\u017eit\u011b uv\u00edt\u00e1ni, pro\u0161li jsme si hostitelskou \u0161kolu a tak\u00e9 jsme Rumun\u016fm umo\u017enili ochutnat n\u011bco z \u010desk\u00e9 kuchyn\u011b. Rumun\u0161t\u00ed u\u010ditel\u00e9 Hermina a Adrian n\u00e1m p\u0159edstavili sv\u00e9 dosavadn\u00ed projekty financovan\u00e9 granty Erasmus+, a vzali n\u00e1s na prohl\u00eddku m\u00edstn\u00edho \u00fa\u0159adu pro kontrolu kvality povrchov\u00fdch a odpadn\u00edch vod, kde jsme mohli na vlastn\u00ed o\u010di vid\u011bt, jak prob\u00edh\u00e1 anal\u00fdza kvality vody po chemick\u00e9 i biologick\u00e9 str\u00e1nce. Evropskou prioritu udr\u017eitelnosti a ochrany \u017eivotn\u00edho prost\u0159ed\u00ed jsme pokryli tak\u00e9 d\u00edky s\u00e9rii fyzik\u00e1ln\u00edch a chemick\u00fdch experiment\u016f s \u017eivou kulturou, kter\u00e9 pro n\u00e1s hostitel\u00e9 p\u0159ipravili.<\/p>\n\n\n\n<p>\u017d\u00e1ci se tak\u00e9 p\u0159ipravovali k ve\u0159ejn\u00e9mu vystupov\u00e1n\u00ed formou strukturovan\u00e9 debaty na ob\u010dansk\u00e1 a ekologick\u00e1 t\u00e9mata. Hostitelsk\u00e9 m\u011bsto T\u00e2rgu Mure\u0219 jsme m\u011bli mo\u017enost bl\u00ed\u017ee poznat d\u00edky p\u00e1trac\u00ed h\u0159e, p\u0159i\u010dem\u017e poznatky z n\u00ed jsme vyu\u017eili p\u0159i z\u00e1v\u011bre\u010dn\u00e9m ideatonu, kdy sm\u00ed\u0161en\u00e9 t\u00fdmy \u00fa\u010dastn\u00edk\u016f navrhovaly&nbsp;zm\u011bny, kter\u00e9 by m\u011bstu prosp\u011bly po environment\u00e1ln\u00ed, ob\u010dansk\u00e9 \u010di turistick\u00e9 str\u00e1nce.<\/p>\n\n\n\n<p>Zlat\u00fdm h\u0159ebem byla edukativn\u00ed exkurze do malebn\u00e9ho, \u201edr\u00e1kulovsk\u00e9ho\u201c m\u011bsta Sighi\u0219oara, kter\u00e9 je pam\u00e1tkou kulturn\u00edho d\u011bdictv\u00ed UNESCO a kde jsme mohli zakusit sou\u017eit\u00ed a historick\u00e9 a jazykov\u00e9 vlivy Ma\u010far\u016f, Rumun\u016f i N\u011bmc\u016f. V r\u00e1mci digitalizace a posouv\u00e1n\u00ed v\u00fduky do nov\u00fdch dimenz\u00ed jsme tak\u00e9 vyu\u017eili virtu\u00e1ln\u00ed br\u00fdle, s jejich\u017e pomoc\u00ed jsme pozn\u00e1vali a hovo\u0159ili o tom, \u010d\u00edm \u010dlensk\u00e9 zem\u011b EU p\u0159isp\u011bly ke spole\u010dn\u00e9 evropsk\u00e9 kultu\u0159e.<\/p>\n\n\n\n<p>Setk\u00e1n\u00ed lze jednozna\u010dn\u011b hodnotit jako \u00fasp\u011b\u0161n\u00e9. B\u011bhem pestr\u00e9ho t\u00fddne, kter\u00fd kazilo snad jen po\u010das\u00ed, prokazovali na\u0161i \u017e\u00e1ci velmi dobrou znalost angli\u010dtiny, zv\u011bdavost a v\u016fli u\u010dit se nov\u00e9 v\u011bci, a p\u0159edev\u0161\u00edm tak\u00e9 z\u00e1jem o rozvoj kompetenc\u00ed, kter\u00e9 jsou pro sou\u010dasn\u00e9ho Evropana nutnou v\u00fdbavou k \u017eivotu v p\u0159ekotn\u011b se m\u011bn\u00edc\u00edm sv\u011bt\u011b. Z T\u00e2rgu Mure\u0219 jsme odj\u00ed\u017ed\u011bli v sobotu 4. \u0159\u00edjna r\u00e1no plni pozitivn\u00edch dojm\u016f a z\u00e1\u017eitk\u016f, ochotni svou spolupr\u00e1ci nad\u00e1le rozv\u00edjet.<\/p>\n\n\n\n<p>La revedere, Rom\u00e2nia, \u0219i mul\u021bumesc foarte mult pentru tot!<\/p>\n\n\n\n<p>Tato aktivita byla spolufinancov\u00e1na Evropskou komis\u00ed v r\u00e1mci programu Erasmus+.<br><\/p>\n\n\n\n<p class=\"has-text-align-center\" style=\"font-size:23px\"><strong><a href=\"https:\/\/photos.app.goo.gl\/g2oTTti8iYJhzQAb8\">FOTOALBUM<\/a><\/strong><\/p>\n\n\n\n<figure class=\"wp-block-gallery aligncenter has-nested-images columns-default is-cropped wp-block-gallery-1 is-layout-flex wp-block-gallery-is-layout-flex\">\n<figure data-wp-context=\"{&quot;imageId&quot;:&quot;69ec5ba1e6229&quot;}\" data-wp-interactive=\"core\/image\" data-wp-key=\"69ec5ba1e6229\" class=\"wp-block-image size-large wp-lightbox-container\"><img loading=\"lazy\" decoding=\"async\" width=\"1024\" height=\"576\" data-wp-class--hide=\"state.isContentHidden\" data-wp-class--show=\"state.isContentVisible\" data-wp-init=\"callbacks.setButtonStyles\" data-wp-on--click=\"actions.showLightbox\" data-wp-on--load=\"callbacks.setButtonStyles\" data-wp-on-window--resize=\"callbacks.setButtonStyles\" data-id=\"5764\" src=\"https:\/\/www.gym-karvina.cz\/wp-content\/uploads\/2025\/10\/20251003_101730-1024x576.jpg\" alt=\"\" class=\"wp-image-5764\" srcset=\"https:\/\/www.gym-karvina.cz\/wp-content\/uploads\/2025\/10\/20251003_101730-1024x576.jpg 1024w, https:\/\/www.gym-karvina.cz\/wp-content\/uploads\/2025\/10\/20251003_101730-300x169.jpg 300w, https:\/\/www.gym-karvina.cz\/wp-content\/uploads\/2025\/10\/20251003_101730-768x432.jpg 768w, https:\/\/www.gym-karvina.cz\/wp-content\/uploads\/2025\/10\/20251003_101730-1536x864.jpg 1536w, https:\/\/www.gym-karvina.cz\/wp-content\/uploads\/2025\/10\/20251003_101730-24x14.jpg 24w, https:\/\/www.gym-karvina.cz\/wp-content\/uploads\/2025\/10\/20251003_101730-36x20.jpg 36w, https:\/\/www.gym-karvina.cz\/wp-content\/uploads\/2025\/10\/20251003_101730-48x27.jpg 48w, https:\/\/www.gym-karvina.cz\/wp-content\/uploads\/2025\/10\/20251003_101730.jpg 1761w\" sizes=\"auto, (max-width: 1024px) 100vw, 1024px\" \/><button\n\t\t\tclass=\"lightbox-trigger\"\n\t\t\ttype=\"button\"\n\t\t\taria-haspopup=\"dialog\"\n\t\t\taria-label=\"Zv\u011bt\u0161it\"\n\t\t\tdata-wp-init=\"callbacks.initTriggerButton\"\n\t\t\tdata-wp-on--click=\"actions.showLightbox\"\n\t\t\tdata-wp-style--right=\"state.imageButtonRight\"\n\t\t\tdata-wp-style--top=\"state.imageButtonTop\"\n\t\t>\n\t\t\t<svg xmlns=\"http:\/\/www.w3.org\/2000\/svg\" width=\"12\" height=\"12\" fill=\"none\" viewBox=\"0 0 12 12\">\n\t\t\t\t<path fill=\"#fff\" d=\"M2 0a2 2 0 0 0-2 2v2h1.5V2a.5.5 0 0 1 .5-.5h2V0H2Zm2 10.5H2a.5.5 0 0 1-.5-.5V8H0v2a2 2 0 0 0 2 2h2v-1.5ZM8 12v-1.5h2a.5.5 0 0 0 .5-.5V8H12v2a2 2 0 0 1-2 2H8Zm2-12a2 2 0 0 1 2 2v2h-1.5V2a.5.5 0 0 0-.5-.5H8V0h2Z\" \/>\n\t\t\t<\/svg>\n\t\t<\/button><\/figure>\n\n\n\n<figure data-wp-context=\"{&quot;imageId&quot;:&quot;69ec5ba1e67b2&quot;}\" data-wp-interactive=\"core\/image\" data-wp-key=\"69ec5ba1e67b2\" class=\"wp-block-image size-large wp-lightbox-container\"><img loading=\"lazy\" decoding=\"async\" width=\"1024\" height=\"768\" data-wp-class--hide=\"state.isContentHidden\" data-wp-class--show=\"state.isContentVisible\" data-wp-init=\"callbacks.setButtonStyles\" data-wp-on--click=\"actions.showLightbox\" data-wp-on--load=\"callbacks.setButtonStyles\" data-wp-on-window--resize=\"callbacks.setButtonStyles\" data-id=\"5765\" src=\"https:\/\/www.gym-karvina.cz\/wp-content\/uploads\/2025\/10\/IMG-20250930-WA0016-1024x768.jpg\" alt=\"\" class=\"wp-image-5765\" srcset=\"https:\/\/www.gym-karvina.cz\/wp-content\/uploads\/2025\/10\/IMG-20250930-WA0016-1024x768.jpg 1024w, https:\/\/www.gym-karvina.cz\/wp-content\/uploads\/2025\/10\/IMG-20250930-WA0016-300x225.jpg 300w, https:\/\/www.gym-karvina.cz\/wp-content\/uploads\/2025\/10\/IMG-20250930-WA0016-768x576.jpg 768w, https:\/\/www.gym-karvina.cz\/wp-content\/uploads\/2025\/10\/IMG-20250930-WA0016-24x18.jpg 24w, https:\/\/www.gym-karvina.cz\/wp-content\/uploads\/2025\/10\/IMG-20250930-WA0016-36x27.jpg 36w, https:\/\/www.gym-karvina.cz\/wp-content\/uploads\/2025\/10\/IMG-20250930-WA0016-48x36.jpg 48w, https:\/\/www.gym-karvina.cz\/wp-content\/uploads\/2025\/10\/IMG-20250930-WA0016.jpg 1321w\" sizes=\"auto, (max-width: 1024px) 100vw, 1024px\" \/><button\n\t\t\tclass=\"lightbox-trigger\"\n\t\t\ttype=\"button\"\n\t\t\taria-haspopup=\"dialog\"\n\t\t\taria-label=\"Zv\u011bt\u0161it\"\n\t\t\tdata-wp-init=\"callbacks.initTriggerButton\"\n\t\t\tdata-wp-on--click=\"actions.showLightbox\"\n\t\t\tdata-wp-style--right=\"state.imageButtonRight\"\n\t\t\tdata-wp-style--top=\"state.imageButtonTop\"\n\t\t>\n\t\t\t<svg xmlns=\"http:\/\/www.w3.org\/2000\/svg\" width=\"12\" height=\"12\" fill=\"none\" viewBox=\"0 0 12 12\">\n\t\t\t\t<path fill=\"#fff\" d=\"M2 0a2 2 0 0 0-2 2v2h1.5V2a.5.5 0 0 1 .5-.5h2V0H2Zm2 10.5H2a.5.5 0 0 1-.5-.5V8H0v2a2 2 0 0 0 2 2h2v-1.5ZM8 12v-1.5h2a.5.5 0 0 0 .5-.5V8H12v2a2 2 0 0 1-2 2H8Zm2-12a2 2 0 0 1 2 2v2h-1.5V2a.5.5 0 0 0-.5-.5H8V0h2Z\" \/>\n\t\t\t<\/svg>\n\t\t<\/button><\/figure>\n<\/figure>\n","protected":false},"excerpt":{"rendered":"<p>27. z\u00e1\u0159\u00ed vyrazila skupina deseti \u017e\u00e1k\u016f a dvou u\u010ditel\u016f na skupinovou mobilitu v r\u00e1mci na\u0161\u00ed akreditace v programu Erasmus+. Tato mobilita p\u0159edstavuje druhou f\u00e1zi na\u0161eho projektu LaDiE (Languages in the Digital Era). M\u00edstem setk\u00e1n\u00ed byla&#46;&#46;&#46;<\/p>\n","protected":false},"author":7,"featured_media":5756,"comment_status":"closed","ping_status":"closed","sticky":false,"template":"","format":"standard","meta":{"footnotes":""},"categories":[43,33],"tags":[],"class_list":["post-5754","post","type-post","status-publish","format-standard","has-post-thumbnail","hentry","category-akreditace-a3","category-homepage"],"_links":{"self":[{"href":"https:\/\/www.gym-karvina.cz\/index.php?rest_route=\/wp\/v2\/posts\/5754","targetHints":{"allow":["GET"]}}],"collection":[{"href":"https:\/\/www.gym-karvina.cz\/index.php?rest_route=\/wp\/v2\/posts"}],"about":[{"href":"https:\/\/www.gym-karvina.cz\/index.php?rest_route=\/wp\/v2\/types\/post"}],"author":[{"embeddable":true,"href":"https:\/\/www.gym-karvina.cz\/index.php?rest_route=\/wp\/v2\/users\/7"}],"replies":[{"embeddable":true,"href":"https:\/\/www.gym-karvina.cz\/index.php?rest_route=%2Fwp%2Fv2%2Fcomments&post=5754"}],"version-history":[{"count":6,"href":"https:\/\/www.gym-karvina.cz\/index.php?rest_route=\/wp\/v2\/posts\/5754\/revisions"}],"predecessor-version":[{"id":5767,"href":"https:\/\/www.gym-karvina.cz\/index.php?rest_route=\/wp\/v2\/posts\/5754\/revisions\/5767"}],"wp:featuredmedia":[{"embeddable":true,"href":"https:\/\/www.gym-karvina.cz\/index.php?rest_route=\/wp\/v2\/media\/5756"}],"wp:attachment":[{"href":"https:\/\/www.gym-karvina.cz\/index.php?rest_route=%2Fwp%2Fv2%2Fmedia&parent=5754"}],"wp:term":[{"taxonomy":"category","embeddable":true,"href":"https:\/\/www.gym-karvina.cz\/index.php?rest_route=%2Fwp%2Fv2%2Fcategories&post=5754"},{"taxonomy":"post_tag","embeddable":true,"href":"https:\/\/www.gym-karvina.cz\/index.php?rest_route=%2Fwp%2Fv2%2Ftags&post=5754"}],"curies":[{"name":"wp","href":"https:\/\/api.w.org\/{rel}","templated":true}]}}