{"id":5894,"date":"2025-10-06T20:52:10","date_gmt":"2025-10-06T18:52:10","guid":{"rendered":"https:\/\/www.gym-karvina.cz\/?p=5894"},"modified":"2025-11-13T06:39:21","modified_gmt":"2025-11-13T05:39:21","slug":"iva-vrbova-stinovani-ve-francii","status":"publish","type":"post","link":"https:\/\/www.gym-karvina.cz\/?p=5894","title":{"rendered":"Iva Vrbov\u00e1 \u2013 st\u00ednov\u00e1n\u00ed ve Francii"},"content":{"rendered":"\n<h6 class=\"wp-block-heading\">29. 9. \u2013 3. 10. 2025<\/h6>\n\n\n\n<p><strong><strong>St\u00ednov\u00e1n\u00ed zam\u011b\u0159en\u00e9 na vyu\u010dovac\u00ed a u\u010debn\u00ed proces, <strong>Lyce\u00e9 G\u00e9n\u00e9ral et Technologique Carnot, Dijon<\/strong><\/strong><\/strong><\/p>\n\n\n\n<p>Na p\u0159elomu z\u00e1\u0159\u00ed a \u0159\u00edjna 2025 jsem absolvovala kr\u00e1tkodobou u\u010ditelskou mobilitu Erasmus+ ve Francii, konkr\u00e9tn\u011b na Lyce\u00e9 G\u00e9n\u00e9ral et Technologique Carnot v Dijonu. B\u011bhem pobytu jsem m\u011bla mo\u017enost nahl\u00e9dnout do v\u00fduky na obou stupn\u00edch francouzsk\u00e9ho vzd\u011bl\u00e1vac\u00edho syst\u00e9mu \u2013 na Coll\u00e8ge (ni\u017e\u0161\u00ed gymn\u00e1zium, v\u011bk \u017e\u00e1k\u016f 12\u201315 let) i na Lyc\u00e9e (vy\u0161\u0161\u00ed gymn\u00e1zium, v\u011bk \u017e\u00e1k\u016f 16\u201318 let).<\/p>\n\n\n\n<p>Pozorov\u00e1n\u00ed hodin a ka\u017edodenn\u00edho chodu \u0161koly pro m\u011b bylo velmi inspirativn\u00ed. U\u010ditel\u00e9 ve Francii nemaj\u00ed sv\u00e9 kabinety, ale spole\u010dnou velkou m\u00edstnost, kde se mohou setk\u00e1vat, diskutovat a odpo\u010d\u00edvat. V\u00fduka prob\u00edh\u00e1 od 7:55 do 18:00, p\u0159i\u010dem\u017e jedna hodina trv\u00e1 55 minut. U\u010ditel\u00e9 odu\u010d\u00ed p\u0159ibli\u017en\u011b 20 hodin t\u00fddn\u011b a soust\u0159ed\u00ed se v\u00fdhradn\u011b na v\u00fduku \u2013 ostatn\u00ed agendu za n\u011b \u0159e\u0161\u00ed jin\u00e9 slo\u017eky \u0161koly.&nbsp;<\/p>\n\n\n\n<p>Zaujala m\u011b role odd\u011blen\u00ed Vie scolaire, kter\u00e9 \u0159e\u0161\u00ed doch\u00e1zku \u017e\u00e1k\u016f do \u0161koly nebo jejich k\u00e1ze\u0148sk\u00e9 p\u0159estupky. U\u010ditel se tak m\u016f\u017ee pln\u011b v\u011bnovat v\u00fduce a ve t\u0159\u00edd\u00e1ch panuje klidn\u00e1 a pracovn\u00ed atmosf\u00e9ra, kter\u00e9 napom\u00e1h\u00e1 tak\u00e9 ni\u017e\u0161\u00ed po\u010det \u017e\u00e1k\u016f na Coll\u00e8ge (nep\u0159esahoval 23), na Lyc\u00e9e byl srovnateln\u00fd s \u010desk\u00fdmi st\u0159edn\u00edmi \u0161kolami. Tak\u00e9 inkluze \u017e\u00e1k\u016f se speci\u00e1ln\u00edmi pot\u0159ebami prob\u00edh\u00e1 p\u0159irozen\u011b, s podporou asistent\u016f a s pochopen\u00edm ze strany spolu\u017e\u00e1k\u016f.<\/p>\n\n\n\n<p>\u017d\u00e1ci doch\u00e1zej\u00ed do u\u010deben jednotliv\u00fdch u\u010ditel\u016f, kter\u00fdm to umo\u017e\u0148uje p\u0159ipravit si pom\u016fcky a materi\u00e1ly p\u0159edem. Ka\u017ed\u00e1 hodina na Coll\u00e8ge za\u010d\u00edn\u00e1 kr\u00e1tk\u00fdm opakov\u00e1n\u00edm testem nebo kontrolou dom\u00e1c\u00edho \u00fakolu, co\u017e pom\u00e1h\u00e1 upevnit u\u010divo. U\u010debny jsou vybaveny modern\u00ed technikou \u2013 dotykov\u00fdmi monitory, kter\u00e9 podporuj\u00ed aktivn\u00ed zapojen\u00ed \u017e\u00e1k\u016f do v\u00fduky.<\/p>\n\n\n\n<p>V hodin\u00e1ch matematiky, kter\u00e9 jsem m\u011bla mo\u017enost sledovat, byl kladen velk\u00fd d\u016fraz na porozum\u011bn\u00ed pojm\u016fm, p\u0159esnost vyjad\u0159ov\u00e1n\u00ed a p\u0159evod mezi mate\u0159sk\u00fdm jazykem a matematick\u00fdm z\u00e1pisem. \u017d\u00e1ci nejen po\u010d\u00edtaj\u00ed, ale tak\u00e9 dok\u00e1\u017e\u00ed sv\u00e9 v\u00fdpo\u010dty jasn\u011b vysv\u011btlit a p\u0159e\u010d\u00edst. V\u00fduka \u010dasto prob\u00edh\u00e1 ve t\u0159ech f\u00e1z\u00edch: poznatek \u2013 znalost \u2013 form\u00e1ln\u00ed poznatek (zobecn\u011bn\u00ed), co\u017e podporuje hlub\u0161\u00ed porozum\u011bn\u00ed. Na Lyc\u00e9e zvl\u00e1daj\u00ed studenti z\u00e1v\u011bre\u010dn\u00e9ho ro\u010dn\u00edku bez probl\u00e9m\u016f derivovat funkce, ur\u010dovat extr\u00e9my a definovat limity \u2013 tedy u\u010divo, kter\u00e9 odpov\u00edd\u00e1 na\u0161emu maturitn\u00edmu ro\u010dn\u00edku.<\/p>\n\n\n\n<p>Cel\u00fd pobyt byl pro m\u011b velmi inspirativn\u00ed a p\u0159inesl mnoho podn\u011bt\u016f k zamy\u0161len\u00ed i ke zlep\u0161en\u00ed vlastn\u00ed pedagogick\u00e9 praxe. Francouzsk\u00fd p\u0159\u00edstup ke klidu, respektu a soust\u0159ed\u011bnosti ve v\u00fduce je pro m\u011b velkou motivac\u00ed do dal\u0161\u00ed pr\u00e1ce.<\/p>\n\n\n\n<p>Tato zku\u0161enost mi uk\u00e1zala, \u017ee kvalita v\u00fduky nespo\u010d\u00edv\u00e1 v mno\u017estv\u00ed \u00faloh, ale v hloubce porozum\u011bn\u00ed a schopnosti \u017e\u00e1k\u016f vysv\u011btlit, co a pro\u010d d\u011blaj\u00ed.<\/p>\n\n\n\n<figure class=\"wp-block-gallery has-nested-images columns-default is-cropped wp-block-gallery-1 is-layout-flex wp-block-gallery-is-layout-flex\">\n<figure data-wp-context=\"{&quot;imageId&quot;:&quot;69ec5bc583cf6&quot;}\" data-wp-interactive=\"core\/image\" data-wp-key=\"69ec5bc583cf6\" class=\"wp-block-image size-large wp-lightbox-container\"><img loading=\"lazy\" decoding=\"async\" width=\"768\" height=\"1024\" data-wp-class--hide=\"state.isContentHidden\" data-wp-class--show=\"state.isContentVisible\" data-wp-init=\"callbacks.setButtonStyles\" data-wp-on--click=\"actions.showLightbox\" data-wp-on--load=\"callbacks.setButtonStyles\" data-wp-on-window--resize=\"callbacks.setButtonStyles\" data-id=\"5896\" src=\"https:\/\/www.gym-karvina.cz\/wp-content\/uploads\/2025\/10\/20251002_150526-768x1024.jpg\" alt=\"\" class=\"wp-image-5896\" srcset=\"https:\/\/www.gym-karvina.cz\/wp-content\/uploads\/2025\/10\/20251002_150526-768x1024.jpg 768w, https:\/\/www.gym-karvina.cz\/wp-content\/uploads\/2025\/10\/20251002_150526-225x300.jpg 225w, https:\/\/www.gym-karvina.cz\/wp-content\/uploads\/2025\/10\/20251002_150526-1152x1536.jpg 1152w, https:\/\/www.gym-karvina.cz\/wp-content\/uploads\/2025\/10\/20251002_150526-1536x2048.jpg 1536w, https:\/\/www.gym-karvina.cz\/wp-content\/uploads\/2025\/10\/20251002_150526-18x24.jpg 18w, https:\/\/www.gym-karvina.cz\/wp-content\/uploads\/2025\/10\/20251002_150526-27x36.jpg 27w, https:\/\/www.gym-karvina.cz\/wp-content\/uploads\/2025\/10\/20251002_150526-36x48.jpg 36w, https:\/\/www.gym-karvina.cz\/wp-content\/uploads\/2025\/10\/20251002_150526-scaled.jpg 1920w\" sizes=\"auto, (max-width: 768px) 100vw, 768px\" \/><button\n\t\t\tclass=\"lightbox-trigger\"\n\t\t\ttype=\"button\"\n\t\t\taria-haspopup=\"dialog\"\n\t\t\taria-label=\"Zv\u011bt\u0161it\"\n\t\t\tdata-wp-init=\"callbacks.initTriggerButton\"\n\t\t\tdata-wp-on--click=\"actions.showLightbox\"\n\t\t\tdata-wp-style--right=\"state.imageButtonRight\"\n\t\t\tdata-wp-style--top=\"state.imageButtonTop\"\n\t\t>\n\t\t\t<svg xmlns=\"http:\/\/www.w3.org\/2000\/svg\" width=\"12\" height=\"12\" fill=\"none\" viewBox=\"0 0 12 12\">\n\t\t\t\t<path fill=\"#fff\" d=\"M2 0a2 2 0 0 0-2 2v2h1.5V2a.5.5 0 0 1 .5-.5h2V0H2Zm2 10.5H2a.5.5 0 0 1-.5-.5V8H0v2a2 2 0 0 0 2 2h2v-1.5ZM8 12v-1.5h2a.5.5 0 0 0 .5-.5V8H12v2a2 2 0 0 1-2 2H8Zm2-12a2 2 0 0 1 2 2v2h-1.5V2a.5.5 0 0 0-.5-.5H8V0h2Z\" \/>\n\t\t\t<\/svg>\n\t\t<\/button><\/figure>\n\n\n\n<figure data-wp-context=\"{&quot;imageId&quot;:&quot;69ec5bc58422f&quot;}\" data-wp-interactive=\"core\/image\" data-wp-key=\"69ec5bc58422f\" class=\"wp-block-image size-large wp-lightbox-container\"><img loading=\"lazy\" decoding=\"async\" width=\"768\" height=\"1024\" data-wp-class--hide=\"state.isContentHidden\" data-wp-class--show=\"state.isContentVisible\" data-wp-init=\"callbacks.setButtonStyles\" data-wp-on--click=\"actions.showLightbox\" data-wp-on--load=\"callbacks.setButtonStyles\" data-wp-on-window--resize=\"callbacks.setButtonStyles\" data-id=\"5897\" src=\"https:\/\/www.gym-karvina.cz\/wp-content\/uploads\/2025\/10\/20251001_111339-768x1024.jpg\" alt=\"\" class=\"wp-image-5897\" srcset=\"https:\/\/www.gym-karvina.cz\/wp-content\/uploads\/2025\/10\/20251001_111339-768x1024.jpg 768w, https:\/\/www.gym-karvina.cz\/wp-content\/uploads\/2025\/10\/20251001_111339-225x300.jpg 225w, https:\/\/www.gym-karvina.cz\/wp-content\/uploads\/2025\/10\/20251001_111339-1152x1536.jpg 1152w, https:\/\/www.gym-karvina.cz\/wp-content\/uploads\/2025\/10\/20251001_111339-1536x2048.jpg 1536w, https:\/\/www.gym-karvina.cz\/wp-content\/uploads\/2025\/10\/20251001_111339-18x24.jpg 18w, https:\/\/www.gym-karvina.cz\/wp-content\/uploads\/2025\/10\/20251001_111339-27x36.jpg 27w, https:\/\/www.gym-karvina.cz\/wp-content\/uploads\/2025\/10\/20251001_111339-36x48.jpg 36w, https:\/\/www.gym-karvina.cz\/wp-content\/uploads\/2025\/10\/20251001_111339-scaled.jpg 1920w\" sizes=\"auto, (max-width: 768px) 100vw, 768px\" \/><button\n\t\t\tclass=\"lightbox-trigger\"\n\t\t\ttype=\"button\"\n\t\t\taria-haspopup=\"dialog\"\n\t\t\taria-label=\"Zv\u011bt\u0161it\"\n\t\t\tdata-wp-init=\"callbacks.initTriggerButton\"\n\t\t\tdata-wp-on--click=\"actions.showLightbox\"\n\t\t\tdata-wp-style--right=\"state.imageButtonRight\"\n\t\t\tdata-wp-style--top=\"state.imageButtonTop\"\n\t\t>\n\t\t\t<svg xmlns=\"http:\/\/www.w3.org\/2000\/svg\" width=\"12\" height=\"12\" fill=\"none\" viewBox=\"0 0 12 12\">\n\t\t\t\t<path fill=\"#fff\" d=\"M2 0a2 2 0 0 0-2 2v2h1.5V2a.5.5 0 0 1 .5-.5h2V0H2Zm2 10.5H2a.5.5 0 0 1-.5-.5V8H0v2a2 2 0 0 0 2 2h2v-1.5ZM8 12v-1.5h2a.5.5 0 0 0 .5-.5V8H12v2a2 2 0 0 1-2 2H8Zm2-12a2 2 0 0 1 2 2v2h-1.5V2a.5.5 0 0 0-.5-.5H8V0h2Z\" \/>\n\t\t\t<\/svg>\n\t\t<\/button><\/figure>\n\n\n\n<figure data-wp-context=\"{&quot;imageId&quot;:&quot;69ec5bc5846cd&quot;}\" data-wp-interactive=\"core\/image\" data-wp-key=\"69ec5bc5846cd\" class=\"wp-block-image size-full wp-lightbox-container\"><img loading=\"lazy\" decoding=\"async\" width=\"2560\" height=\"1920\" data-wp-class--hide=\"state.isContentHidden\" data-wp-class--show=\"state.isContentVisible\" data-wp-init=\"callbacks.setButtonStyles\" data-wp-on--click=\"actions.showLightbox\" data-wp-on--load=\"callbacks.setButtonStyles\" data-wp-on-window--resize=\"callbacks.setButtonStyles\" data-id=\"5899\" src=\"https:\/\/www.gym-karvina.cz\/wp-content\/uploads\/2025\/10\/20251002_145645-scaled.jpg\" alt=\"\" class=\"wp-image-5899\" srcset=\"https:\/\/www.gym-karvina.cz\/wp-content\/uploads\/2025\/10\/20251002_145645-scaled.jpg 2560w, https:\/\/www.gym-karvina.cz\/wp-content\/uploads\/2025\/10\/20251002_145645-300x225.jpg 300w, https:\/\/www.gym-karvina.cz\/wp-content\/uploads\/2025\/10\/20251002_145645-1024x768.jpg 1024w, https:\/\/www.gym-karvina.cz\/wp-content\/uploads\/2025\/10\/20251002_145645-768x576.jpg 768w, https:\/\/www.gym-karvina.cz\/wp-content\/uploads\/2025\/10\/20251002_145645-1536x1152.jpg 1536w, https:\/\/www.gym-karvina.cz\/wp-content\/uploads\/2025\/10\/20251002_145645-2048x1536.jpg 2048w, https:\/\/www.gym-karvina.cz\/wp-content\/uploads\/2025\/10\/20251002_145645-24x18.jpg 24w, https:\/\/www.gym-karvina.cz\/wp-content\/uploads\/2025\/10\/20251002_145645-36x27.jpg 36w, https:\/\/www.gym-karvina.cz\/wp-content\/uploads\/2025\/10\/20251002_145645-48x36.jpg 48w\" sizes=\"auto, (max-width: 2560px) 100vw, 2560px\" \/><button\n\t\t\tclass=\"lightbox-trigger\"\n\t\t\ttype=\"button\"\n\t\t\taria-haspopup=\"dialog\"\n\t\t\taria-label=\"Zv\u011bt\u0161it\"\n\t\t\tdata-wp-init=\"callbacks.initTriggerButton\"\n\t\t\tdata-wp-on--click=\"actions.showLightbox\"\n\t\t\tdata-wp-style--right=\"state.imageButtonRight\"\n\t\t\tdata-wp-style--top=\"state.imageButtonTop\"\n\t\t>\n\t\t\t<svg xmlns=\"http:\/\/www.w3.org\/2000\/svg\" width=\"12\" height=\"12\" fill=\"none\" viewBox=\"0 0 12 12\">\n\t\t\t\t<path fill=\"#fff\" d=\"M2 0a2 2 0 0 0-2 2v2h1.5V2a.5.5 0 0 1 .5-.5h2V0H2Zm2 10.5H2a.5.5 0 0 1-.5-.5V8H0v2a2 2 0 0 0 2 2h2v-1.5ZM8 12v-1.5h2a.5.5 0 0 0 .5-.5V8H12v2a2 2 0 0 1-2 2H8Zm2-12a2 2 0 0 1 2 2v2h-1.5V2a.5.5 0 0 0-.5-.5H8V0h2Z\" \/>\n\t\t\t<\/svg>\n\t\t<\/button><\/figure>\n\n\n\n<figure class=\"wp-block-image size-large\"><img loading=\"lazy\" decoding=\"async\" width=\"1024\" height=\"768\" data-id=\"5901\" src=\"https:\/\/www.gym-karvina.cz\/wp-content\/uploads\/2025\/10\/20251002_145645-1-1024x768.jpg\" alt=\"\" class=\"wp-image-5901\" srcset=\"https:\/\/www.gym-karvina.cz\/wp-content\/uploads\/2025\/10\/20251002_145645-1-1024x768.jpg 1024w, https:\/\/www.gym-karvina.cz\/wp-content\/uploads\/2025\/10\/20251002_145645-1-300x225.jpg 300w, https:\/\/www.gym-karvina.cz\/wp-content\/uploads\/2025\/10\/20251002_145645-1-768x576.jpg 768w, https:\/\/www.gym-karvina.cz\/wp-content\/uploads\/2025\/10\/20251002_145645-1-1536x1152.jpg 1536w, https:\/\/www.gym-karvina.cz\/wp-content\/uploads\/2025\/10\/20251002_145645-1-2048x1536.jpg 2048w, https:\/\/www.gym-karvina.cz\/wp-content\/uploads\/2025\/10\/20251002_145645-1-24x18.jpg 24w, https:\/\/www.gym-karvina.cz\/wp-content\/uploads\/2025\/10\/20251002_145645-1-36x27.jpg 36w, https:\/\/www.gym-karvina.cz\/wp-content\/uploads\/2025\/10\/20251002_145645-1-48x36.jpg 48w\" sizes=\"auto, (max-width: 1024px) 100vw, 1024px\" \/><\/figure>\n<\/figure>\n\n\n\n<p><\/p>\n\n\n\n<p>Volby do Poslaneck\u00e9 sn\u011bmovny Parlamentu \u010cR, Pa\u0159\u00ed\u017e 4.10.2025<\/p>\n\n\n\n<figure class=\"wp-block-image size-large\"><img decoding=\"async\" src=\"https:\/\/www.gym-karvina.cz\/wp-content\/uploads\/2025\/10\/Obrazek-WhatsApp-2025-10-26-v-19.50.01_b0eb063f-1-768x1024.jpg\" alt=\"\" class=\"wp-image-5905\"\/><\/figure>\n\n\n\n<p class=\"has-text-align-right\"><em>Mgr. Iva Vrbov\u00e1<\/em><\/p>\n","protected":false},"excerpt":{"rendered":"<p>29. 9. \u2013 3. 10. 2025 St\u00ednov\u00e1n\u00ed zam\u011b\u0159en\u00e9 na vyu\u010dovac\u00ed a u\u010debn\u00ed proces, Lyce\u00e9 G\u00e9n\u00e9ral et Technologique Carnot, Dijon Na p\u0159elomu z\u00e1\u0159\u00ed a \u0159\u00edjna 2025 jsem absolvovala kr\u00e1tkodobou u\u010ditelskou mobilitu Erasmus+ ve Francii, konkr\u00e9tn\u011b na&#46;&#46;&#46;<\/p>\n","protected":false},"author":9,"featured_media":3627,"comment_status":"closed","ping_status":"closed","sticky":false,"template":"","format":"standard","meta":{"footnotes":""},"categories":[43],"tags":[],"class_list":["post-5894","post","type-post","status-publish","format-standard","has-post-thumbnail","hentry","category-akreditace-a3"],"_links":{"self":[{"href":"https:\/\/www.gym-karvina.cz\/index.php?rest_route=\/wp\/v2\/posts\/5894","targetHints":{"allow":["GET"]}}],"collection":[{"href":"https:\/\/www.gym-karvina.cz\/index.php?rest_route=\/wp\/v2\/posts"}],"about":[{"href":"https:\/\/www.gym-karvina.cz\/index.php?rest_route=\/wp\/v2\/types\/post"}],"author":[{"embeddable":true,"href":"https:\/\/www.gym-karvina.cz\/index.php?rest_route=\/wp\/v2\/users\/9"}],"replies":[{"embeddable":true,"href":"https:\/\/www.gym-karvina.cz\/index.php?rest_route=%2Fwp%2Fv2%2Fcomments&post=5894"}],"version-history":[{"count":6,"href":"https:\/\/www.gym-karvina.cz\/index.php?rest_route=\/wp\/v2\/posts\/5894\/revisions"}],"predecessor-version":[{"id":5935,"href":"https:\/\/www.gym-karvina.cz\/index.php?rest_route=\/wp\/v2\/posts\/5894\/revisions\/5935"}],"wp:featuredmedia":[{"embeddable":true,"href":"https:\/\/www.gym-karvina.cz\/index.php?rest_route=\/wp\/v2\/media\/3627"}],"wp:attachment":[{"href":"https:\/\/www.gym-karvina.cz\/index.php?rest_route=%2Fwp%2Fv2%2Fmedia&parent=5894"}],"wp:term":[{"taxonomy":"category","embeddable":true,"href":"https:\/\/www.gym-karvina.cz\/index.php?rest_route=%2Fwp%2Fv2%2Fcategories&post=5894"},{"taxonomy":"post_tag","embeddable":true,"href":"https:\/\/www.gym-karvina.cz\/index.php?rest_route=%2Fwp%2Fv2%2Ftags&post=5894"}],"curies":[{"name":"wp","href":"https:\/\/api.w.org\/{rel}","templated":true}]}}