{"id":5945,"date":"2025-11-05T04:20:18","date_gmt":"2025-11-05T03:20:18","guid":{"rendered":"https:\/\/www.gym-karvina.cz\/?p=5945"},"modified":"2025-11-06T09:41:30","modified_gmt":"2025-11-06T08:41:30","slug":"erasmus-ve-spanelsku","status":"publish","type":"post","link":"https:\/\/www.gym-karvina.cz\/?p=5945","title":{"rendered":"ERASMUS+ VE \u0160PAN\u011aLSKU"},"content":{"rendered":"<div class=\"wp-block-image\">\n<figure class=\"aligncenter size-large is-resized\"><img loading=\"lazy\" decoding=\"async\" width=\"1024\" height=\"215\" src=\"https:\/\/www.gym-karvina.cz\/wp-content\/uploads\/2024\/08\/en_co-funded_by_the_eu_pos-1024x215.jpg\" alt=\"\" class=\"wp-image-2678\" style=\"width:715px;height:auto\" srcset=\"https:\/\/www.gym-karvina.cz\/wp-content\/uploads\/2024\/08\/en_co-funded_by_the_eu_pos-1024x215.jpg 1024w, https:\/\/www.gym-karvina.cz\/wp-content\/uploads\/2024\/08\/en_co-funded_by_the_eu_pos-300x63.jpg 300w, https:\/\/www.gym-karvina.cz\/wp-content\/uploads\/2024\/08\/en_co-funded_by_the_eu_pos-768x161.jpg 768w, https:\/\/www.gym-karvina.cz\/wp-content\/uploads\/2024\/08\/en_co-funded_by_the_eu_pos-1536x322.jpg 1536w, https:\/\/www.gym-karvina.cz\/wp-content\/uploads\/2024\/08\/en_co-funded_by_the_eu_pos-2048x430.jpg 2048w, https:\/\/www.gym-karvina.cz\/wp-content\/uploads\/2024\/08\/en_co-funded_by_the_eu_pos-24x5.jpg 24w, https:\/\/www.gym-karvina.cz\/wp-content\/uploads\/2024\/08\/en_co-funded_by_the_eu_pos-36x8.jpg 36w, https:\/\/www.gym-karvina.cz\/wp-content\/uploads\/2024\/08\/en_co-funded_by_the_eu_pos-48x10.jpg 48w\" sizes=\"auto, (max-width: 1024px) 100vw, 1024px\" \/><\/figure>\n<\/div>\n\n\n<p>V \u0159\u00edjnu se \u010de\u0161t\u00ed a \u0161pan\u011bl\u0161t\u00ed \u017e\u00e1ci \u00fa\u010dastnili spole\u010dn\u00e9 mobility v r\u00e1mci projektu Erasmus+, jej\u00edm\u017e hlavn\u00edm t\u00e9matem bylo hornictv\u00ed a vyu\u017eit\u00ed pohornick\u00fdch oblast\u00ed. Spole\u010dn\u00fdm komunikativn\u00edm jazykem byla angli\u010dtina i \u0161pan\u011bl\u0161tina a odborn\u00e1 spolupr\u00e1ce prob\u00edhala s partnerskou \u0161kolou IES Padre Feijoo v Gij\u00f3nu.<\/p>\n\n\n\n<p>Prvn\u00ed \u010d\u00e1st exkurze zavedla studenty do dolu Pozo Sot\u00f3n v Asturii, kde se sezn\u00e1mili s histori\u00ed provozu, tradi\u010dn\u00edmi hornick\u00fdmi technologiemi i inovacemi, kter\u00e9 do regionu p\u0159inesli \u010de\u0161t\u00ed horn\u00edci. N\u00e1sledn\u011b nav\u0161t\u00edvili Pozo Carrio \u2013 typick\u00fd p\u0159\u00edklad pohornick\u00e9ho prostoru, kter\u00fd je dnes vyu\u017e\u00edv\u00e1n pro ekologick\u00e9 zem\u011bd\u011blstv\u00ed a experimenty s p\u011bstov\u00e1n\u00edm nov\u00fdch plodin, co\u017e \u017e\u00e1k\u016fm n\u00e1zorn\u011b uk\u00e1zalo mo\u017enosti udr\u017eiteln\u00e9 rekultivace a region\u00e1ln\u00ed inovace.<\/p>\n\n\n\n<p>V\u00fdznamn\u00fdm emocion\u00e1ln\u00edm momentem bylo p\u0159ipomenut\u00ed t\u0159icetilet\u00e9ho v\u00fdro\u010d\u00ed trag\u00e9die v dole Nicol\u00e1s, kde zahynuli tak\u00e9 \u010de\u0161t\u00ed horn\u00edci. Pozv\u00e1n\u00ed k diskuzi p\u0159ijali \u010de\u0161t\u00ed a \u0161pan\u011bl\u0161t\u00ed horn\u00edci, kte\u0159\u00ed otev\u0159en\u011b mluvili se studenty nejen o osudov\u00e9 ud\u00e1losti a pracovn\u00edch podm\u00ednk\u00e1ch v dolech, ale tak\u00e9 o prom\u011bn\u00e1ch hornick\u00fdch komunit a v\u00fdznamu solidarity nap\u0159\u00ed\u010d generacemi. Tato \u010d\u00e1st mobility rozv\u00edjela kompetence v oblasti kritick\u00e9ho a syst\u00e9mov\u00e9ho my\u0161len\u00ed a ob\u010dansk\u00e9 zodpov\u011bdnosti.<\/p>\n\n\n\n<p>Studenti n\u00e1sledn\u011b ve sm\u00ed\u0161en\u00fdch skupin\u00e1ch pracovali na zadan\u00fdch t\u00e9matech souvisej\u00edc\u00edch s hornictv\u00edm a budoucnost\u00ed pohornick\u00fdch oblast\u00ed, kter\u00e1 budou prezentovat v r\u00e1mci dal\u0161\u00edho setk\u00e1n\u00ed se \u0161pan\u011blsk\u00fdmi \u017e\u00e1ky na ja\u0159e.<\/p>\n\n\n\n<p>Sou\u010d\u00e1st\u00ed programu byla tak\u00e9 n\u00e1v\u0161t\u011bva Univerzity Laboral v Gij\u00f3nu, v\u00fdznamn\u00e9 historick\u00e9 i architektonick\u00e9 pam\u00e1tky, kter\u00e1 slou\u017e\u00ed dnes jako kulturn\u00ed centrum a s\u00eddlo konzervato\u0159e, \u0161koly v\u00fdtvarn\u00fdch um\u011bn\u00ed \u010di divadla. \u017d\u00e1ci tak m\u011bli mo\u017enost nahl\u00e9dnout do kulturn\u00edho a vzd\u011bl\u00e1vac\u00edho z\u00e1zem\u00ed regionu.<\/p>\n\n\n\n<p>Doprovodn\u00e9 aktivity zahrnovaly exkurzi na observato\u0159 Monte Deva, proch\u00e1zku m\u011bstem Gij\u00f3n doprov\u00e1zenou \u010deskou l\u00e9ka\u0159kou \u017eij\u00edc\u00ed v regionu a intenzivn\u00ed zapojen\u00ed student\u016f do b\u011b\u017en\u00e9ho \u017eivota v hostitelsk\u00fdch rodin\u00e1ch. T\u00edm \u017e\u00e1ci rozv\u00edjeli jazykov\u00e9 kompetence, interkulturn\u00ed porozum\u011bn\u00ed i praktick\u00e9 komunika\u010dn\u00ed dovednosti.<\/p>\n\n\n\n<p>V\u00fdznamnou zku\u0161enost p\u0159edstavovala tak\u00e9 mo\u017enost poznat \u0161pan\u011blskou ka\u017edodennost \u2013 rodinn\u00fd \u017eivot, kulin\u00e1\u0159sk\u00e9 tradice i region\u00e1ln\u00ed zvyklosti. Hostitelsk\u00e9 rodiny p\u0159ipravily pro studenty surfovac\u00ed kurz na pob\u0159e\u017e\u00ed Atlantiku a umo\u017enily jim str\u00e1vit p\u0159\u00edjemn\u00fd a rozmanit\u00fd voln\u00fd \u010das s vrstevn\u00edky ze \u0160pan\u011blska. Prvky kulturn\u00ed v\u00fdm\u011bny a spole\u010dn\u00e9 aktivity v angli\u010dtin\u011b i \u0161pan\u011bl\u0161tin\u011b podpo\u0159ily nejen jazykovou kompetenci, ale p\u0159edev\u0161\u00edm schopnost t\u00fdmov\u00e9 spolupr\u00e1ce, adapta\u010dn\u00ed dovednosti a otev\u0159enost k inovac\u00edm a nov\u00fdm p\u0159\u00edstup\u016fm.<\/p>\n\n\n\n<p>Cel\u00fd projekt byl harmonicky propojen s rozvojem digit\u00e1ln\u00edch, odborn\u00fdch, jazykov\u00fdch i spole\u010densk\u00fdch kompetenc\u00ed, kter\u00e9 jsou kl\u00ed\u010dov\u00e9 pro \u00fasp\u011b\u0161nou budoucnost \u017e\u00e1k\u016f v evropsk\u00e9m i glob\u00e1ln\u00edm kontextu.<\/p>\n\n\n\n<p>Tato aktivita byla spolufinancov\u00e1na Evropskou komis\u00ed v r\u00e1mci programu Erasmus+.<br><\/p>\n\n\n\n<p class=\"has-text-align-center\" style=\"font-size:23px\"><strong><a href=\"https:\/\/photos.app.goo.gl\/CANHPhfoTmUEhqg17\" data-type=\"link\" data-id=\"https:\/\/photos.app.goo.gl\/CANHPhfoTmUEhqg17\">FOTOALBUM<\/a><\/strong><\/p>\n\n\n\n<figure class=\"wp-block-gallery aligncenter has-nested-images columns-default is-cropped wp-block-gallery-1 is-layout-flex wp-block-gallery-is-layout-flex\">\n<figure data-wp-context=\"{&quot;imageId&quot;:&quot;69ec5ba1a7311&quot;}\" data-wp-interactive=\"core\/image\" data-wp-key=\"69ec5ba1a7311\" class=\"wp-block-image size-large wp-lightbox-container\"><img loading=\"lazy\" decoding=\"async\" width=\"1024\" height=\"473\" data-wp-class--hide=\"state.isContentHidden\" data-wp-class--show=\"state.isContentVisible\" data-wp-init=\"callbacks.setButtonStyles\" data-wp-on--click=\"actions.showLightbox\" data-wp-on--load=\"callbacks.setButtonStyles\" data-wp-on-window--resize=\"callbacks.setButtonStyles\" data-id=\"5947\" src=\"https:\/\/www.gym-karvina.cz\/wp-content\/uploads\/2025\/11\/56d02837-2376-4b3f-a346-e9e25fe353f4-1024x473.jpg\" alt=\"\" class=\"wp-image-5947\" srcset=\"https:\/\/www.gym-karvina.cz\/wp-content\/uploads\/2025\/11\/56d02837-2376-4b3f-a346-e9e25fe353f4-1024x473.jpg 1024w, https:\/\/www.gym-karvina.cz\/wp-content\/uploads\/2025\/11\/56d02837-2376-4b3f-a346-e9e25fe353f4-300x139.jpg 300w, https:\/\/www.gym-karvina.cz\/wp-content\/uploads\/2025\/11\/56d02837-2376-4b3f-a346-e9e25fe353f4-768x355.jpg 768w, https:\/\/www.gym-karvina.cz\/wp-content\/uploads\/2025\/11\/56d02837-2376-4b3f-a346-e9e25fe353f4-1536x710.jpg 1536w, https:\/\/www.gym-karvina.cz\/wp-content\/uploads\/2025\/11\/56d02837-2376-4b3f-a346-e9e25fe353f4-24x11.jpg 24w, https:\/\/www.gym-karvina.cz\/wp-content\/uploads\/2025\/11\/56d02837-2376-4b3f-a346-e9e25fe353f4-36x17.jpg 36w, https:\/\/www.gym-karvina.cz\/wp-content\/uploads\/2025\/11\/56d02837-2376-4b3f-a346-e9e25fe353f4-48x22.jpg 48w, https:\/\/www.gym-karvina.cz\/wp-content\/uploads\/2025\/11\/56d02837-2376-4b3f-a346-e9e25fe353f4.jpg 2000w\" sizes=\"auto, (max-width: 1024px) 100vw, 1024px\" \/><button\n\t\t\tclass=\"lightbox-trigger\"\n\t\t\ttype=\"button\"\n\t\t\taria-haspopup=\"dialog\"\n\t\t\taria-label=\"Zv\u011bt\u0161it\"\n\t\t\tdata-wp-init=\"callbacks.initTriggerButton\"\n\t\t\tdata-wp-on--click=\"actions.showLightbox\"\n\t\t\tdata-wp-style--right=\"state.imageButtonRight\"\n\t\t\tdata-wp-style--top=\"state.imageButtonTop\"\n\t\t>\n\t\t\t<svg xmlns=\"http:\/\/www.w3.org\/2000\/svg\" width=\"12\" height=\"12\" fill=\"none\" viewBox=\"0 0 12 12\">\n\t\t\t\t<path fill=\"#fff\" d=\"M2 0a2 2 0 0 0-2 2v2h1.5V2a.5.5 0 0 1 .5-.5h2V0H2Zm2 10.5H2a.5.5 0 0 1-.5-.5V8H0v2a2 2 0 0 0 2 2h2v-1.5ZM8 12v-1.5h2a.5.5 0 0 0 .5-.5V8H12v2a2 2 0 0 1-2 2H8Zm2-12a2 2 0 0 1 2 2v2h-1.5V2a.5.5 0 0 0-.5-.5H8V0h2Z\" \/>\n\t\t\t<\/svg>\n\t\t<\/button><\/figure>\n\n\n\n<figure data-wp-context=\"{&quot;imageId&quot;:&quot;69ec5ba1a78b5&quot;}\" data-wp-interactive=\"core\/image\" data-wp-key=\"69ec5ba1a78b5\" class=\"wp-block-image size-large wp-lightbox-container\"><img loading=\"lazy\" decoding=\"async\" width=\"1024\" height=\"812\" data-wp-class--hide=\"state.isContentHidden\" data-wp-class--show=\"state.isContentVisible\" data-wp-init=\"callbacks.setButtonStyles\" data-wp-on--click=\"actions.showLightbox\" data-wp-on--load=\"callbacks.setButtonStyles\" data-wp-on-window--resize=\"callbacks.setButtonStyles\" data-id=\"5948\" src=\"https:\/\/www.gym-karvina.cz\/wp-content\/uploads\/2025\/11\/IMG_3353-1024x812.jpg\" alt=\"\" class=\"wp-image-5948\" srcset=\"https:\/\/www.gym-karvina.cz\/wp-content\/uploads\/2025\/11\/IMG_3353-1024x812.jpg 1024w, https:\/\/www.gym-karvina.cz\/wp-content\/uploads\/2025\/11\/IMG_3353-300x238.jpg 300w, https:\/\/www.gym-karvina.cz\/wp-content\/uploads\/2025\/11\/IMG_3353-768x609.jpg 768w, https:\/\/www.gym-karvina.cz\/wp-content\/uploads\/2025\/11\/IMG_3353-1536x1218.jpg 1536w, https:\/\/www.gym-karvina.cz\/wp-content\/uploads\/2025\/11\/IMG_3353-24x19.jpg 24w, https:\/\/www.gym-karvina.cz\/wp-content\/uploads\/2025\/11\/IMG_3353-36x29.jpg 36w, https:\/\/www.gym-karvina.cz\/wp-content\/uploads\/2025\/11\/IMG_3353-48x38.jpg 48w, https:\/\/www.gym-karvina.cz\/wp-content\/uploads\/2025\/11\/IMG_3353.jpg 1843w\" sizes=\"auto, (max-width: 1024px) 100vw, 1024px\" \/><button\n\t\t\tclass=\"lightbox-trigger\"\n\t\t\ttype=\"button\"\n\t\t\taria-haspopup=\"dialog\"\n\t\t\taria-label=\"Zv\u011bt\u0161it\"\n\t\t\tdata-wp-init=\"callbacks.initTriggerButton\"\n\t\t\tdata-wp-on--click=\"actions.showLightbox\"\n\t\t\tdata-wp-style--right=\"state.imageButtonRight\"\n\t\t\tdata-wp-style--top=\"state.imageButtonTop\"\n\t\t>\n\t\t\t<svg xmlns=\"http:\/\/www.w3.org\/2000\/svg\" width=\"12\" height=\"12\" fill=\"none\" viewBox=\"0 0 12 12\">\n\t\t\t\t<path fill=\"#fff\" d=\"M2 0a2 2 0 0 0-2 2v2h1.5V2a.5.5 0 0 1 .5-.5h2V0H2Zm2 10.5H2a.5.5 0 0 1-.5-.5V8H0v2a2 2 0 0 0 2 2h2v-1.5ZM8 12v-1.5h2a.5.5 0 0 0 .5-.5V8H12v2a2 2 0 0 1-2 2H8Zm2-12a2 2 0 0 1 2 2v2h-1.5V2a.5.5 0 0 0-.5-.5H8V0h2Z\" \/>\n\t\t\t<\/svg>\n\t\t<\/button><\/figure>\n<\/figure>\n","protected":false},"excerpt":{"rendered":"<p>V \u0159\u00edjnu se \u010de\u0161t\u00ed a \u0161pan\u011bl\u0161t\u00ed \u017e\u00e1ci \u00fa\u010dastnili spole\u010dn\u00e9 mobility v r\u00e1mci projektu Erasmus+, jej\u00edm\u017e hlavn\u00edm t\u00e9matem bylo hornictv\u00ed a vyu\u017eit\u00ed pohornick\u00fdch oblast\u00ed. Spole\u010dn\u00fdm komunikativn\u00edm jazykem byla angli\u010dtina i \u0161pan\u011bl\u0161tina a odborn\u00e1 spolupr\u00e1ce prob\u00edhala s&#46;&#46;&#46;<\/p>\n","protected":false},"author":9,"featured_media":5946,"comment_status":"closed","ping_status":"closed","sticky":false,"template":"","format":"standard","meta":{"footnotes":""},"categories":[43,33],"tags":[],"class_list":["post-5945","post","type-post","status-publish","format-standard","has-post-thumbnail","hentry","category-akreditace-a3","category-homepage"],"_links":{"self":[{"href":"https:\/\/www.gym-karvina.cz\/index.php?rest_route=\/wp\/v2\/posts\/5945","targetHints":{"allow":["GET"]}}],"collection":[{"href":"https:\/\/www.gym-karvina.cz\/index.php?rest_route=\/wp\/v2\/posts"}],"about":[{"href":"https:\/\/www.gym-karvina.cz\/index.php?rest_route=\/wp\/v2\/types\/post"}],"author":[{"embeddable":true,"href":"https:\/\/www.gym-karvina.cz\/index.php?rest_route=\/wp\/v2\/users\/9"}],"replies":[{"embeddable":true,"href":"https:\/\/www.gym-karvina.cz\/index.php?rest_route=%2Fwp%2Fv2%2Fcomments&post=5945"}],"version-history":[{"count":3,"href":"https:\/\/www.gym-karvina.cz\/index.php?rest_route=\/wp\/v2\/posts\/5945\/revisions"}],"predecessor-version":[{"id":5964,"href":"https:\/\/www.gym-karvina.cz\/index.php?rest_route=\/wp\/v2\/posts\/5945\/revisions\/5964"}],"wp:featuredmedia":[{"embeddable":true,"href":"https:\/\/www.gym-karvina.cz\/index.php?rest_route=\/wp\/v2\/media\/5946"}],"wp:attachment":[{"href":"https:\/\/www.gym-karvina.cz\/index.php?rest_route=%2Fwp%2Fv2%2Fmedia&parent=5945"}],"wp:term":[{"taxonomy":"category","embeddable":true,"href":"https:\/\/www.gym-karvina.cz\/index.php?rest_route=%2Fwp%2Fv2%2Fcategories&post=5945"},{"taxonomy":"post_tag","embeddable":true,"href":"https:\/\/www.gym-karvina.cz\/index.php?rest_route=%2Fwp%2Fv2%2Ftags&post=5945"}],"curies":[{"name":"wp","href":"https:\/\/api.w.org\/{rel}","templated":true}]}}