{"id":5979,"date":"2025-11-10T07:36:26","date_gmt":"2025-11-10T06:36:26","guid":{"rendered":"https:\/\/www.gym-karvina.cz\/?p=5979"},"modified":"2025-11-10T07:36:26","modified_gmt":"2025-11-10T06:36:26","slug":"cteni-ve-spacaku","status":"publish","type":"post","link":"https:\/\/www.gym-karvina.cz\/?p=5979","title":{"rendered":"\u010cten\u00ed ve spac\u00e1ku"},"content":{"rendered":"\n<p>Tradi\u010dn\u00ed akce s n\u00e1zvem <em>\u010cten\u00ed ve spac\u00e1ku<\/em> se konala 31. \u0159\u00edjna, a propojila se tak letos i s halloweenskou tematikou.&nbsp;<\/p>\n\n\n\n<p>Na\u0161i prim\u00e1nci se po setm\u011bn\u00ed zam\u00fd\u0161leli nad sv\u00fdmi obl\u00edben\u00fdmi p\u0159\u00edb\u011bhy a pak se i jeden takov\u00fd pokusili spole\u010dn\u00fdmi silami vytvo\u0159it, kdy\u017e se na okam\u017eik stali spisovateli.<\/p>\n\n\n\n<p>N\u00e1sledn\u011b se s baterkou vydali do temn\u00fdch kout\u016f na\u0161\u00ed \u0161koly a po cest\u011b zna\u010den\u00e9 svitem sv\u00ed\u010dek nach\u00e1zeli poh\u00e1dkov\u00e9 ot\u00e1zky. Kdy\u017e u\u017e se ch\u00fdlilo ke sp\u00e1nku, v\u0161em se navr\u00e1til jejich obl\u00edben\u00fd pol\u0161t\u00e1\u0159ek, kter\u00fd se p\u0159edt\u00edm z\u00fa\u010dastnil sout\u011b\u017ee o nejzaj\u00edmav\u011bj\u0161\u00ed pol\u0161t\u00e1\u0159. Stra\u0161idl\u00e1ckou atmosf\u00e9ru pomohla tak\u00e9 dokreslit poh\u00e1dka na dobrou noc <em>Hotel Transylv\u00e1nie<\/em>.<\/p>\n\n\n\n<p>Po rozb\u0159esku mohli b\u00fdt v\u0161ichni \u017e\u00e1ci za svou odvahu, tvo\u0159ivost a spolupr\u00e1ci pr\u00e1vem symbolicky pasov\u00e1ni plackou do role prim\u00e1nk\u016f na\u0161\u00ed \u0161koly.<\/p>\n\n\n\n<p class=\"has-text-align-center\"><a href=\"https:\/\/photos.app.goo.gl\/gmWd8DxREWpkaqtR7\" target=\"_blank\" rel=\"noreferrer noopener\">FOTOalbum<\/a> \u00a0<\/p>\n\n\n\n<p class=\"has-text-align-right\"><em>Mgr. Nikol Pag\u00e1\u010dov\u00e1<\/em><\/p>\n","protected":false},"excerpt":{"rendered":"<p>Tradi\u010dn\u00ed akce s n\u00e1zvem \u010cten\u00ed ve spac\u00e1ku se konala 31. \u0159\u00edjna, a propojila se tak letos i s halloweenskou tematikou.&nbsp; Na\u0161i prim\u00e1nci se po setm\u011bn\u00ed zam\u00fd\u0161leli nad sv\u00fdmi obl\u00edben\u00fdmi p\u0159\u00edb\u011bhy a pak se i jeden&#46;&#46;&#46;<\/p>\n","protected":false},"author":3,"featured_media":5980,"comment_status":"closed","ping_status":"closed","sticky":false,"template":"","format":"standard","meta":{"footnotes":""},"categories":[33],"tags":[],"class_list":["post-5979","post","type-post","status-publish","format-standard","has-post-thumbnail","hentry","category-homepage"],"_links":{"self":[{"href":"https:\/\/www.gym-karvina.cz\/index.php?rest_route=\/wp\/v2\/posts\/5979","targetHints":{"allow":["GET"]}}],"collection":[{"href":"https:\/\/www.gym-karvina.cz\/index.php?rest_route=\/wp\/v2\/posts"}],"about":[{"href":"https:\/\/www.gym-karvina.cz\/index.php?rest_route=\/wp\/v2\/types\/post"}],"author":[{"embeddable":true,"href":"https:\/\/www.gym-karvina.cz\/index.php?rest_route=\/wp\/v2\/users\/3"}],"replies":[{"embeddable":true,"href":"https:\/\/www.gym-karvina.cz\/index.php?rest_route=%2Fwp%2Fv2%2Fcomments&post=5979"}],"version-history":[{"count":1,"href":"https:\/\/www.gym-karvina.cz\/index.php?rest_route=\/wp\/v2\/posts\/5979\/revisions"}],"predecessor-version":[{"id":5981,"href":"https:\/\/www.gym-karvina.cz\/index.php?rest_route=\/wp\/v2\/posts\/5979\/revisions\/5981"}],"wp:featuredmedia":[{"embeddable":true,"href":"https:\/\/www.gym-karvina.cz\/index.php?rest_route=\/wp\/v2\/media\/5980"}],"wp:attachment":[{"href":"https:\/\/www.gym-karvina.cz\/index.php?rest_route=%2Fwp%2Fv2%2Fmedia&parent=5979"}],"wp:term":[{"taxonomy":"category","embeddable":true,"href":"https:\/\/www.gym-karvina.cz\/index.php?rest_route=%2Fwp%2Fv2%2Fcategories&post=5979"},{"taxonomy":"post_tag","embeddable":true,"href":"https:\/\/www.gym-karvina.cz\/index.php?rest_route=%2Fwp%2Fv2%2Ftags&post=5979"}],"curies":[{"name":"wp","href":"https:\/\/api.w.org\/{rel}","templated":true}]}}