{"id":5988,"date":"2025-11-10T21:07:45","date_gmt":"2025-11-10T20:07:45","guid":{"rendered":"https:\/\/www.gym-karvina.cz\/?p=5988"},"modified":"2025-11-10T21:07:46","modified_gmt":"2025-11-10T20:07:46","slug":"halloween-na-gymplu","status":"publish","type":"post","link":"https:\/\/www.gym-karvina.cz\/?p=5988","title":{"rendered":"Halloween na gymplu"},"content":{"rendered":"\n<p>I na\u0161e \u0161kola se posledn\u00ed \u0159\u00edjnov\u00fd den prom\u011bnila v halloweenskou p\u0159ehl\u00eddku kost\u00fdm\u016f. Chodby byly u\u017e od r\u00e1na pln\u00e9 nejr\u016fzn\u011bj\u0161\u00edch stra\u0161idel i poh\u00e1dkov\u00fdch postav. Na kreativn\u00ed \u017e\u00e1ky samoz\u0159ejm\u011b \u010dekala sladk\u00e1 odm\u011bna. Do halloweensk\u00fdch oslav se zapojili mal\u00ed i velc\u00ed, a spole\u010dn\u011b jsme si tak cel\u00fd p\u00e1te\u010dn\u00ed den zp\u0159\u00edjemnili. D\u011bkujeme rodil\u00e9mu mluv\u010d\u00edmu Mattovi. kter\u00fd se do akce tak\u00e9 aktivn\u011b zapojil.<\/p>\n\n\n\n<p class=\"has-text-align-right\">Za Vyslance Evropsk\u00e9ho parlamentu <em>Julie Brz\u00e1<\/em><\/p>\n\n\n\n<p class=\"has-text-align-center has-medium-font-size\"><strong><a href=\"https:\/\/photos.app.goo.gl\/VTbPFtHpzTEmTML38\">FOTOGALERIE<\/a><\/strong><\/p>\n","protected":false},"excerpt":{"rendered":"<p>I na\u0161e \u0161kola se posledn\u00ed \u0159\u00edjnov\u00fd den prom\u011bnila v halloweenskou p\u0159ehl\u00eddku kost\u00fdm\u016f. Chodby byly u\u017e od r\u00e1na pln\u00e9 nejr\u016fzn\u011bj\u0161\u00edch stra\u0161idel i poh\u00e1dkov\u00fdch postav. Na kreativn\u00ed \u017e\u00e1ky samoz\u0159ejm\u011b \u010dekala sladk\u00e1 odm\u011bna. Do halloweensk\u00fdch oslav se zapojili&#46;&#46;&#46;<\/p>\n","protected":false},"author":7,"featured_media":5989,"comment_status":"closed","ping_status":"closed","sticky":false,"template":"","format":"standard","meta":{"footnotes":""},"categories":[33,42],"tags":[],"class_list":["post-5988","post","type-post","status-publish","format-standard","has-post-thumbnail","hentry","category-homepage","category-skoly-vyslanci-ep"],"_links":{"self":[{"href":"https:\/\/www.gym-karvina.cz\/index.php?rest_route=\/wp\/v2\/posts\/5988","targetHints":{"allow":["GET"]}}],"collection":[{"href":"https:\/\/www.gym-karvina.cz\/index.php?rest_route=\/wp\/v2\/posts"}],"about":[{"href":"https:\/\/www.gym-karvina.cz\/index.php?rest_route=\/wp\/v2\/types\/post"}],"author":[{"embeddable":true,"href":"https:\/\/www.gym-karvina.cz\/index.php?rest_route=\/wp\/v2\/users\/7"}],"replies":[{"embeddable":true,"href":"https:\/\/www.gym-karvina.cz\/index.php?rest_route=%2Fwp%2Fv2%2Fcomments&post=5988"}],"version-history":[{"count":1,"href":"https:\/\/www.gym-karvina.cz\/index.php?rest_route=\/wp\/v2\/posts\/5988\/revisions"}],"predecessor-version":[{"id":5990,"href":"https:\/\/www.gym-karvina.cz\/index.php?rest_route=\/wp\/v2\/posts\/5988\/revisions\/5990"}],"wp:featuredmedia":[{"embeddable":true,"href":"https:\/\/www.gym-karvina.cz\/index.php?rest_route=\/wp\/v2\/media\/5989"}],"wp:attachment":[{"href":"https:\/\/www.gym-karvina.cz\/index.php?rest_route=%2Fwp%2Fv2%2Fmedia&parent=5988"}],"wp:term":[{"taxonomy":"category","embeddable":true,"href":"https:\/\/www.gym-karvina.cz\/index.php?rest_route=%2Fwp%2Fv2%2Fcategories&post=5988"},{"taxonomy":"post_tag","embeddable":true,"href":"https:\/\/www.gym-karvina.cz\/index.php?rest_route=%2Fwp%2Fv2%2Ftags&post=5988"}],"curies":[{"name":"wp","href":"https:\/\/api.w.org\/{rel}","templated":true}]}}