{"id":6013,"date":"2025-11-15T13:17:40","date_gmt":"2025-11-15T12:17:40","guid":{"rendered":"https:\/\/www.gym-karvina.cz\/?p=6013"},"modified":"2025-11-15T13:31:52","modified_gmt":"2025-11-15T12:31:52","slug":"ucteni-17-listopadu","status":"publish","type":"post","link":"https:\/\/www.gym-karvina.cz\/?p=6013","title":{"rendered":"Uct\u011bn\u00ed 17. listopadu"},"content":{"rendered":"\n<p>V p\u00e1tek 14. listopadu jsme si p\u0159ipomn\u011bli Den boje za svobodu a demokracii. Uspo\u0159\u00e1dali jsme studentsk\u00fd happening, kter\u00fd uctil jak samotn\u00fd 17. listopad, tak i v\u00fdznamn\u00e9 \u017eeny jako Miladu Hor\u00e1kovou a Martu Kubi\u0161ovou. P\u0159e\u010detli jsme posledn\u00ed dopis Milady Hor\u00e1kov\u00e9, zazp\u00edvali Modlitbu pro Martu a zacinkali kl\u00ed\u010di jako p\u0159ed 36 lety. Touto akc\u00ed jsme se zapojili do projektu Samet na \u0161kol\u00e1ch od organizace D\u00edky, \u017ee m\u016f\u017eem!<\/p>\n\n\n\n<p class=\"has-text-align-right\">Za Vyslance EP\u00a0<em>Tereza Albrechtov\u00e1<\/em>, <em>Julie Brz\u00e1<\/em><\/p>\n\n\n\n<p class=\"has-text-align-center\" style=\"font-size:23px\"><strong><a href=\"https:\/\/photos.app.goo.gl\/wiiNGt8L3bKfo3w89\">FOTOGALERIE<\/a><\/strong><\/p>\n\n\n<div class=\"wp-block-image is-style-rounded\">\n<figure class=\"aligncenter size-large\"><a href=\"https:\/\/photos.app.goo.gl\/wiiNGt8L3bKfo3w89\"><img loading=\"lazy\" decoding=\"async\" width=\"1024\" height=\"576\" src=\"https:\/\/www.gym-karvina.cz\/wp-content\/uploads\/2025\/11\/20251114_105646-1-1024x576.jpg\" alt=\"\" class=\"wp-image-6021\" srcset=\"https:\/\/www.gym-karvina.cz\/wp-content\/uploads\/2025\/11\/20251114_105646-1-1024x576.jpg 1024w, https:\/\/www.gym-karvina.cz\/wp-content\/uploads\/2025\/11\/20251114_105646-1-300x169.jpg 300w, https:\/\/www.gym-karvina.cz\/wp-content\/uploads\/2025\/11\/20251114_105646-1-768x432.jpg 768w, https:\/\/www.gym-karvina.cz\/wp-content\/uploads\/2025\/11\/20251114_105646-1-1536x864.jpg 1536w, https:\/\/www.gym-karvina.cz\/wp-content\/uploads\/2025\/11\/20251114_105646-1-2048x1152.jpg 2048w, https:\/\/www.gym-karvina.cz\/wp-content\/uploads\/2025\/11\/20251114_105646-1-24x14.jpg 24w, https:\/\/www.gym-karvina.cz\/wp-content\/uploads\/2025\/11\/20251114_105646-1-36x20.jpg 36w, https:\/\/www.gym-karvina.cz\/wp-content\/uploads\/2025\/11\/20251114_105646-1-48x27.jpg 48w\" sizes=\"auto, (max-width: 1024px) 100vw, 1024px\" \/><\/a><\/figure>\n<\/div>","protected":false},"excerpt":{"rendered":"<p>V p\u00e1tek 14. listopadu jsme si p\u0159ipomn\u011bli Den boje za svobodu a demokracii. Uspo\u0159\u00e1dali jsme studentsk\u00fd happening, kter\u00fd uctil jak samotn\u00fd 17. listopad, tak i v\u00fdznamn\u00e9 \u017eeny jako Miladu Hor\u00e1kovou a Martu Kubi\u0161ovou. P\u0159e\u010detli jsme&#46;&#46;&#46;<\/p>\n","protected":false},"author":7,"featured_media":6014,"comment_status":"closed","ping_status":"closed","sticky":false,"template":"","format":"standard","meta":{"footnotes":""},"categories":[33,42],"tags":[],"class_list":["post-6013","post","type-post","status-publish","format-standard","has-post-thumbnail","hentry","category-homepage","category-skoly-vyslanci-ep"],"_links":{"self":[{"href":"https:\/\/www.gym-karvina.cz\/index.php?rest_route=\/wp\/v2\/posts\/6013","targetHints":{"allow":["GET"]}}],"collection":[{"href":"https:\/\/www.gym-karvina.cz\/index.php?rest_route=\/wp\/v2\/posts"}],"about":[{"href":"https:\/\/www.gym-karvina.cz\/index.php?rest_route=\/wp\/v2\/types\/post"}],"author":[{"embeddable":true,"href":"https:\/\/www.gym-karvina.cz\/index.php?rest_route=\/wp\/v2\/users\/7"}],"replies":[{"embeddable":true,"href":"https:\/\/www.gym-karvina.cz\/index.php?rest_route=%2Fwp%2Fv2%2Fcomments&post=6013"}],"version-history":[{"count":9,"href":"https:\/\/www.gym-karvina.cz\/index.php?rest_route=\/wp\/v2\/posts\/6013\/revisions"}],"predecessor-version":[{"id":6028,"href":"https:\/\/www.gym-karvina.cz\/index.php?rest_route=\/wp\/v2\/posts\/6013\/revisions\/6028"}],"wp:featuredmedia":[{"embeddable":true,"href":"https:\/\/www.gym-karvina.cz\/index.php?rest_route=\/wp\/v2\/media\/6014"}],"wp:attachment":[{"href":"https:\/\/www.gym-karvina.cz\/index.php?rest_route=%2Fwp%2Fv2%2Fmedia&parent=6013"}],"wp:term":[{"taxonomy":"category","embeddable":true,"href":"https:\/\/www.gym-karvina.cz\/index.php?rest_route=%2Fwp%2Fv2%2Fcategories&post=6013"},{"taxonomy":"post_tag","embeddable":true,"href":"https:\/\/www.gym-karvina.cz\/index.php?rest_route=%2Fwp%2Fv2%2Ftags&post=6013"}],"curies":[{"name":"wp","href":"https:\/\/api.w.org\/{rel}","templated":true}]}}