{"id":6029,"date":"2025-11-16T10:59:06","date_gmt":"2025-11-16T09:59:06","guid":{"rendered":"https:\/\/www.gym-karvina.cz\/?p=6029"},"modified":"2025-11-19T05:12:50","modified_gmt":"2025-11-19T04:12:50","slug":"den-valecnych-veteranu","status":"publish","type":"post","link":"https:\/\/www.gym-karvina.cz\/?p=6029","title":{"rendered":"Den v\u00e1le\u010dn\u00fdch veter\u00e1n\u016f"},"content":{"rendered":"\n<p>Den v\u00e1le\u010dn\u00fdch veter\u00e1n\u016f, kter\u00fd se slav\u00ed 11. listopadu po cel\u00e9m sv\u011bt\u011b, je p\u0159ipom\u00ednkou ukon\u010den\u00ed prvn\u00ed sv\u011btov\u00e9 v\u00e1lky a tak\u00e9 poctou v\u0161em padl\u00fdm voj\u00e1k\u016fm.<\/p>\n\n\n\n<p>\u017d\u00e1ci na\u0161\u00ed \u0161koly se pod z\u00e1\u0161titou organizace Pam\u011b\u0165 n\u00e1roda i letos zapojili do ka\u017edoro\u010dn\u00ed sb\u00edrky a p\u0159ipomn\u011bli si tak tento den. Sb\u00edrku mohli dobrovoln\u011b podpo\u0159it velc\u00ed i mal\u00ed, a to koup\u00ed p\u0159ip\u00edn\u00e1\u010dku vl\u010d\u00edho m\u00e1ku. Sb\u00edrka zaznamenala neo\u010dek\u00e1van\u011b velk\u00fd \u00fasp\u011bch nejen mezi u\u010diteli, ale i mezi \u017e\u00e1ky na\u0161eho gymn\u00e1zia.<\/p>\n\n\n\n<p>Z\u00e1\u017eitky \u017e\u00e1ky\u0148 primy Am\u00e9lie Linhartov\u00e9 a Ella Patkanov\u00e9:\u00a0<\/p>\n\n\n\n<blockquote class=\"wp-block-quote is-layout-flow wp-block-quote-is-layout-flow\">\n<p>Sb\u00edrka se n\u00e1m moc povedla. \u017d\u00e1ci, u\u010ditel\u00e9 i ostatn\u00ed n\u00e1s podpo\u0159ili a p\u0159isp\u011bli. Ze za\u010d\u00e1tku jsme byli dost nerv\u00f3zn\u00ed, proto\u017ee jsme chodili do v\u0161ech t\u0159\u00edd, ale potom u\u017e jsme se neb\u00e1li a bylo to v pohod\u011b. Tento projekt n\u00e1s moc bavil.\u00a0\u00a0<br>\u00a0\u00a0<\/p>\n<\/blockquote>\n\n\n\n<p>Proto srde\u010dn\u011b d\u011bkujeme za podporu p\u0159i p\u0159ipom\u00ednce tohoto dne.<\/p>\n\n\n\n<p class=\"has-text-align-right\"><em>Kate\u0159ina Opolkov\u00e1, Gabriela Hoffmannov\u00e1, Am\u00e9lie Linhartov\u00e1, Ella Patkanov\u00e1<\/em><\/p>\n\n\n\n<p class=\"has-text-align-center has-medium-font-size\"><strong><a href=\"https:\/\/photos.google.com\/share\/AF1QipOENH56byjRCnJv7HRUe6pSy_ABzLtsVVyVikTGESJKi9J3sH1EuHB1AhBmM2p2zg?key=Q0tCbjBqVDRQR3R1RFdaNWdESXBIb0ZXNVFCWTR3\" data-type=\"link\" data-id=\"https:\/\/photos.google.com\/share\/AF1QipOENH56byjRCnJv7HRUe6pSy_ABzLtsVVyVikTGESJKi9J3sH1EuHB1AhBmM2p2zg?key=Q0tCbjBqVDRQR3R1RFdaNWdESXBIb0ZXNVFCWTR3\" target=\"_blank\" rel=\"noreferrer noopener\">Fotogalerie<\/a><\/strong><\/p>\n\n\n<div class=\"wp-block-image is-style-rounded\">\n<figure class=\"aligncenter size-large is-resized\"><a href=\"https:\/\/www.gym-karvina.cz\/wp-content\/uploads\/2025\/11\/DVV_h1200.jpeg\"><img loading=\"lazy\" decoding=\"async\" width=\"768\" height=\"1024\" src=\"https:\/\/www.gym-karvina.cz\/wp-content\/uploads\/2025\/11\/DVV_h1200-768x1024.jpeg\" alt=\"\" class=\"wp-image-6030\" style=\"width:535px;height:auto\" srcset=\"https:\/\/www.gym-karvina.cz\/wp-content\/uploads\/2025\/11\/DVV_h1200-768x1024.jpeg 768w, https:\/\/www.gym-karvina.cz\/wp-content\/uploads\/2025\/11\/DVV_h1200-225x300.jpeg 225w, https:\/\/www.gym-karvina.cz\/wp-content\/uploads\/2025\/11\/DVV_h1200-18x24.jpeg 18w, https:\/\/www.gym-karvina.cz\/wp-content\/uploads\/2025\/11\/DVV_h1200-27x36.jpeg 27w, https:\/\/www.gym-karvina.cz\/wp-content\/uploads\/2025\/11\/DVV_h1200-36x48.jpeg 36w, https:\/\/www.gym-karvina.cz\/wp-content\/uploads\/2025\/11\/DVV_h1200.jpeg 900w\" sizes=\"auto, (max-width: 768px) 100vw, 768px\" \/><\/a><\/figure>\n<\/div>","protected":false},"excerpt":{"rendered":"<p>Den v\u00e1le\u010dn\u00fdch veter\u00e1n\u016f, kter\u00fd se slav\u00ed 11. listopadu po cel\u00e9m sv\u011bt\u011b, je p\u0159ipom\u00ednkou ukon\u010den\u00ed prvn\u00ed sv\u011btov\u00e9 v\u00e1lky a tak\u00e9 poctou v\u0161em padl\u00fdm voj\u00e1k\u016fm. \u017d\u00e1ci na\u0161\u00ed \u0161koly se pod z\u00e1\u0161titou organizace Pam\u011b\u0165 n\u00e1roda i letos zapojili&#46;&#46;&#46;<\/p>\n","protected":false},"author":8,"featured_media":6031,"comment_status":"closed","ping_status":"closed","sticky":false,"template":"","format":"standard","meta":{"footnotes":""},"categories":[33,42],"tags":[],"class_list":["post-6029","post","type-post","status-publish","format-standard","has-post-thumbnail","hentry","category-homepage","category-skoly-vyslanci-ep"],"_links":{"self":[{"href":"https:\/\/www.gym-karvina.cz\/index.php?rest_route=\/wp\/v2\/posts\/6029","targetHints":{"allow":["GET"]}}],"collection":[{"href":"https:\/\/www.gym-karvina.cz\/index.php?rest_route=\/wp\/v2\/posts"}],"about":[{"href":"https:\/\/www.gym-karvina.cz\/index.php?rest_route=\/wp\/v2\/types\/post"}],"author":[{"embeddable":true,"href":"https:\/\/www.gym-karvina.cz\/index.php?rest_route=\/wp\/v2\/users\/8"}],"replies":[{"embeddable":true,"href":"https:\/\/www.gym-karvina.cz\/index.php?rest_route=%2Fwp%2Fv2%2Fcomments&post=6029"}],"version-history":[{"count":4,"href":"https:\/\/www.gym-karvina.cz\/index.php?rest_route=\/wp\/v2\/posts\/6029\/revisions"}],"predecessor-version":[{"id":6043,"href":"https:\/\/www.gym-karvina.cz\/index.php?rest_route=\/wp\/v2\/posts\/6029\/revisions\/6043"}],"wp:featuredmedia":[{"embeddable":true,"href":"https:\/\/www.gym-karvina.cz\/index.php?rest_route=\/wp\/v2\/media\/6031"}],"wp:attachment":[{"href":"https:\/\/www.gym-karvina.cz\/index.php?rest_route=%2Fwp%2Fv2%2Fmedia&parent=6029"}],"wp:term":[{"taxonomy":"category","embeddable":true,"href":"https:\/\/www.gym-karvina.cz\/index.php?rest_route=%2Fwp%2Fv2%2Fcategories&post=6029"},{"taxonomy":"post_tag","embeddable":true,"href":"https:\/\/www.gym-karvina.cz\/index.php?rest_route=%2Fwp%2Fv2%2Ftags&post=6029"}],"curies":[{"name":"wp","href":"https:\/\/api.w.org\/{rel}","templated":true}]}}