{"id":6061,"date":"2025-11-21T19:43:17","date_gmt":"2025-11-21T18:43:17","guid":{"rendered":"https:\/\/www.gym-karvina.cz\/?p=6061"},"modified":"2025-11-21T19:47:14","modified_gmt":"2025-11-21T18:47:14","slug":"pribehy-bezpravi-2025","status":"publish","type":"post","link":"https:\/\/www.gym-karvina.cz\/?p=6061","title":{"rendered":"P\u0159\u00edb\u011bhy bezpr\u00e1v\u00ed 2025"},"content":{"rendered":"\n<p>I v tomto roce jsme na na\u0161\u00ed \u0161kole uspo\u0159\u00e1dali P\u0159\u00edb\u011bhy bezpr\u00e1v\u00ed. Leto\u0161n\u00ed 21. ro\u010dn\u00edk byl v\u011bnov\u00e1n \u017eensk\u00e9mu vzdoru v\u016f\u010di komunistick\u00e9mu re\u017eimu \u2013 odvaze a nezdolnosti \u017een, kter\u00e9 \u010delily bezpr\u00e1v\u00ed, v\u011bzn\u011bn\u00ed a \u00fatlaku, a p\u0159esto z\u016fstaly v\u011brn\u00e9 sv\u00fdm hodnot\u00e1m.&nbsp;Symbolem tohoto odhodl\u00e1n\u00ed je Milada Hor\u00e1kov\u00e1, od jej\u00ed\u017e justi\u010dn\u00ed vra\u017edy letos uplynulo 75 let. (<a href=\"https:\/\/www.jsns.cz\/projekty\/pribehy-bezpravi\/mesic-pribehu-bezpravi\" target=\"_blank\" rel=\"noreferrer noopener\">zdroj<\/a>)<\/p>\n\n\n\n<p>Jako hosta jsme p\u0159iv\u00edtali pan\u00ed Ji\u0159inu Pavl\u00edkovou. Ta v obdob\u00ed sametov\u00e9 revoluce p\u016fsobila jako \u010dlenka ostravsk\u00e9ho Ob\u010dansk\u00e9ho f\u00f3ra. Aktivn\u011b se pod\u00edlela na ob\u010dansk\u00e9m d\u011bn\u00ed a po roce 1989 se zapojila do obnovy politick\u00e9ho \u017eivota, co\u017e ji p\u0159ivedlo a\u017e do funkce poslankyn\u011b \u010cesk\u00e9 n\u00e1rodn\u00ed rady. V roce 1992 byla poslankyn\u00ed Parlamentu \u010cSFR a pot\u00e9 v letech 1993\u20131996 Parlamentu \u010cR.<\/p>\n\n\n\n<p>Prom\u00edtli jsme si tak\u00e9 film \u00dasm\u011bvy Dany N\u011bmcov\u00e9. Tento dokument\u00e1rn\u00ed portr\u00e9t p\u0159ibli\u017euje \u017eivot v\u00fdjime\u010dn\u00e9 \u017eeny Dany N\u011bmcov\u00e9, jedn\u00e9 z nejv\u00fdrazn\u011bj\u0161\u00edch postav \u010desk\u00e9ho disentu. Film sleduje jej\u00ed zlomov\u00e1 studentsk\u00e1 l\u00e9ta, mate\u0159stv\u00ed a p\u00e9\u010di o sedm d\u011bt\u00ed, aktivity v Chart\u011b 77, kr\u00e1tk\u00e9 anga\u017em\u00e1 v politice po roce 1989 a zalo\u017een\u00ed Poradny pro uprchl\u00edky z b\u00fdval\u00e9 Jugosl\u00e1vie.<\/p>\n\n\n\n<p class=\"has-text-align-right\"><em>Martin Brz\u00f3ska, Julie Jankov\u00e1<\/em><\/p>\n\n\n\n<p class=\"has-text-align-center\" style=\"font-size:21px\">Za z\u00e1\u017eitku jedn\u00e9 z \u00fa\u010dastnic:<\/p>\n\n\n\n<p>Sametov\u00e1 revoluce a jej\u00ed okolnosti je podle m\u011b naprosto nevy\u010derpateln\u00e9 t\u00e9ma. Poslouchat pan\u00ed doktorku Pavl\u00edkovou bylo velmi p\u0159\u00edjemn\u00e9 a obohacuj\u00edc\u00ed, a\u0165 u\u017e mluvila o sv\u00e9m \u017eivot\u011b, \u010di o detailech, kter\u00e9 s sebou nesl boj za svobodu.<\/p>\n\n\n\n<p>Mysl\u00edm, \u017ee je obzvl\u00e1\u0161t\u011b d\u016fle\u017eit\u00e9 vyslechnout si \u010dlov\u011bka, kter\u00fd pro\u017eil tu velkou ud\u00e1lost a z\u00e1rove\u0148 i strasti, je\u017e j\u00ed p\u0159edch\u00e1zely, jeliko\u017e rodi\u010de v\u011bt\u0161iny student\u016f na na\u0161em gymn\u00e1ziu se narodili p\u0159\u00edli\u0161 pozd\u011b na to, aby spolehliv\u011b popsali, jak to vlastn\u011b cel\u00e9 bylo. Vypr\u00e1v\u011bn\u00ed pan\u00ed doktorky samoz\u0159ejm\u011b ozvl\u00e1\u0161tnila i jej\u00ed d\u0159\u00edv\u011bj\u0161\u00ed funkce poslankyn\u011b Parlamentu, kterou vykon\u00e1vala v devades\u00e1t\u00fdch letech. \u010clov\u011bk nepotk\u00e1v\u00e1 denn\u011b lidi, kte\u0159\u00ed se osobn\u011b setkali s V\u00e1clavem Havlem.<\/p>\n\n\n\n<p>Besedu pan\u00ed doktorka zakon\u010dila siln\u00fdm poselstv\u00edm o tom, \u017ee se nesm\u00edme nechat oklamat, nedat se a z\u016fstat sami sebou.<\/p>\n\n\n\n<p>Moc d\u011bkuji za uspo\u0159\u00e1d\u00e1n\u00ed takov\u00e9 ud\u00e1losti na oslavu bl\u00ed\u017e\u00edc\u00edho se 17. listopadu.<\/p>\n\n\n\n<p class=\"has-text-align-right\"><em>Kate\u0159ina \u0160ebestov\u00e1<\/em><\/p>\n\n\n\n<figure class=\"wp-block-gallery has-nested-images columns-default is-cropped wp-block-gallery-1 is-layout-flex wp-block-gallery-is-layout-flex\">\n<figure data-wp-context=\"{&quot;imageId&quot;:&quot;69ec7313e9eae&quot;}\" data-wp-interactive=\"core\/image\" data-wp-key=\"69ec7313e9eae\" class=\"wp-block-image size-large is-style-default wp-lightbox-container\"><img loading=\"lazy\" decoding=\"async\" width=\"576\" height=\"1024\" data-wp-class--hide=\"state.isContentHidden\" data-wp-class--show=\"state.isContentVisible\" data-wp-init=\"callbacks.setButtonStyles\" data-wp-on--click=\"actions.showLightbox\" data-wp-on--load=\"callbacks.setButtonStyles\" data-wp-on-window--resize=\"callbacks.setButtonStyles\" data-id=\"6062\" src=\"https:\/\/www.gym-karvina.cz\/wp-content\/uploads\/2025\/11\/20251113_145550-576x1024.jpg\" alt=\"\" class=\"wp-image-6062\" srcset=\"https:\/\/www.gym-karvina.cz\/wp-content\/uploads\/2025\/11\/20251113_145550-576x1024.jpg 576w, https:\/\/www.gym-karvina.cz\/wp-content\/uploads\/2025\/11\/20251113_145550-169x300.jpg 169w, https:\/\/www.gym-karvina.cz\/wp-content\/uploads\/2025\/11\/20251113_145550-768x1365.jpg 768w, https:\/\/www.gym-karvina.cz\/wp-content\/uploads\/2025\/11\/20251113_145550-864x1536.jpg 864w, https:\/\/www.gym-karvina.cz\/wp-content\/uploads\/2025\/11\/20251113_145550-1152x2048.jpg 1152w, https:\/\/www.gym-karvina.cz\/wp-content\/uploads\/2025\/11\/20251113_145550-14x24.jpg 14w, https:\/\/www.gym-karvina.cz\/wp-content\/uploads\/2025\/11\/20251113_145550-20x36.jpg 20w, https:\/\/www.gym-karvina.cz\/wp-content\/uploads\/2025\/11\/20251113_145550-27x48.jpg 27w, https:\/\/www.gym-karvina.cz\/wp-content\/uploads\/2025\/11\/20251113_145550-scaled.jpg 1440w\" sizes=\"auto, (max-width: 576px) 100vw, 576px\" \/><button\n\t\t\tclass=\"lightbox-trigger\"\n\t\t\ttype=\"button\"\n\t\t\taria-haspopup=\"dialog\"\n\t\t\taria-label=\"Zv\u011bt\u0161it\"\n\t\t\tdata-wp-init=\"callbacks.initTriggerButton\"\n\t\t\tdata-wp-on--click=\"actions.showLightbox\"\n\t\t\tdata-wp-style--right=\"state.imageButtonRight\"\n\t\t\tdata-wp-style--top=\"state.imageButtonTop\"\n\t\t>\n\t\t\t<svg xmlns=\"http:\/\/www.w3.org\/2000\/svg\" width=\"12\" height=\"12\" fill=\"none\" viewBox=\"0 0 12 12\">\n\t\t\t\t<path fill=\"#fff\" d=\"M2 0a2 2 0 0 0-2 2v2h1.5V2a.5.5 0 0 1 .5-.5h2V0H2Zm2 10.5H2a.5.5 0 0 1-.5-.5V8H0v2a2 2 0 0 0 2 2h2v-1.5ZM8 12v-1.5h2a.5.5 0 0 0 .5-.5V8H12v2a2 2 0 0 1-2 2H8Zm2-12a2 2 0 0 1 2 2v2h-1.5V2a.5.5 0 0 0-.5-.5H8V0h2Z\" \/>\n\t\t\t<\/svg>\n\t\t<\/button><\/figure>\n\n\n\n<figure data-wp-context=\"{&quot;imageId&quot;:&quot;69ec7313ea35a&quot;}\" data-wp-interactive=\"core\/image\" data-wp-key=\"69ec7313ea35a\" class=\"wp-block-image size-large is-style-default wp-lightbox-container\"><img loading=\"lazy\" decoding=\"async\" width=\"768\" height=\"1024\" data-wp-class--hide=\"state.isContentHidden\" data-wp-class--show=\"state.isContentVisible\" data-wp-init=\"callbacks.setButtonStyles\" data-wp-on--click=\"actions.showLightbox\" data-wp-on--load=\"callbacks.setButtonStyles\" data-wp-on-window--resize=\"callbacks.setButtonStyles\" data-id=\"6064\" src=\"https:\/\/www.gym-karvina.cz\/wp-content\/uploads\/2025\/11\/1000042670-768x1024.jpg\" alt=\"\" class=\"wp-image-6064\" srcset=\"https:\/\/www.gym-karvina.cz\/wp-content\/uploads\/2025\/11\/1000042670-768x1024.jpg 768w, https:\/\/www.gym-karvina.cz\/wp-content\/uploads\/2025\/11\/1000042670-225x300.jpg 225w, https:\/\/www.gym-karvina.cz\/wp-content\/uploads\/2025\/11\/1000042670-1152x1536.jpg 1152w, https:\/\/www.gym-karvina.cz\/wp-content\/uploads\/2025\/11\/1000042670-1536x2048.jpg 1536w, https:\/\/www.gym-karvina.cz\/wp-content\/uploads\/2025\/11\/1000042670-18x24.jpg 18w, https:\/\/www.gym-karvina.cz\/wp-content\/uploads\/2025\/11\/1000042670-27x36.jpg 27w, https:\/\/www.gym-karvina.cz\/wp-content\/uploads\/2025\/11\/1000042670-36x48.jpg 36w, https:\/\/www.gym-karvina.cz\/wp-content\/uploads\/2025\/11\/1000042670-scaled.jpg 1920w\" sizes=\"auto, (max-width: 768px) 100vw, 768px\" \/><button\n\t\t\tclass=\"lightbox-trigger\"\n\t\t\ttype=\"button\"\n\t\t\taria-haspopup=\"dialog\"\n\t\t\taria-label=\"Zv\u011bt\u0161it\"\n\t\t\tdata-wp-init=\"callbacks.initTriggerButton\"\n\t\t\tdata-wp-on--click=\"actions.showLightbox\"\n\t\t\tdata-wp-style--right=\"state.imageButtonRight\"\n\t\t\tdata-wp-style--top=\"state.imageButtonTop\"\n\t\t>\n\t\t\t<svg xmlns=\"http:\/\/www.w3.org\/2000\/svg\" width=\"12\" height=\"12\" fill=\"none\" viewBox=\"0 0 12 12\">\n\t\t\t\t<path fill=\"#fff\" d=\"M2 0a2 2 0 0 0-2 2v2h1.5V2a.5.5 0 0 1 .5-.5h2V0H2Zm2 10.5H2a.5.5 0 0 1-.5-.5V8H0v2a2 2 0 0 0 2 2h2v-1.5ZM8 12v-1.5h2a.5.5 0 0 0 .5-.5V8H12v2a2 2 0 0 1-2 2H8Zm2-12a2 2 0 0 1 2 2v2h-1.5V2a.5.5 0 0 0-.5-.5H8V0h2Z\" \/>\n\t\t\t<\/svg>\n\t\t<\/button><\/figure>\n\n\n\n<figure data-wp-context=\"{&quot;imageId&quot;:&quot;69ec7313ea703&quot;}\" data-wp-interactive=\"core\/image\" data-wp-key=\"69ec7313ea703\" class=\"wp-block-image size-large is-style-default wp-lightbox-container\"><img loading=\"lazy\" decoding=\"async\" width=\"768\" height=\"1024\" data-wp-class--hide=\"state.isContentHidden\" data-wp-class--show=\"state.isContentVisible\" data-wp-init=\"callbacks.setButtonStyles\" data-wp-on--click=\"actions.showLightbox\" data-wp-on--load=\"callbacks.setButtonStyles\" data-wp-on-window--resize=\"callbacks.setButtonStyles\" data-id=\"6063\" src=\"https:\/\/www.gym-karvina.cz\/wp-content\/uploads\/2025\/11\/1000042662-768x1024.jpg\" alt=\"\" class=\"wp-image-6063\" srcset=\"https:\/\/www.gym-karvina.cz\/wp-content\/uploads\/2025\/11\/1000042662-768x1024.jpg 768w, https:\/\/www.gym-karvina.cz\/wp-content\/uploads\/2025\/11\/1000042662-225x300.jpg 225w, https:\/\/www.gym-karvina.cz\/wp-content\/uploads\/2025\/11\/1000042662-1152x1536.jpg 1152w, https:\/\/www.gym-karvina.cz\/wp-content\/uploads\/2025\/11\/1000042662-1536x2048.jpg 1536w, https:\/\/www.gym-karvina.cz\/wp-content\/uploads\/2025\/11\/1000042662-18x24.jpg 18w, https:\/\/www.gym-karvina.cz\/wp-content\/uploads\/2025\/11\/1000042662-27x36.jpg 27w, https:\/\/www.gym-karvina.cz\/wp-content\/uploads\/2025\/11\/1000042662-36x48.jpg 36w, https:\/\/www.gym-karvina.cz\/wp-content\/uploads\/2025\/11\/1000042662-scaled.jpg 1920w\" sizes=\"auto, (max-width: 768px) 100vw, 768px\" \/><button\n\t\t\tclass=\"lightbox-trigger\"\n\t\t\ttype=\"button\"\n\t\t\taria-haspopup=\"dialog\"\n\t\t\taria-label=\"Zv\u011bt\u0161it\"\n\t\t\tdata-wp-init=\"callbacks.initTriggerButton\"\n\t\t\tdata-wp-on--click=\"actions.showLightbox\"\n\t\t\tdata-wp-style--right=\"state.imageButtonRight\"\n\t\t\tdata-wp-style--top=\"state.imageButtonTop\"\n\t\t>\n\t\t\t<svg xmlns=\"http:\/\/www.w3.org\/2000\/svg\" width=\"12\" height=\"12\" fill=\"none\" viewBox=\"0 0 12 12\">\n\t\t\t\t<path fill=\"#fff\" d=\"M2 0a2 2 0 0 0-2 2v2h1.5V2a.5.5 0 0 1 .5-.5h2V0H2Zm2 10.5H2a.5.5 0 0 1-.5-.5V8H0v2a2 2 0 0 0 2 2h2v-1.5ZM8 12v-1.5h2a.5.5 0 0 0 .5-.5V8H12v2a2 2 0 0 1-2 2H8Zm2-12a2 2 0 0 1 2 2v2h-1.5V2a.5.5 0 0 0-.5-.5H8V0h2Z\" \/>\n\t\t\t<\/svg>\n\t\t<\/button><\/figure>\n<\/figure>\n\n\n\n<p><\/p>\n\n\n<div class=\"wp-block-image is-style-default\">\n<figure data-wp-context=\"{&quot;imageId&quot;:&quot;69ec7313eac24&quot;}\" data-wp-interactive=\"core\/image\" data-wp-key=\"69ec7313eac24\" class=\"aligncenter size-large wp-lightbox-container\"><img loading=\"lazy\" decoding=\"async\" width=\"1024\" height=\"576\" data-wp-class--hide=\"state.isContentHidden\" data-wp-class--show=\"state.isContentVisible\" data-wp-init=\"callbacks.setButtonStyles\" data-wp-on--click=\"actions.showLightbox\" data-wp-on--load=\"callbacks.setButtonStyles\" data-wp-on-window--resize=\"callbacks.setButtonStyles\" src=\"https:\/\/www.gym-karvina.cz\/wp-content\/uploads\/2025\/11\/20251113_142102-1-1024x576.jpg\" alt=\"\" class=\"wp-image-6066\" srcset=\"https:\/\/www.gym-karvina.cz\/wp-content\/uploads\/2025\/11\/20251113_142102-1-1024x576.jpg 1024w, https:\/\/www.gym-karvina.cz\/wp-content\/uploads\/2025\/11\/20251113_142102-1-300x169.jpg 300w, https:\/\/www.gym-karvina.cz\/wp-content\/uploads\/2025\/11\/20251113_142102-1-768x432.jpg 768w, https:\/\/www.gym-karvina.cz\/wp-content\/uploads\/2025\/11\/20251113_142102-1-1536x864.jpg 1536w, https:\/\/www.gym-karvina.cz\/wp-content\/uploads\/2025\/11\/20251113_142102-1-2048x1152.jpg 2048w, https:\/\/www.gym-karvina.cz\/wp-content\/uploads\/2025\/11\/20251113_142102-1-24x14.jpg 24w, https:\/\/www.gym-karvina.cz\/wp-content\/uploads\/2025\/11\/20251113_142102-1-36x20.jpg 36w, https:\/\/www.gym-karvina.cz\/wp-content\/uploads\/2025\/11\/20251113_142102-1-48x27.jpg 48w\" sizes=\"auto, (max-width: 1024px) 100vw, 1024px\" \/><button\n\t\t\tclass=\"lightbox-trigger\"\n\t\t\ttype=\"button\"\n\t\t\taria-haspopup=\"dialog\"\n\t\t\taria-label=\"Zv\u011bt\u0161it\"\n\t\t\tdata-wp-init=\"callbacks.initTriggerButton\"\n\t\t\tdata-wp-on--click=\"actions.showLightbox\"\n\t\t\tdata-wp-style--right=\"state.imageButtonRight\"\n\t\t\tdata-wp-style--top=\"state.imageButtonTop\"\n\t\t>\n\t\t\t<svg xmlns=\"http:\/\/www.w3.org\/2000\/svg\" width=\"12\" height=\"12\" fill=\"none\" viewBox=\"0 0 12 12\">\n\t\t\t\t<path fill=\"#fff\" d=\"M2 0a2 2 0 0 0-2 2v2h1.5V2a.5.5 0 0 1 .5-.5h2V0H2Zm2 10.5H2a.5.5 0 0 1-.5-.5V8H0v2a2 2 0 0 0 2 2h2v-1.5ZM8 12v-1.5h2a.5.5 0 0 0 .5-.5V8H12v2a2 2 0 0 1-2 2H8Zm2-12a2 2 0 0 1 2 2v2h-1.5V2a.5.5 0 0 0-.5-.5H8V0h2Z\" \/>\n\t\t\t<\/svg>\n\t\t<\/button><\/figure>\n<\/div>","protected":false},"excerpt":{"rendered":"<p>I v tomto roce jsme na na\u0161\u00ed \u0161kole uspo\u0159\u00e1dali P\u0159\u00edb\u011bhy bezpr\u00e1v\u00ed. Leto\u0161n\u00ed 21. ro\u010dn\u00edk byl v\u011bnov\u00e1n \u017eensk\u00e9mu vzdoru v\u016f\u010di komunistick\u00e9mu re\u017eimu \u2013 odvaze a nezdolnosti \u017een, kter\u00e9 \u010delily bezpr\u00e1v\u00ed, v\u011bzn\u011bn\u00ed a \u00fatlaku, a p\u0159esto z\u016fstaly&#46;&#46;&#46;<\/p>\n","protected":false},"author":7,"featured_media":6067,"comment_status":"closed","ping_status":"closed","sticky":false,"template":"","format":"standard","meta":{"footnotes":""},"categories":[33],"tags":[],"class_list":["post-6061","post","type-post","status-publish","format-standard","has-post-thumbnail","hentry","category-homepage"],"_links":{"self":[{"href":"https:\/\/www.gym-karvina.cz\/index.php?rest_route=\/wp\/v2\/posts\/6061","targetHints":{"allow":["GET"]}}],"collection":[{"href":"https:\/\/www.gym-karvina.cz\/index.php?rest_route=\/wp\/v2\/posts"}],"about":[{"href":"https:\/\/www.gym-karvina.cz\/index.php?rest_route=\/wp\/v2\/types\/post"}],"author":[{"embeddable":true,"href":"https:\/\/www.gym-karvina.cz\/index.php?rest_route=\/wp\/v2\/users\/7"}],"replies":[{"embeddable":true,"href":"https:\/\/www.gym-karvina.cz\/index.php?rest_route=%2Fwp%2Fv2%2Fcomments&post=6061"}],"version-history":[{"count":4,"href":"https:\/\/www.gym-karvina.cz\/index.php?rest_route=\/wp\/v2\/posts\/6061\/revisions"}],"predecessor-version":[{"id":6072,"href":"https:\/\/www.gym-karvina.cz\/index.php?rest_route=\/wp\/v2\/posts\/6061\/revisions\/6072"}],"wp:featuredmedia":[{"embeddable":true,"href":"https:\/\/www.gym-karvina.cz\/index.php?rest_route=\/wp\/v2\/media\/6067"}],"wp:attachment":[{"href":"https:\/\/www.gym-karvina.cz\/index.php?rest_route=%2Fwp%2Fv2%2Fmedia&parent=6061"}],"wp:term":[{"taxonomy":"category","embeddable":true,"href":"https:\/\/www.gym-karvina.cz\/index.php?rest_route=%2Fwp%2Fv2%2Fcategories&post=6061"},{"taxonomy":"post_tag","embeddable":true,"href":"https:\/\/www.gym-karvina.cz\/index.php?rest_route=%2Fwp%2Fv2%2Ftags&post=6061"}],"curies":[{"name":"wp","href":"https:\/\/api.w.org\/{rel}","templated":true}]}}