{"id":6138,"date":"2025-11-21T15:26:17","date_gmt":"2025-11-21T14:26:17","guid":{"rendered":"https:\/\/www.gym-karvina.cz\/?p=6138"},"modified":"2026-01-06T08:06:47","modified_gmt":"2026-01-06T07:06:47","slug":"zapis-ze-schuzky-studentskeho-parlamentu-21-11","status":"publish","type":"post","link":"https:\/\/www.gym-karvina.cz\/?p=6138","title":{"rendered":"Z\u00e1pis z 1. zased\u00e1n\u00ed SP GK"},"content":{"rendered":"\n<p>Dne 21. listopadu se uskute\u010dnila prvn\u00ed ofici\u00e1ln\u00ed sch\u016fzka Studentsk\u00e9ho parlamentu. Na za\u010d\u00e1tku jedn\u00e1ni byl zvolen zapisovatel, kter\u00fd bude po\u0159izovat ofici\u00e1ln\u00ed z\u00e1znamy z jednotliv\u00fdch setk\u00e1n\u00ed.<\/p>\n\n\n\n<p>Parlament se d\u00e1le v\u011bnoval projedn\u00e1n\u00ed pozice m\u00edstop\u0159edsedy a mo\u017enostem jej\u00edho obsazen\u00ed. N\u00e1sledn\u011b byl vytvo\u0159en t\u00fdm pro spr\u00e1vu soci\u00e1ln\u00edch s\u00edt\u00ed a byl ur\u010den tak\u00e9 \u010dlen odpov\u011bdn\u00fd za p\u0159\u00edpravu a psan\u00ed \u010dl\u00e1nk\u016f pro \u0161koln\u00ed web a dal\u0161\u00ed informa\u010dn\u00ed kan\u00e1ly.<\/p>\n\n\n\n<p>V z\u00e1v\u011bru sch\u016fzky prob\u011bhla diskuse o v\u011bt\u0161\u00edm zapojen\u00ed mlad\u0161\u00edch \u017e\u00e1k\u016f do \u010dinnosti Studentsk\u00e9ho parlamentu a o zp\u016fsobech, jak podpo\u0159it jejich aktivn\u00ed \u00fa\u010dast.<\/p>\n\n\n\n<p class=\"has-text-align-center\" style=\"font-size:22px\"><span class=\"wp-rich-text-font-awesome-icon wp-font-awesome-icon\"><svg aria-hidden=\"true\" focusable=\"false\" data-prefix=\"fas\" data-icon=\"arrow-down-long\" class=\"svg-inline--fa fa-arrow-down-long \" role=\"img\" xmlns=\"http:\/\/www.w3.org\/2000\/svg\" viewBox=\"0 0 384 512\"><path fill=\"currentColor\" d=\"M169.4 502.6c12.5 12.5 32.8 12.5 45.3 0l128-128c12.5-12.5 12.5-32.8 0-45.3s-32.8-12.5-45.3 0L224 402.7 224 32c0-17.7-14.3-32-32-32s-32 14.3-32 32l0 370.7L86.6 329.4c-12.5-12.5-32.8-12.5-45.3 0s-12.5 32.8 0 45.3l128 128z\"><\/path><\/svg><\/span>   <strong>PODROBN\u00dd Z\u00c1PIS NAJDETE N\u00cd\u017dE<\/strong>   <span class=\"wp-rich-text-font-awesome-icon wp-font-awesome-icon\"><svg aria-hidden=\"true\" focusable=\"false\" data-prefix=\"fas\" data-icon=\"arrow-down-long\" class=\"svg-inline--fa fa-arrow-down-long \" role=\"img\" xmlns=\"http:\/\/www.w3.org\/2000\/svg\" viewBox=\"0 0 384 512\"><path fill=\"currentColor\" d=\"M169.4 502.6c12.5 12.5 32.8 12.5 45.3 0l128-128c12.5-12.5 12.5-32.8 0-45.3s-32.8-12.5-45.3 0L224 402.7 224 32c0-17.7-14.3-32-32-32s-32 14.3-32 32l0 370.7L86.6 329.4c-12.5-12.5-32.8-12.5-45.3 0s-12.5 32.8 0 45.3l128 128z\"><\/path><\/svg><\/span><\/p>\n\n\n\n<div data-wp-interactive=\"core\/file\" class=\"wp-block-file aligncenter\"><object data-wp-bind--hidden=\"!state.hasPdfPreview\" hidden class=\"wp-block-file__embed\" data=\"https:\/\/www.gym-karvina.cz\/wp-content\/uploads\/2025\/11\/zapis-z-prvniho-zasedani.pdf\" type=\"application\/pdf\" style=\"width:100%;height:600px\" aria-label=\"Vlo\u017eit PDF\"><\/object><a href=\"https:\/\/www.gym-karvina.cz\/wp-content\/uploads\/2025\/11\/zapis-z-prvniho-zasedani.pdf\" class=\"wp-block-file__button wp-element-button\" download>St\u00e1hnout<\/a><\/div>\n","protected":false},"excerpt":{"rendered":"<p>Dne 21. listopadu se uskute\u010dnila prvn\u00ed ofici\u00e1ln\u00ed sch\u016fzka Studentsk\u00e9ho parlamentu. Na za\u010d\u00e1tku jedn\u00e1ni byl zvolen zapisovatel, kter\u00fd bude po\u0159izovat ofici\u00e1ln\u00ed z\u00e1znamy z jednotliv\u00fdch setk\u00e1n\u00ed. Parlament se d\u00e1le v\u011bnoval projedn\u00e1n\u00ed pozice m\u00edstop\u0159edsedy a mo\u017enostem jej\u00edho obsazen\u00ed.&#46;&#46;&#46;<\/p>\n","protected":false},"author":7,"featured_media":5490,"comment_status":"closed","ping_status":"closed","sticky":false,"template":"","format":"standard","meta":{"footnotes":""},"categories":[44],"tags":[],"class_list":["post-6138","post","type-post","status-publish","format-standard","has-post-thumbnail","hentry","category-parlament"],"_links":{"self":[{"href":"https:\/\/www.gym-karvina.cz\/index.php?rest_route=\/wp\/v2\/posts\/6138","targetHints":{"allow":["GET"]}}],"collection":[{"href":"https:\/\/www.gym-karvina.cz\/index.php?rest_route=\/wp\/v2\/posts"}],"about":[{"href":"https:\/\/www.gym-karvina.cz\/index.php?rest_route=\/wp\/v2\/types\/post"}],"author":[{"embeddable":true,"href":"https:\/\/www.gym-karvina.cz\/index.php?rest_route=\/wp\/v2\/users\/7"}],"replies":[{"embeddable":true,"href":"https:\/\/www.gym-karvina.cz\/index.php?rest_route=%2Fwp%2Fv2%2Fcomments&post=6138"}],"version-history":[{"count":6,"href":"https:\/\/www.gym-karvina.cz\/index.php?rest_route=\/wp\/v2\/posts\/6138\/revisions"}],"predecessor-version":[{"id":6489,"href":"https:\/\/www.gym-karvina.cz\/index.php?rest_route=\/wp\/v2\/posts\/6138\/revisions\/6489"}],"wp:featuredmedia":[{"embeddable":true,"href":"https:\/\/www.gym-karvina.cz\/index.php?rest_route=\/wp\/v2\/media\/5490"}],"wp:attachment":[{"href":"https:\/\/www.gym-karvina.cz\/index.php?rest_route=%2Fwp%2Fv2%2Fmedia&parent=6138"}],"wp:term":[{"taxonomy":"category","embeddable":true,"href":"https:\/\/www.gym-karvina.cz\/index.php?rest_route=%2Fwp%2Fv2%2Fcategories&post=6138"},{"taxonomy":"post_tag","embeddable":true,"href":"https:\/\/www.gym-karvina.cz\/index.php?rest_route=%2Fwp%2Fv2%2Ftags&post=6138"}],"curies":[{"name":"wp","href":"https:\/\/api.w.org\/{rel}","templated":true}]}}