{"id":6148,"date":"2025-11-27T08:34:30","date_gmt":"2025-11-27T07:34:30","guid":{"rendered":"https:\/\/www.gym-karvina.cz\/?p=6148"},"modified":"2025-11-27T08:34:31","modified_gmt":"2025-11-27T07:34:31","slug":"logicka-olympiada-krajske-kolo","status":"publish","type":"post","link":"https:\/\/www.gym-karvina.cz\/?p=6148","title":{"rendered":"Logick\u00e1 olympi\u00e1da \u2013 krajsk\u00e9 kolo"},"content":{"rendered":"\n<p>V&nbsp;p\u00e1tek 7. 11. 2025 se 7 na\u0161ich \u017e\u00e1k\u016f z\u00fa\u010dastnilo krajsk\u00e9ho kola Logick\u00e9 olympi\u00e1dy. V\u00fdborn\u00e9ho v\u00fdsledku dos\u00e1hlo hned 5 z&nbsp;nich. V&nbsp;kategorii B se \u00fasp\u011b\u0161n\u00fdmi \u0159e\u0161iteli stali Maty\u00e1\u0161 Martik\u00e1n ze sekundy (17. m\u00edsto), Barbora Cioskov\u00e1 z&nbsp;tercie (21. m\u00edsto), Anton\u00edn Kycik z&nbsp;kvarty (29. m\u00edsto). V&nbsp;kategorii C se op\u011bt da\u0159ilo maturant\u016fm Ev\u011b Svr\u010dkov\u00e9 (12. m\u00edsto) a Honzovi Huy Son Vu (18. m\u00edsto).<\/p>\n\n\n\n<p>Pro Evu a Honzu byla leto\u0161n\u00ed \u00fa\u010dast posledn\u00ed. Cht\u011bli bychom jim proto za jejich osmilet\u00e9 velmi \u00fasp\u011b\u0161n\u00e9 p\u016fsoben\u00ed v sout\u011b\u017ei pod\u011bkovat. Jejich sna\u017een\u00ed bylo odm\u011bn\u011bno 5 \u00fa\u010dastmi v&nbsp;krajsk\u00e9m kole a 2 \u00fa\u010dastmi v&nbsp;celost\u00e1tn\u00edm kole. V\u0161echny jejich \u00fasp\u011bchy jsou shrnuty v&nbsp;p\u0159ilo\u017een\u00e9 tabulce. A je co obdivovat!<\/p>\n\n\n\n<p>Na\u0161im mlad\u00fdm logik\u016fm d\u011bkujeme za reprezentaci \u0161koly a se v\u0161emi se t\u011b\u0161\u00edme na p\u0159\u00ed\u0161t\u00ed ro\u010dn\u00edk.<\/p>\n\n\n\n<ul class=\"wp-block-list\">\n<li><a href=\"https:\/\/www.gym-karvina.cz\/wp-content\/uploads\/2025\/11\/Krajske-kolo-Logicke-olympiada-B-2025vysledky.pdf\" target=\"_blank\" rel=\"noreferrer noopener\">V\u00fdsledky krajsk\u00e9ho kola kategorie B<\/a>&nbsp;&nbsp;&nbsp;&nbsp;&nbsp;&nbsp;<\/li>\n\n\n\n<li><a href=\"https:\/\/www.gym-karvina.cz\/wp-content\/uploads\/2025\/11\/Krajske-kolo-Logicke-olympiada-C-2025vysledky.pdf\" target=\"_blank\" rel=\"noreferrer noopener\">V\u00fdsledky krajsk\u00e9ho kola kategorie C<\/a>&nbsp;&nbsp;&nbsp;&nbsp;&nbsp;<\/li>\n\n\n\n<li><a href=\"https:\/\/www.gym-karvina.cz\/wp-content\/uploads\/2025\/11\/Eva-a-Honza-tabulka-uspechu.pdf\" target=\"_blank\" rel=\"noreferrer noopener\">\u00dasp\u011bchy Evy a Honzy<\/a><\/li>\n<\/ul>\n\n\n\n<figure class=\"wp-block-gallery has-nested-images columns-default is-cropped wp-block-gallery-1 is-layout-flex wp-block-gallery-is-layout-flex\">\n<figure data-wp-context=\"{&quot;imageId&quot;:&quot;69ec889683480&quot;}\" data-wp-interactive=\"core\/image\" data-wp-key=\"69ec889683480\" class=\"wp-block-image size-large wp-lightbox-container\"><img loading=\"lazy\" decoding=\"async\" width=\"1024\" height=\"576\" data-wp-class--hide=\"state.isContentHidden\" data-wp-class--show=\"state.isContentVisible\" data-wp-init=\"callbacks.setButtonStyles\" data-wp-on--click=\"actions.showLightbox\" data-wp-on--load=\"callbacks.setButtonStyles\" data-wp-on-window--resize=\"callbacks.setButtonStyles\" data-id=\"6145\" src=\"https:\/\/www.gym-karvina.cz\/wp-content\/uploads\/2025\/11\/LO-Krajske-kolo-2025-foto-na-web-1024x576.jpg\" alt=\"\" class=\"wp-image-6145\" srcset=\"https:\/\/www.gym-karvina.cz\/wp-content\/uploads\/2025\/11\/LO-Krajske-kolo-2025-foto-na-web-1024x576.jpg 1024w, https:\/\/www.gym-karvina.cz\/wp-content\/uploads\/2025\/11\/LO-Krajske-kolo-2025-foto-na-web-300x169.jpg 300w, https:\/\/www.gym-karvina.cz\/wp-content\/uploads\/2025\/11\/LO-Krajske-kolo-2025-foto-na-web-768x432.jpg 768w, https:\/\/www.gym-karvina.cz\/wp-content\/uploads\/2025\/11\/LO-Krajske-kolo-2025-foto-na-web-1536x864.jpg 1536w, https:\/\/www.gym-karvina.cz\/wp-content\/uploads\/2025\/11\/LO-Krajske-kolo-2025-foto-na-web-2048x1152.jpg 2048w, https:\/\/www.gym-karvina.cz\/wp-content\/uploads\/2025\/11\/LO-Krajske-kolo-2025-foto-na-web-24x14.jpg 24w, https:\/\/www.gym-karvina.cz\/wp-content\/uploads\/2025\/11\/LO-Krajske-kolo-2025-foto-na-web-36x20.jpg 36w, https:\/\/www.gym-karvina.cz\/wp-content\/uploads\/2025\/11\/LO-Krajske-kolo-2025-foto-na-web-48x27.jpg 48w\" sizes=\"auto, (max-width: 1024px) 100vw, 1024px\" \/><button\n\t\t\tclass=\"lightbox-trigger\"\n\t\t\ttype=\"button\"\n\t\t\taria-haspopup=\"dialog\"\n\t\t\taria-label=\"Zv\u011bt\u0161it\"\n\t\t\tdata-wp-init=\"callbacks.initTriggerButton\"\n\t\t\tdata-wp-on--click=\"actions.showLightbox\"\n\t\t\tdata-wp-style--right=\"state.imageButtonRight\"\n\t\t\tdata-wp-style--top=\"state.imageButtonTop\"\n\t\t>\n\t\t\t<svg xmlns=\"http:\/\/www.w3.org\/2000\/svg\" width=\"12\" height=\"12\" fill=\"none\" viewBox=\"0 0 12 12\">\n\t\t\t\t<path fill=\"#fff\" d=\"M2 0a2 2 0 0 0-2 2v2h1.5V2a.5.5 0 0 1 .5-.5h2V0H2Zm2 10.5H2a.5.5 0 0 1-.5-.5V8H0v2a2 2 0 0 0 2 2h2v-1.5ZM8 12v-1.5h2a.5.5 0 0 0 .5-.5V8H12v2a2 2 0 0 1-2 2H8Zm2-12a2 2 0 0 1 2 2v2h-1.5V2a.5.5 0 0 0-.5-.5H8V0h2Z\" \/>\n\t\t\t<\/svg>\n\t\t<\/button><\/figure>\n\n\n\n<figure data-wp-context=\"{&quot;imageId&quot;:&quot;69ec889683b53&quot;}\" data-wp-interactive=\"core\/image\" data-wp-key=\"69ec889683b53\" class=\"wp-block-image size-large wp-lightbox-container\"><img loading=\"lazy\" decoding=\"async\" width=\"1024\" height=\"639\" data-wp-class--hide=\"state.isContentHidden\" data-wp-class--show=\"state.isContentVisible\" data-wp-init=\"callbacks.setButtonStyles\" data-wp-on--click=\"actions.showLightbox\" data-wp-on--load=\"callbacks.setButtonStyles\" data-wp-on-window--resize=\"callbacks.setButtonStyles\" data-id=\"6144\" src=\"https:\/\/www.gym-karvina.cz\/wp-content\/uploads\/2025\/11\/LO-2025-foto-na-web-1024x639.jpeg\" alt=\"\" class=\"wp-image-6144\" srcset=\"https:\/\/www.gym-karvina.cz\/wp-content\/uploads\/2025\/11\/LO-2025-foto-na-web-1024x639.jpeg 1024w, https:\/\/www.gym-karvina.cz\/wp-content\/uploads\/2025\/11\/LO-2025-foto-na-web-300x187.jpeg 300w, https:\/\/www.gym-karvina.cz\/wp-content\/uploads\/2025\/11\/LO-2025-foto-na-web-768x479.jpeg 768w, https:\/\/www.gym-karvina.cz\/wp-content\/uploads\/2025\/11\/LO-2025-foto-na-web-1536x958.jpeg 1536w, https:\/\/www.gym-karvina.cz\/wp-content\/uploads\/2025\/11\/LO-2025-foto-na-web-2048x1277.jpeg 2048w, https:\/\/www.gym-karvina.cz\/wp-content\/uploads\/2025\/11\/LO-2025-foto-na-web-24x15.jpeg 24w, https:\/\/www.gym-karvina.cz\/wp-content\/uploads\/2025\/11\/LO-2025-foto-na-web-36x22.jpeg 36w, https:\/\/www.gym-karvina.cz\/wp-content\/uploads\/2025\/11\/LO-2025-foto-na-web-48x30.jpeg 48w\" sizes=\"auto, (max-width: 1024px) 100vw, 1024px\" \/><button\n\t\t\tclass=\"lightbox-trigger\"\n\t\t\ttype=\"button\"\n\t\t\taria-haspopup=\"dialog\"\n\t\t\taria-label=\"Zv\u011bt\u0161it\"\n\t\t\tdata-wp-init=\"callbacks.initTriggerButton\"\n\t\t\tdata-wp-on--click=\"actions.showLightbox\"\n\t\t\tdata-wp-style--right=\"state.imageButtonRight\"\n\t\t\tdata-wp-style--top=\"state.imageButtonTop\"\n\t\t>\n\t\t\t<svg xmlns=\"http:\/\/www.w3.org\/2000\/svg\" width=\"12\" height=\"12\" fill=\"none\" viewBox=\"0 0 12 12\">\n\t\t\t\t<path fill=\"#fff\" d=\"M2 0a2 2 0 0 0-2 2v2h1.5V2a.5.5 0 0 1 .5-.5h2V0H2Zm2 10.5H2a.5.5 0 0 1-.5-.5V8H0v2a2 2 0 0 0 2 2h2v-1.5ZM8 12v-1.5h2a.5.5 0 0 0 .5-.5V8H12v2a2 2 0 0 1-2 2H8Zm2-12a2 2 0 0 1 2 2v2h-1.5V2a.5.5 0 0 0-.5-.5H8V0h2Z\" \/>\n\t\t\t<\/svg>\n\t\t<\/button><\/figure>\n<\/figure>\n\n\n\n<p class=\"has-text-align-right\"><em>Mgr. P. Hovorkov\u00e1<\/em><\/p>\n","protected":false},"excerpt":{"rendered":"<p>V&nbsp;p\u00e1tek 7. 11. 2025 se 7 na\u0161ich \u017e\u00e1k\u016f z\u00fa\u010dastnilo krajsk\u00e9ho kola Logick\u00e9 olympi\u00e1dy. V\u00fdborn\u00e9ho v\u00fdsledku dos\u00e1hlo hned 5 z&nbsp;nich. V&nbsp;kategorii B se \u00fasp\u011b\u0161n\u00fdmi \u0159e\u0161iteli stali Maty\u00e1\u0161 Martik\u00e1n ze sekundy (17. m\u00edsto), Barbora Cioskov\u00e1 z&nbsp;tercie (21.&#46;&#46;&#46;<\/p>\n","protected":false},"author":3,"featured_media":2379,"comment_status":"closed","ping_status":"closed","sticky":false,"template":"","format":"standard","meta":{"footnotes":""},"categories":[33],"tags":[],"class_list":["post-6148","post","type-post","status-publish","format-standard","has-post-thumbnail","hentry","category-homepage"],"_links":{"self":[{"href":"https:\/\/www.gym-karvina.cz\/index.php?rest_route=\/wp\/v2\/posts\/6148","targetHints":{"allow":["GET"]}}],"collection":[{"href":"https:\/\/www.gym-karvina.cz\/index.php?rest_route=\/wp\/v2\/posts"}],"about":[{"href":"https:\/\/www.gym-karvina.cz\/index.php?rest_route=\/wp\/v2\/types\/post"}],"author":[{"embeddable":true,"href":"https:\/\/www.gym-karvina.cz\/index.php?rest_route=\/wp\/v2\/users\/3"}],"replies":[{"embeddable":true,"href":"https:\/\/www.gym-karvina.cz\/index.php?rest_route=%2Fwp%2Fv2%2Fcomments&post=6148"}],"version-history":[{"count":5,"href":"https:\/\/www.gym-karvina.cz\/index.php?rest_route=\/wp\/v2\/posts\/6148\/revisions"}],"predecessor-version":[{"id":6153,"href":"https:\/\/www.gym-karvina.cz\/index.php?rest_route=\/wp\/v2\/posts\/6148\/revisions\/6153"}],"wp:featuredmedia":[{"embeddable":true,"href":"https:\/\/www.gym-karvina.cz\/index.php?rest_route=\/wp\/v2\/media\/2379"}],"wp:attachment":[{"href":"https:\/\/www.gym-karvina.cz\/index.php?rest_route=%2Fwp%2Fv2%2Fmedia&parent=6148"}],"wp:term":[{"taxonomy":"category","embeddable":true,"href":"https:\/\/www.gym-karvina.cz\/index.php?rest_route=%2Fwp%2Fv2%2Fcategories&post=6148"},{"taxonomy":"post_tag","embeddable":true,"href":"https:\/\/www.gym-karvina.cz\/index.php?rest_route=%2Fwp%2Fv2%2Ftags&post=6148"}],"curies":[{"name":"wp","href":"https:\/\/api.w.org\/{rel}","templated":true}]}}