{"id":6198,"date":"2025-12-08T15:03:11","date_gmt":"2025-12-08T14:03:11","guid":{"rendered":"https:\/\/www.gym-karvina.cz\/?p=6198"},"modified":"2025-12-10T11:22:34","modified_gmt":"2025-12-10T10:22:34","slug":"uspech-naseho-zaka-na-mezinarodni-soutezi-zav-100","status":"publish","type":"post","link":"https:\/\/www.gym-karvina.cz\/?p=6198","title":{"rendered":"\u00dasp\u011bch na\u0161eho \u017e\u00e1ka na mezin\u00e1rodn\u00ed sout\u011b\u017ei ZAV 100"},"content":{"rendered":"\n<p>S radost\u00ed sd\u00edl\u00edme vynikaj\u00edc\u00ed \u00fasp\u011bch Filipa Kempn\u00e9ho, studenta t\u0159\u00eddy&nbsp;<strong>1.B<\/strong>, kter\u00fd se z\u00fa\u010dastnil mezin\u00e1rodn\u00ed online sout\u011b\u017ee&nbsp;<strong>ZAV 100<\/strong>&nbsp;konan\u00e9&nbsp;<strong>2. a 6. prosince<\/strong>. Do leto\u0161n\u00edho ro\u010dn\u00edku se zapojilo&nbsp;<strong>1395 sout\u011b\u017e\u00edc\u00edch<\/strong>&nbsp;z cel\u00e9ho sv\u011bta, a to ve \u010dty\u0159ech v\u011bkov\u00fdch kategori\u00edch \u2013 od nejmlad\u0161\u00edch \u017e\u00e1k\u016f a\u017e po seniorsk\u00e9 \u00fa\u010dastn\u00edky. V\u00fdsledky byly nav\u00edc streamov\u00e1ny \u017eiv\u011b na YouTube, tak\u017ee atmosf\u00e9ru sout\u011b\u017ee mohli sledovat div\u00e1ci z r\u016fzn\u00fdch kout\u016f sv\u011bta.<\/p>\n\n\n\n<p>Filip dos\u00e1hl v kategorii&nbsp;<strong>13\u201316 let<\/strong>&nbsp;mimo\u0159\u00e1dn\u00e9ho \u00fasp\u011bchu, kdy\u017e se mezi&nbsp;<strong>519 sout\u011b\u017e\u00edc\u00edmi<\/strong>&nbsp;um\u00edstil na&nbsp;<strong>1. m\u00edst\u011b<\/strong>. V celkov\u00e9m po\u0159ad\u00ed v\u0161ech \u00fa\u010dastn\u00edk\u016f obsadil&nbsp;<strong>vynikaj\u00edc\u00ed 12. p\u0159\u00ed\u010dku<\/strong>, \u010d\u00edm\u017e potvrdil nejen sv\u00e9 v\u00fdjime\u010dn\u00e9 schopnosti, ale i skv\u011blou formu p\u0159ed nadch\u00e1zej\u00edc\u00edm mistrovstv\u00edm sv\u011bta.<\/p>\n\n\n\n<p>Sout\u011b\u017e ZAV 100 je postavena na&nbsp;<strong>25 minutov\u00fdch opisech v intervaki 60 minut<\/strong>, v nich\u017e se hodnot\u00ed&nbsp;<strong>rychlost, p\u0159esnost a vytrvalost<\/strong>. Filip\u016fv v\u00fdkon je d\u016fkazem jeho talentu, p\u00edle a dlouhodob\u00e9ho \u00fasil\u00ed.<\/p>\n\n\n\n<p>U\u017e&nbsp;<strong>za t\u0159i dny<\/strong>&nbsp;Filipa \u010dek\u00e1 dal\u0161\u00ed velk\u00e1 v\u00fdzva \u2013&nbsp;<strong>Mistrovstv\u00ed \u010cesk\u00e9 republiky v Praze<\/strong>.<br>Filipa t\u00edmto srde\u010dn\u011b podporujeme a p\u0159ejeme mu&nbsp;<strong>mnoho \u00fasp\u011bch\u016f a pevn\u00e9 nervy<\/strong>&nbsp;v nadch\u00e1zej\u00edc\u00edm kl\u00e1n\u00ed!<\/p>\n\n\n\n<p class=\"has-text-align-center\">Gratulujeme a d\u011bkujeme za skv\u011blou reprezentaci na\u0161eho gymn\u00e1zia!<\/p>\n\n\n<div class=\"wp-block-image\">\n<figure class=\"aligncenter size-full is-resized\"><img loading=\"lazy\" decoding=\"async\" width=\"978\" height=\"1005\" src=\"https:\/\/www.gym-karvina.cz\/wp-content\/uploads\/2025\/12\/Filip-soutezi.jpg\" alt=\"\" class=\"wp-image-6215\" style=\"aspect-ratio:0.9731355475929674;width:458px;height:auto\" srcset=\"https:\/\/www.gym-karvina.cz\/wp-content\/uploads\/2025\/12\/Filip-soutezi.jpg 978w, https:\/\/www.gym-karvina.cz\/wp-content\/uploads\/2025\/12\/Filip-soutezi-292x300.jpg 292w, https:\/\/www.gym-karvina.cz\/wp-content\/uploads\/2025\/12\/Filip-soutezi-768x789.jpg 768w, https:\/\/www.gym-karvina.cz\/wp-content\/uploads\/2025\/12\/Filip-soutezi-24x24.jpg 24w, https:\/\/www.gym-karvina.cz\/wp-content\/uploads\/2025\/12\/Filip-soutezi-36x36.jpg 36w, https:\/\/www.gym-karvina.cz\/wp-content\/uploads\/2025\/12\/Filip-soutezi-48x48.jpg 48w\" sizes=\"auto, (max-width: 978px) 100vw, 978px\" \/><\/figure>\n<\/div>\n\n<div class=\"wp-block-image\">\n<figure class=\"aligncenter size-large is-resized\"><img loading=\"lazy\" decoding=\"async\" width=\"794\" height=\"1024\" src=\"https:\/\/www.gym-karvina.cz\/wp-content\/uploads\/2025\/12\/Screenshot_20251207_122007_Instagram-794x1024.jpg\" alt=\"\" class=\"wp-image-6201\" style=\"aspect-ratio:0.7753871976806287;width:537px;height:auto\" srcset=\"https:\/\/www.gym-karvina.cz\/wp-content\/uploads\/2025\/12\/Screenshot_20251207_122007_Instagram-794x1024.jpg 794w, https:\/\/www.gym-karvina.cz\/wp-content\/uploads\/2025\/12\/Screenshot_20251207_122007_Instagram-233x300.jpg 233w, https:\/\/www.gym-karvina.cz\/wp-content\/uploads\/2025\/12\/Screenshot_20251207_122007_Instagram-768x991.jpg 768w, https:\/\/www.gym-karvina.cz\/wp-content\/uploads\/2025\/12\/Screenshot_20251207_122007_Instagram-19x24.jpg 19w, https:\/\/www.gym-karvina.cz\/wp-content\/uploads\/2025\/12\/Screenshot_20251207_122007_Instagram-28x36.jpg 28w, https:\/\/www.gym-karvina.cz\/wp-content\/uploads\/2025\/12\/Screenshot_20251207_122007_Instagram-37x48.jpg 37w, https:\/\/www.gym-karvina.cz\/wp-content\/uploads\/2025\/12\/Screenshot_20251207_122007_Instagram.jpg 1056w\" sizes=\"auto, (max-width: 794px) 100vw, 794px\" \/><\/figure>\n<\/div>","protected":false},"excerpt":{"rendered":"<p>S radost\u00ed sd\u00edl\u00edme vynikaj\u00edc\u00ed \u00fasp\u011bch Filipa Kempn\u00e9ho, studenta t\u0159\u00eddy&nbsp;1.B, kter\u00fd se z\u00fa\u010dastnil mezin\u00e1rodn\u00ed online sout\u011b\u017ee&nbsp;ZAV 100&nbsp;konan\u00e9&nbsp;2. a 6. prosince. Do leto\u0161n\u00edho ro\u010dn\u00edku se zapojilo&nbsp;1395 sout\u011b\u017e\u00edc\u00edch&nbsp;z cel\u00e9ho sv\u011bta, a to ve \u010dty\u0159ech v\u011bkov\u00fdch kategori\u00edch \u2013 od&#46;&#46;&#46;<\/p>\n","protected":false},"author":3,"featured_media":6215,"comment_status":"closed","ping_status":"closed","sticky":false,"template":"","format":"standard","meta":{"footnotes":""},"categories":[33],"tags":[],"class_list":["post-6198","post","type-post","status-publish","format-standard","has-post-thumbnail","hentry","category-homepage"],"_links":{"self":[{"href":"https:\/\/www.gym-karvina.cz\/index.php?rest_route=\/wp\/v2\/posts\/6198","targetHints":{"allow":["GET"]}}],"collection":[{"href":"https:\/\/www.gym-karvina.cz\/index.php?rest_route=\/wp\/v2\/posts"}],"about":[{"href":"https:\/\/www.gym-karvina.cz\/index.php?rest_route=\/wp\/v2\/types\/post"}],"author":[{"embeddable":true,"href":"https:\/\/www.gym-karvina.cz\/index.php?rest_route=\/wp\/v2\/users\/3"}],"replies":[{"embeddable":true,"href":"https:\/\/www.gym-karvina.cz\/index.php?rest_route=%2Fwp%2Fv2%2Fcomments&post=6198"}],"version-history":[{"count":3,"href":"https:\/\/www.gym-karvina.cz\/index.php?rest_route=\/wp\/v2\/posts\/6198\/revisions"}],"predecessor-version":[{"id":6216,"href":"https:\/\/www.gym-karvina.cz\/index.php?rest_route=\/wp\/v2\/posts\/6198\/revisions\/6216"}],"wp:featuredmedia":[{"embeddable":true,"href":"https:\/\/www.gym-karvina.cz\/index.php?rest_route=\/wp\/v2\/media\/6215"}],"wp:attachment":[{"href":"https:\/\/www.gym-karvina.cz\/index.php?rest_route=%2Fwp%2Fv2%2Fmedia&parent=6198"}],"wp:term":[{"taxonomy":"category","embeddable":true,"href":"https:\/\/www.gym-karvina.cz\/index.php?rest_route=%2Fwp%2Fv2%2Fcategories&post=6198"},{"taxonomy":"post_tag","embeddable":true,"href":"https:\/\/www.gym-karvina.cz\/index.php?rest_route=%2Fwp%2Fv2%2Ftags&post=6198"}],"curies":[{"name":"wp","href":"https:\/\/api.w.org\/{rel}","templated":true}]}}