{"id":6204,"date":"2025-12-08T22:34:14","date_gmt":"2025-12-08T21:34:14","guid":{"rendered":"https:\/\/www.gym-karvina.cz\/?p=6204"},"modified":"2025-12-08T22:52:47","modified_gmt":"2025-12-08T21:52:47","slug":"samet-na-gymplu","status":"publish","type":"post","link":"https:\/\/www.gym-karvina.cz\/?p=6204","title":{"rendered":"Samet na gymplu"},"content":{"rendered":"\n<p>Kdo jin\u00fd, kdy\u017e ne my? I letos jsme se p\u0159ipojili k p\u0159ipom\u00ednce v\u00fdznamn\u00e9ho dne nejen v \u010desk\u00e9m, ale i mezin\u00e1rodn\u00edm kalend\u00e1\u0159i, a to Dne boje za svobodu a demokracii a Mezin\u00e1rodn\u00edho dne studentstva. T\u00fdden p\u0159ed samotn\u00fdm st\u00e1tn\u00edm sv\u00e1tkem byl napln\u011bn r\u016fzn\u00fdmi aktivitami, kter\u00e9 vyvrcholily v p\u00e1tek 14. listopadu u Obchodn\u011b podnikatelsk\u00e9 fakulty Slezsk\u00e9 univerzity.&nbsp;<\/p>\n\n\n\n<p>A jak jsme festival Samet na \u0161kol\u00e1ch oslavili?<\/p>\n\n\n\n<hr class=\"wp-block-separator has-alpha-channel-opacity\"\/>\n\n\n\n<p>P\u0159ipomn\u011bli jsme si <strong><a href=\"https:\/\/www.gym-karvina.cz\/?p=6029\" data-type=\"link\" data-id=\"https:\/\/www.gym-karvina.cz\/?p=6029\" target=\"_blank\" rel=\"noreferrer noopener\">Den v\u00e1le\u010dn\u00fdch veter\u00e1n\u016f<\/a><\/strong> a p\u0159ipojili se ke sb\u00edrce, jej\u00ed\u017e v\u00fdt\u011b\u017eek poputuje lidem, kte\u0159\u00ed to pot\u0159ebuj\u00ed. Za zm\u00ednku tak\u00e9 stoj\u00ed to, \u017ee se zapojily i z\u00e1stupkyn\u011b na\u0161ich nejmlad\u0161\u00edch, a to Am\u00e9lie Linhartov\u00e1 a Ella Patkanov\u00e1.<br><br><em>\u201eSb\u00edrka se n\u00e1m moc povedla. \u017d\u00e1ci, u\u010ditel\u00e9 i ostatn\u00ed n\u00e1s podpo\u0159ili a p\u0159isp\u011bli. Ze za\u010d\u00e1tku jsme byli dost nerv\u00f3zn\u00ed, proto\u017ee jsme chodili do v\u0161ech t\u0159\u00edd, ale potom u\u017e jsme se neb\u00e1li a bylo to v pohod\u011b. Tento projekt n\u00e1s moc bavil.\u201c<\/em><\/p>\n\n\n\n<p class=\"has-text-align-right\">Am\u00e9lie Linhartov\u00e1, Ella Patkanov\u00e1<\/p>\n\n\n\n<hr class=\"wp-block-separator has-alpha-channel-opacity\"\/>\n\n\n\n<p>Ji\u017e tradic\u00ed se stala beseda s pam\u011btn\u00edky v r\u00e1mci <strong>projektu M\u011bs\u00edc filmu na \u0161kol\u00e1ch \u2013 <a href=\"https:\/\/www.gym-karvina.cz\/?p=6061\" target=\"_blank\" rel=\"noreferrer noopener\">P\u0159\u00edb\u011bhy bezpr\u00e1v\u00ed<\/a><\/strong>. Letos jsme hostili besedu s pan\u00ed Ji\u0159inou Pavl\u00edkovou.<\/p>\n\n\n\n<p class=\"has-text-align-left\"><strong>Ze z\u00e1\u017eitku jedn\u00e9 z \u00fa\u010dastnic:<br><\/strong><br><em>\u201eSametov\u00e1 revoluce a jej\u00ed okolnosti jsou podle m\u011b naprosto nevy\u010derpateln\u00fdm t\u00e9matem. Poslouchat pan\u00ed doktorku Pavl\u00edkovou bylo velmi p\u0159\u00edjemn\u00e9 a obohacuj\u00edc\u00ed, a\u0165 u\u017e mluvila o sv\u00e9m \u017eivot\u011b, \u010di o detailech, kter\u00e9 s sebou nesl boj za svobodu.<\/em><br><br><em>Mysl\u00edm, \u017ee je obzvl\u00e1\u0161t\u011b d\u016fle\u017eit\u00e9 vyslechnout si \u010dlov\u011bka, kter\u00fd pro\u017eil tu velkou ud\u00e1lost a z\u00e1rove\u0148 i strasti, je\u017e j\u00ed p\u0159edch\u00e1zely, jeliko\u017e rodi\u010de v\u011bt\u0161iny student\u016f na na\u0161em gymn\u00e1ziu se narodili p\u0159\u00edli\u0161 pozd\u011b na to, aby spolehliv\u011b popsali, jak to vlastn\u011b cel\u00e9 bylo. Vypr\u00e1v\u011bn\u00ed pan\u00ed doktorky samoz\u0159ejm\u011b ozvl\u00e1\u0161tnila i jej\u00ed d\u0159\u00edv\u011bj\u0161\u00ed funkce poslankyn\u011b Parlamentu, kterou vykon\u00e1vala v devades\u00e1t\u00fdch letech. \u010clov\u011bk nepotk\u00e1v\u00e1 denn\u011b lidi, kte\u0159\u00ed se osobn\u011b setkali s V\u00e1clavem Havlem.<\/em> <br><br><em>Besedu pan\u00ed doktorka zakon\u010dila siln\u00fdm poselstv\u00edm o tom, \u017ee se nesm\u00edme nechat oklamat, nedat se a z\u016fstat sami sebou.<\/em><br><br><em>Moc d\u011bkuji za uspo\u0159\u00e1d\u00e1n\u00ed takov\u00e9 ud\u00e1losti na oslavu bl\u00ed\u017e\u00edc\u00edho se 17. listopadu!\u201d<\/em><\/p>\n\n\n\n<p class=\"has-text-align-right\">Kate\u0159ina \u0160ebestov\u00e1<\/p>\n\n\n\n<hr class=\"wp-block-separator has-alpha-channel-opacity\"\/>\n\n\n\n<p>Ud\u00e1losti spjat\u00e9 se 17. listopadem jsme diskutovali v r\u00e1mci hodin d\u011bjepisu a spole\u010densk\u00fdch v\u011bd, a to pod veden\u00edm \u017e\u00e1ky\u0148 1. a 3. ro\u010dn\u00edku a kvarty. <strong>Hodiny vrstevnick\u00e9ho u\u010den\u00ed<\/strong> se povedly.<\/p>\n\n\n\n<p><strong>Z dojm\u016f jedn\u00e9 z lektorek \u2013 \u017e\u00e1ky\u0148:<br><\/strong><br><em>\u201eVrstevnick\u00e9 u\u010den\u00ed n\u00e1m p\u0159i\u0161lo jako skv\u011bl\u00e1 p\u0159\u00edle\u017eitost se zapojit do Sametu na \u0161kol\u00e1ch. Je to \u00fa\u017easn\u00e1 zku\u0161enost, kter\u00e1 n\u00e1m do \u017eivota spoustu p\u0159inesla. Je opravdu n\u00e1ro\u010dn\u00e9 pracovat pod \u010dasov\u00fdm n\u00e1tlakem tak, aby se v\u0161echno stihlo, a proto je d\u016fle\u017eit\u00e9 si to vyzkou\u0161et, a\u0165 vid\u00edme, jak mus\u00ed u\u010ditel\u00e9 denn\u011b fungovat. <\/em><br><br><em>Jedna z nejpodstatn\u011bj\u0161\u00edch v\u011bc\u00ed je nau\u010dit se soust\u0159edit s tr\u00e9mou p\u0159ed tolika \u017e\u00e1ky. Nen\u00ed to tak jednoduch\u00e9, jak se zd\u00e1, ale pokud jsou \u017e\u00e1ci ohledupln\u00ed, cel\u00e9 to vyu\u010dov\u00e1n\u00ed se d\u00e1 i n\u00e1ramn\u011b u\u017e\u00edt a stres po chvilce opadne. Jsme r\u00e1dy, \u017ee jsme si na vlastn\u00ed k\u016f\u017ei mohly vyzkou\u0161et, jak\u00e9 to je, a ur\u010dit\u011b na to jen tak nezapomeneme.\u201d<\/em>     <\/p>\n\n\n\n<p class=\"has-text-align-right\">                                                                                        Ad\u00e9la Matejkov\u00e1 3. A, Viktorie Pawlas 3. A, Mark\u00e9ta Ruskov\u00e1 3. A, Ema Krutinov\u00e1 5. X, Stella Mi\u017edochov\u00e1 2. A, Laura Majkrakov\u00e1 4. X<\/p>\n\n\n\n<hr class=\"wp-block-separator has-alpha-channel-opacity\"\/>\n\n\n\n<p>Cel\u00fd festival vyvrcholil <strong>studentsk\u00fdm happeningem <\/strong>v prostor\u00e1ch \u0161koly a tak\u00e9 u Obchodn\u011b podnikatelsk\u00e9 fakulty Slezsk\u00e9 univerzity. O velk\u00e9 p\u0159est\u00e1vce se v\u0161echny \u017e\u00e1kyn\u011b a \u017e\u00e1ci \u0161koly se\u0161li ve velk\u00e9 t\u011blocvi\u010dn\u011b, kde s p\u0159ipnut\u00fdmi trikolorami uctili pam\u00e1tku 17. listopadu, a v z\u00e1v\u011bru zazp\u00edvali p\u00edse\u0148 Marty Kubi\u0161ov\u00e9 Modlitba pro Martu a zacinkali kl\u00ed\u010di. Akci u Slezsk\u00e9 univerzity zaznamenali tak\u00e9 report\u00e9\u0159i TV Polar (<a href=\"https:\/\/polar.cz\/zpravy\/karvinsko\/karvina\/11000051672\/gymnazium-karvina-si-pripomnelo-17-listopad-hudbou-a-slovem-ze-ktereho-dodnes-mrazi\" target=\"_blank\" rel=\"noreferrer noopener\"><strong>report\u00e1\u017e<\/strong><\/a> je sou\u010d\u00e1st\u00ed fotogalerie).<\/p>\n\n\n\n<p><strong>Ze z\u00e1\u017eitk\u016f organiz\u00e1tor\u016f:<br><\/strong><br><em>\u201e17. listopad je pro m\u011b p\u0159\u00edle\u017eitost, p\u0159i kter\u00e9 si p\u0159ipom\u00edn\u00e1m, \u017ee stoj\u00ed za to bojovat za demokracii a \u017ee vlastn\u011b i my, jako\u017eto v uvozovk\u00e1ch b\u011b\u017en\u00ed lid\u00e9, m\u016f\u017eeme \u010dasto zm\u011bnit tak velk\u00e9 v\u011bci, jako je lidsk\u00e1 svoboda, st\u00e1tn\u00ed z\u0159\u00edzen\u00ed a podobn\u011b.\u201d<\/em> <\/p>\n\n\n\n<p class=\"has-text-align-right\">\u0160imon Ture\u010dek, \u017e\u00e1k Gymn\u00e1zia Karvin\u00e1<\/p>\n\n\n\n<p><em>\u201eDneska jsme p\u0159i\u0161li uct\u00edt pam\u00e1tku 17. listopadu, kdy se odehr\u00e1la sametov\u00e1 revoluce. Jsme tady ve slo\u017een\u00ed Slezsk\u00e9 univerzity, Gymn\u00e1zia Karvin\u00e1 a Ml\u00e1de\u017enick\u00e9 rady Karvin\u00e1. A p\u0159i\u0161li jsme tady na proslov, zazp\u00edvat si p\u00edse\u0148 od Marty Kubi\u0161ov\u00e9 a uct\u00edt celkov\u011b tu pam\u00e1tku.\u201d<\/em><\/p>\n\n\n\n<p class=\"has-text-align-right\">Nela Krej\u010dov\u00e1, m\u00edstop\u0159edsedkyn\u011b Ml\u00e1de\u017enick\u00e9 rady Karvin\u00e1, \u017e\u00e1kyn\u011b Gymn\u00e1zia Karvin\u00e1<\/p>\n\n\n\n<p><em>\u201eJ\u00e1 si mysl\u00edm, \u017ee ka\u017ed\u00e1 ud\u00e1lost m\u00e1 svou p\u00edse\u0148, kter\u00e1 ji prov\u00e1z\u00ed. A j\u00e1 m\u00e1m se 17. listopadem spojenou Modlitbu pro Martu od Marty Kubi\u0161ov\u00e9. A p\u0159esn\u011b proto jsme se ji dneska rozhodli zahr\u00e1t a zazp\u00edvat, proto\u017ee m\u00e1 hloubku a mysl\u00edm si, \u017ee dok\u00e1\u017ee kr\u00e1sn\u011b vystihnout pocity t\u00e9 sametov\u00e9 revoluce.\u201d<\/em><\/p>\n\n\n\n<p class=\"has-text-align-right\">Alexandra Mri\u017eov\u00e1, \u017e\u00e1kyn\u011b Gymn\u00e1zia Karvin\u00e1<\/p>\n\n\n\n<p><em>\u201eMy se ka\u017ed\u00fd rok p\u0159ipojujeme k p\u0159ipom\u00ednce tady t\u011bchto ud\u00e1lost\u00ed, proto\u017ee je to d\u016fle\u017eit\u00e9 pro studenty. Tento rok jsme se p\u0159ipojili k festivalu Samet na \u0161kol\u00e1ch: D\u00edky, \u017ee m\u016f\u017eeme. A cel\u00fd t\u00fdden jsme m\u011bli r\u016fzn\u00e9 akce, kdy jsme d\u011btem i v r\u00e1mci p\u0159\u00edb\u011bhu bezpr\u00e1v\u00ed pozvali pam\u011btnici pan\u00ed Ji\u0159inu Pavl\u00edkovou, se kterou jsme m\u011bli v\u010dera debatu a diskuzi. Z\u00e1rove\u0148 na\u0161i \u017e\u00e1ci u\u010dili v r\u00e1mci vrstevnick\u00e9ho u\u010den\u00ed mlad\u0161\u00ed spolu\u017e\u00e1ky. To znamen\u00e1, \u017ee jim pov\u00eddali, jak\u00e9 ud\u00e1losti p\u0159edch\u00e1zely tomu, co se stalo v roce 1989. A ten dne\u0161n\u00ed den je takov\u00fdm zavr\u0161en\u00edm celot\u00fddenn\u00ed akce. Dopoledne jsme m\u011bli happening u n\u00e1s na gymn\u00e1ziu a dnes jsme se spojili jak s vysoko\u0161kolsk\u00fdmi studenty, tak s Ml\u00e1de\u017enickou radou Karvin\u00e1.\u201d<\/em><\/p>\n\n\n\n<p class=\"has-text-align-right\">Monika Brz\u00e1, z\u00e1stupkyn\u011b \u0161koly<\/p>\n\n\n\n<p class=\"has-text-align-left\">D\u011bkujeme organizaci <a href=\"https:\/\/dikyzemuzem.cz\/\"><strong>D\u00edky, \u017ee m\u016f\u017eem<\/strong><\/a> za poskytnut\u00ed trikolor a metodick\u00e9 podpory.<br><br><\/p>\n\n\n\n<p class=\"has-text-align-right\"><em>Julie Jankov\u00e1, Monika Brz\u00e1, t\u00fdm Vyslanc\u016f Evropsk\u00e9ho parlamentu<\/em><\/p>\n\n\n\n<p class=\"has-text-align-center\" style=\"font-size:22px\"><strong><a href=\"https:\/\/photos.app.goo.gl\/JpQ8ZoixvGdTX4Ca9\" target=\"_blank\" rel=\"noreferrer noopener\">FOTOGALERIE<\/a><\/strong><\/p>\n","protected":false},"excerpt":{"rendered":"<p>Kdo jin\u00fd, kdy\u017e ne my? I letos jsme se p\u0159ipojili k p\u0159ipom\u00ednce v\u00fdznamn\u00e9ho dne nejen v \u010desk\u00e9m, ale i mezin\u00e1rodn\u00edm kalend\u00e1\u0159i, a to Dne boje za svobodu a demokracii a Mezin\u00e1rodn\u00edho dne studentstva. T\u00fdden p\u0159ed&#46;&#46;&#46;<\/p>\n","protected":false},"author":7,"featured_media":6207,"comment_status":"closed","ping_status":"closed","sticky":false,"template":"","format":"standard","meta":{"footnotes":""},"categories":[33,42],"tags":[],"class_list":["post-6204","post","type-post","status-publish","format-standard","has-post-thumbnail","hentry","category-homepage","category-skoly-vyslanci-ep"],"_links":{"self":[{"href":"https:\/\/www.gym-karvina.cz\/index.php?rest_route=\/wp\/v2\/posts\/6204","targetHints":{"allow":["GET"]}}],"collection":[{"href":"https:\/\/www.gym-karvina.cz\/index.php?rest_route=\/wp\/v2\/posts"}],"about":[{"href":"https:\/\/www.gym-karvina.cz\/index.php?rest_route=\/wp\/v2\/types\/post"}],"author":[{"embeddable":true,"href":"https:\/\/www.gym-karvina.cz\/index.php?rest_route=\/wp\/v2\/users\/7"}],"replies":[{"embeddable":true,"href":"https:\/\/www.gym-karvina.cz\/index.php?rest_route=%2Fwp%2Fv2%2Fcomments&post=6204"}],"version-history":[{"count":6,"href":"https:\/\/www.gym-karvina.cz\/index.php?rest_route=\/wp\/v2\/posts\/6204\/revisions"}],"predecessor-version":[{"id":6214,"href":"https:\/\/www.gym-karvina.cz\/index.php?rest_route=\/wp\/v2\/posts\/6204\/revisions\/6214"}],"wp:featuredmedia":[{"embeddable":true,"href":"https:\/\/www.gym-karvina.cz\/index.php?rest_route=\/wp\/v2\/media\/6207"}],"wp:attachment":[{"href":"https:\/\/www.gym-karvina.cz\/index.php?rest_route=%2Fwp%2Fv2%2Fmedia&parent=6204"}],"wp:term":[{"taxonomy":"category","embeddable":true,"href":"https:\/\/www.gym-karvina.cz\/index.php?rest_route=%2Fwp%2Fv2%2Fcategories&post=6204"},{"taxonomy":"post_tag","embeddable":true,"href":"https:\/\/www.gym-karvina.cz\/index.php?rest_route=%2Fwp%2Fv2%2Ftags&post=6204"}],"curies":[{"name":"wp","href":"https:\/\/api.w.org\/{rel}","templated":true}]}}