{"id":6237,"date":"2025-12-11T16:49:26","date_gmt":"2025-12-11T15:49:26","guid":{"rendered":"https:\/\/www.gym-karvina.cz\/?p=6237"},"modified":"2025-12-11T16:49:27","modified_gmt":"2025-12-11T15:49:27","slug":"euroscola-2025-vyslanci-ep-ve-strasburku","status":"publish","type":"post","link":"https:\/\/www.gym-karvina.cz\/?p=6237","title":{"rendered":"Euroscola 2025 \u2013 Vyslanci EP ve \u0160trasburku"},"content":{"rendered":"\n<p>T\u00fdm Vyslanc\u016f Evropsk\u00e9ho parlamentu se vydal na cestu do francouzsk\u00e9ho \u0160trasburku. Ta byla odm\u011bnou za celoro\u010dn\u00ed pr\u00e1ci a nasazen\u00ed. O jejich v\u00edt\u011bzstv\u00ed si m\u016f\u017eete p\u0159e\u010d\u00edst v\u00edce <a href=\"https:\/\/www.gym-karvina.cz\/?p=5426\"><strong>ZDE<\/strong><\/a>.<\/p>\n\n\n\n<p>Sou\u010d\u00e1st\u00ed odm\u011bny byla n\u00e1v\u0161t\u011bva s\u00eddla Evropsk\u00e9ho parlamentu, simulace jeho jedn\u00e1n\u00ed a diskuze s poslancem (<a href=\"https:\/\/youtube.com\/shorts\/D592sNy-9XQ?si=Rks_CnDdoOTzzVEf\"><strong>video<\/strong><\/a>). Cestou tam \u017e\u00e1ci nav\u0161t\u00edvili Dokumenta\u010dn\u00ed centrum v Norimberku (<a href=\"https:\/\/museen.nuernberg.de\/dokuzentrum\"><strong>Dokumentationszentrum Reichsparteitagsgel\u00e4nde<\/strong><\/a>). Na prohl\u00eddce se sezn\u00e1mili s m\u00edsty nechvaln\u011b proslul\u00fdmi nacistick\u00fdmi sjezdy a masov\u00fdmi shrom\u00e1\u017ed\u011bn\u00edmi.<\/p>\n\n\n\n<p>Pot\u00e9 zam\u00ed\u0159ili do m\u00edsta veselej\u0161\u00edho, a to do Muzea Porsche ve Stuttgartu. Jeden den pobytu v\u011bnovali tak\u00e9 pozn\u00e1v\u00e1n\u00ed m\u011bsta \u0160trasburku, kde ji\u017e vl\u00e1dla v\u00e1no\u010dn\u00ed atmosf\u00e9ra.<\/p>\n\n\n\n<p>Vrcholem byla ji\u017e zmi\u0148ovan\u00e1 n\u00e1v\u0161t\u011bva Evropsk\u00e9ho parlamentu v r\u00e1mci programu <a href=\"https:\/\/youth.europarl.europa.eu\/cs\/more-information\/euroscola.html\"><strong>Euroscola<\/strong><\/a>. Karvin\u0161t\u00ed vyslanci se aktivn\u011b zapojili a t\u0159i z nich na p\u016fd\u011b EP vystoupili.<\/p>\n\n\n\n<p>D\u011bkujeme t\u00fdmu Vyslanc\u016f EP, jsme hrd\u00ed na to, \u017ee jsme sou\u010d\u00e1st\u00ed programu <a href=\"https:\/\/youth.europarl.europa.eu\/cs\/more-information\/ambassador-school\/about-epas.html\"><strong>\u201e\u0160koly \u2013 vyslanci Evropsk\u00e9ho parlamentu\u201c<\/strong><\/a>. Setk\u00e1n\u00ed se \u0161kolami, studenty a studentkami z cel\u00e9 EU bylo inspirativn\u00ed, t\u011b\u0161\u00edme se na dal\u0161\u00ed mo\u017enosti spolupr\u00e1ce.<\/p>\n\n\n\n<p class=\"has-text-align-right\"><em>Monika Brz\u00e1, Julie Jankov\u00e1<\/em><\/p>\n\n\n\n<p class=\"has-text-align-center\"><strong>Ze z\u00e1\u017eitk\u016f vyslanc\u016f sd\u00edl\u00edme:<\/strong><\/p>\n\n\n\n<p><em>\u201eZ v\u00fdletu do \u0160trasburku na Euroscolu 2025 si odn\u00e1\u0161\u00edm spoustu nov\u00fdch z\u00e1\u017eitk\u016f i znalost\u00ed. D\u00edky spole\u010dn\u00fdm aktivit\u00e1m jsem poznala nov\u00e9 p\u0159\u00e1tele z r\u016fzn\u00fdch kout\u016f Evropy. Za\u017eila jsem, jak funguje Evropsk\u00fd parlament p\u0159i debat\u00e1ch i hlasov\u00e1n\u00ed, a tato zku\u0161enost mi otev\u0159ela nov\u00e9 obzory.\u201c<\/em><\/p>\n\n\n\n<p><em>\u201eZ v\u00fdletu do \u0160trasburku m\u00e1m spoustu z\u00e1\u017eitk\u016f na cel\u00fd \u017eivot. Z v\u00fdletu na Euroscolu si odn\u00e1\u0161\u00edm mnoho poznatk\u016f o EU, bli\u017e\u0161\u00ed znalosti o jej\u00edm fungov\u00e1n\u00ed a tak\u00e9 sezn\u00e1men\u00ed s nov\u00fdmi lidmi z r\u016fzn\u00fdch \u010d\u00e1st\u00ed Evropy.\u201c<\/em><\/p>\n\n\n\n<p><em>\u201eV\u00fdlet do \u0160trasburku byl opravdu v\u00fdte\u010dn\u00fd \u2013 sbl\u00ed\u017eil jsem se se sv\u00fdmi spolu\u017e\u00e1ky, z\u00edskal zcela nov\u00e9 kamar\u00e1dy a za\u017eil v\u00e1no\u010dn\u00ed trhy ve Francii. Kolektiv byl skv\u011bl\u00fd. Co se pak samotn\u00e9 Euroscoly t\u00fd\u010de, jsem tak\u00e9 nad\u0161en a v\u00edm, \u017ee na\u0161e pr\u00e1ce vyslanc\u016f se vyplatila. Bl\u00ed\u017ee ch\u00e1pu, jak EU funguje, jak funguje samotn\u00fd parlament a co \u010dekat v budoucnu. M\u00edt mo\u017enost, rozhodn\u011b bych jel znovu.\u201c<\/em><\/p>\n\n\n\n<p><em>\u201eZ v\u00fdletu do \u0160trasburku si odn\u00e1\u0161\u00edm spoustu z\u00e1\u017eitk\u016f se sv\u00fdmi spolu\u017e\u00e1ky, mo\u017enost nav\u0161t\u00edvit m\u011bsta, kde jsem nikdy p\u0159edt\u00edm nebyla, a pov\u011bdom\u00ed o tom, jak funguje nejen EU, ale samotn\u00fd Evropsk\u00fd parlament.\u201c<\/em><\/p>\n\n\n\n<p class=\"has-text-align-center\" style=\"font-size:22px\"><a href=\"https:\/\/photos.app.goo.gl\/onciswSX8QExhse38\"><strong>FOTOGALERIE<\/strong><\/a><\/p>\n","protected":false},"excerpt":{"rendered":"<p>T\u00fdm Vyslanc\u016f Evropsk\u00e9ho parlamentu se vydal na cestu do francouzsk\u00e9ho \u0160trasburku. Ta byla odm\u011bnou za celoro\u010dn\u00ed pr\u00e1ci a nasazen\u00ed. O jejich v\u00edt\u011bzstv\u00ed si m\u016f\u017eete p\u0159e\u010d\u00edst v\u00edce ZDE. Sou\u010d\u00e1st\u00ed odm\u011bny byla n\u00e1v\u0161t\u011bva s\u00eddla Evropsk\u00e9ho parlamentu, simulace&#46;&#46;&#46;<\/p>\n","protected":false},"author":7,"featured_media":6238,"comment_status":"closed","ping_status":"closed","sticky":false,"template":"","format":"standard","meta":{"footnotes":""},"categories":[33,42],"tags":[],"class_list":["post-6237","post","type-post","status-publish","format-standard","has-post-thumbnail","hentry","category-homepage","category-skoly-vyslanci-ep"],"_links":{"self":[{"href":"https:\/\/www.gym-karvina.cz\/index.php?rest_route=\/wp\/v2\/posts\/6237","targetHints":{"allow":["GET"]}}],"collection":[{"href":"https:\/\/www.gym-karvina.cz\/index.php?rest_route=\/wp\/v2\/posts"}],"about":[{"href":"https:\/\/www.gym-karvina.cz\/index.php?rest_route=\/wp\/v2\/types\/post"}],"author":[{"embeddable":true,"href":"https:\/\/www.gym-karvina.cz\/index.php?rest_route=\/wp\/v2\/users\/7"}],"replies":[{"embeddable":true,"href":"https:\/\/www.gym-karvina.cz\/index.php?rest_route=%2Fwp%2Fv2%2Fcomments&post=6237"}],"version-history":[{"count":1,"href":"https:\/\/www.gym-karvina.cz\/index.php?rest_route=\/wp\/v2\/posts\/6237\/revisions"}],"predecessor-version":[{"id":6239,"href":"https:\/\/www.gym-karvina.cz\/index.php?rest_route=\/wp\/v2\/posts\/6237\/revisions\/6239"}],"wp:featuredmedia":[{"embeddable":true,"href":"https:\/\/www.gym-karvina.cz\/index.php?rest_route=\/wp\/v2\/media\/6238"}],"wp:attachment":[{"href":"https:\/\/www.gym-karvina.cz\/index.php?rest_route=%2Fwp%2Fv2%2Fmedia&parent=6237"}],"wp:term":[{"taxonomy":"category","embeddable":true,"href":"https:\/\/www.gym-karvina.cz\/index.php?rest_route=%2Fwp%2Fv2%2Fcategories&post=6237"},{"taxonomy":"post_tag","embeddable":true,"href":"https:\/\/www.gym-karvina.cz\/index.php?rest_route=%2Fwp%2Fv2%2Ftags&post=6237"}],"curies":[{"name":"wp","href":"https:\/\/api.w.org\/{rel}","templated":true}]}}