{"id":6240,"date":"2025-12-11T23:20:23","date_gmt":"2025-12-11T22:20:23","guid":{"rendered":"https:\/\/www.gym-karvina.cz\/?p=6240"},"modified":"2025-12-11T23:20:24","modified_gmt":"2025-12-11T22:20:24","slug":"skolni-kolo-olympiady-z-ceskeho-jazyka-zna-sve-postupujici","status":"publish","type":"post","link":"https:\/\/www.gym-karvina.cz\/?p=6240","title":{"rendered":"\u0160koln\u00ed kolo olympi\u00e1dy z\u00a0\u010desk\u00e9ho jazyka zn\u00e1 sv\u00e9 postupuj\u00edc\u00ed"},"content":{"rendered":"\n<p>V\u00a0\u00fater\u00fd 25. 11. prob\u011bhlo na Gymn\u00e1ziu Karvin\u00e1 \u0161koln\u00ed kolo olympi\u00e1dy z\u00a0\u010desk\u00e9ho jazyka, kter\u00e9 se tradi\u010dn\u011b uskute\u010dnilo ve dvou kategori\u00edch \u2013 pro ni\u017e\u0161\u00ed a vy\u0161\u0161\u00ed gymn\u00e1zium. Sout\u011b\u017ee se celkem z\u00fa\u010dastnilo 63 \u017e\u00e1k\u016f, z toho 42 ve vy\u0161\u0161\u00ed kategorii a 21 v kategorii ni\u017e\u0161\u00ed.<\/p>\n\n\n\n<p>Sout\u011b\u017e\u00edc\u00ed museli prok\u00e1zat nejen v\u00fdborn\u00e9 znalosti \u010desk\u00e9ho jazyka v\u00a0n\u00e1ro\u010dn\u00e9 mluvnick\u00e9 \u010d\u00e1sti, ale tak\u00e9 schopnost stylistick\u00e9ho vyjad\u0159ov\u00e1n\u00ed ve slohov\u00e9 pr\u00e1ci, kter\u00e1 je ned\u00edlnou sou\u010d\u00e1st\u00ed zad\u00e1n\u00ed.<\/p>\n\n\n\n<p>V kategorii vy\u0161\u0161\u00edho gymn\u00e1zia postupuj\u00ed do okresn\u00edho kola Ema Kutl\u00e1kov\u00e1 a Eva Svr\u010dkov\u00e1, ob\u011b studentky okt\u00e1vy. Za ni\u017e\u0161\u00ed gymn\u00e1zium si postup vybojovaly Nora K\u00fchtreiberov\u00e1 a Valerie Hellerov\u00e1, ob\u011b z kvarty.<\/p>\n\n\n\n<p>V\u0161em \u00fa\u010dastn\u00edk\u016fm d\u011bkujeme a postupuj\u00edc\u00edm sout\u011b\u017e\u00edc\u00edm p\u0159ejeme hodn\u011b \u00fasp\u011bch\u016f v okresn\u00edm kole.<\/p>\n\n\n\n<p class=\"has-text-align-right\"><em>Za PK \u010desk\u00e9ho jazyka Mgr. Jakub Sn\u00e1\u0161el<\/em><\/p>\n\n\n\n<figure class=\"wp-block-gallery has-nested-images columns-default is-cropped wp-block-gallery-1 is-layout-flex wp-block-gallery-is-layout-flex\">\n<figure data-wp-context=\"{&quot;imageId&quot;:&quot;69ec8bf1833c3&quot;}\" data-wp-interactive=\"core\/image\" data-wp-key=\"69ec8bf1833c3\" class=\"wp-block-image size-large wp-lightbox-container\"><img loading=\"lazy\" decoding=\"async\" width=\"1024\" height=\"576\" data-wp-class--hide=\"state.isContentHidden\" data-wp-class--show=\"state.isContentVisible\" data-wp-init=\"callbacks.setButtonStyles\" data-wp-on--click=\"actions.showLightbox\" data-wp-on--load=\"callbacks.setButtonStyles\" data-wp-on-window--resize=\"callbacks.setButtonStyles\" data-id=\"6242\" src=\"https:\/\/www.gym-karvina.cz\/wp-content\/uploads\/2025\/12\/Olympiada-velci-1024x576.jpg\" alt=\"\" class=\"wp-image-6242\" srcset=\"https:\/\/www.gym-karvina.cz\/wp-content\/uploads\/2025\/12\/Olympiada-velci-1024x576.jpg 1024w, https:\/\/www.gym-karvina.cz\/wp-content\/uploads\/2025\/12\/Olympiada-velci-300x169.jpg 300w, https:\/\/www.gym-karvina.cz\/wp-content\/uploads\/2025\/12\/Olympiada-velci-768x432.jpg 768w, https:\/\/www.gym-karvina.cz\/wp-content\/uploads\/2025\/12\/Olympiada-velci-1536x864.jpg 1536w, https:\/\/www.gym-karvina.cz\/wp-content\/uploads\/2025\/12\/Olympiada-velci-2048x1152.jpg 2048w, https:\/\/www.gym-karvina.cz\/wp-content\/uploads\/2025\/12\/Olympiada-velci-24x14.jpg 24w, https:\/\/www.gym-karvina.cz\/wp-content\/uploads\/2025\/12\/Olympiada-velci-36x20.jpg 36w, https:\/\/www.gym-karvina.cz\/wp-content\/uploads\/2025\/12\/Olympiada-velci-48x27.jpg 48w\" sizes=\"auto, (max-width: 1024px) 100vw, 1024px\" \/><button\n\t\t\tclass=\"lightbox-trigger\"\n\t\t\ttype=\"button\"\n\t\t\taria-haspopup=\"dialog\"\n\t\t\taria-label=\"Zv\u011bt\u0161it\"\n\t\t\tdata-wp-init=\"callbacks.initTriggerButton\"\n\t\t\tdata-wp-on--click=\"actions.showLightbox\"\n\t\t\tdata-wp-style--right=\"state.imageButtonRight\"\n\t\t\tdata-wp-style--top=\"state.imageButtonTop\"\n\t\t>\n\t\t\t<svg xmlns=\"http:\/\/www.w3.org\/2000\/svg\" width=\"12\" height=\"12\" fill=\"none\" viewBox=\"0 0 12 12\">\n\t\t\t\t<path fill=\"#fff\" d=\"M2 0a2 2 0 0 0-2 2v2h1.5V2a.5.5 0 0 1 .5-.5h2V0H2Zm2 10.5H2a.5.5 0 0 1-.5-.5V8H0v2a2 2 0 0 0 2 2h2v-1.5ZM8 12v-1.5h2a.5.5 0 0 0 .5-.5V8H12v2a2 2 0 0 1-2 2H8Zm2-12a2 2 0 0 1 2 2v2h-1.5V2a.5.5 0 0 0-.5-.5H8V0h2Z\" \/>\n\t\t\t<\/svg>\n\t\t<\/button><\/figure>\n\n\n\n<figure data-wp-context=\"{&quot;imageId&quot;:&quot;69ec8bf183a5f&quot;}\" data-wp-interactive=\"core\/image\" data-wp-key=\"69ec8bf183a5f\" class=\"wp-block-image size-large wp-lightbox-container\"><img loading=\"lazy\" decoding=\"async\" width=\"1024\" height=\"576\" data-wp-class--hide=\"state.isContentHidden\" data-wp-class--show=\"state.isContentVisible\" data-wp-init=\"callbacks.setButtonStyles\" data-wp-on--click=\"actions.showLightbox\" data-wp-on--load=\"callbacks.setButtonStyles\" data-wp-on-window--resize=\"callbacks.setButtonStyles\" data-id=\"6241\" src=\"https:\/\/www.gym-karvina.cz\/wp-content\/uploads\/2025\/12\/Olympiada-mali-1024x576.jpg\" alt=\"\" class=\"wp-image-6241\" srcset=\"https:\/\/www.gym-karvina.cz\/wp-content\/uploads\/2025\/12\/Olympiada-mali-1024x576.jpg 1024w, https:\/\/www.gym-karvina.cz\/wp-content\/uploads\/2025\/12\/Olympiada-mali-300x169.jpg 300w, https:\/\/www.gym-karvina.cz\/wp-content\/uploads\/2025\/12\/Olympiada-mali-768x432.jpg 768w, https:\/\/www.gym-karvina.cz\/wp-content\/uploads\/2025\/12\/Olympiada-mali-1536x864.jpg 1536w, https:\/\/www.gym-karvina.cz\/wp-content\/uploads\/2025\/12\/Olympiada-mali-2048x1152.jpg 2048w, https:\/\/www.gym-karvina.cz\/wp-content\/uploads\/2025\/12\/Olympiada-mali-24x14.jpg 24w, https:\/\/www.gym-karvina.cz\/wp-content\/uploads\/2025\/12\/Olympiada-mali-36x20.jpg 36w, https:\/\/www.gym-karvina.cz\/wp-content\/uploads\/2025\/12\/Olympiada-mali-48x27.jpg 48w\" sizes=\"auto, (max-width: 1024px) 100vw, 1024px\" \/><button\n\t\t\tclass=\"lightbox-trigger\"\n\t\t\ttype=\"button\"\n\t\t\taria-haspopup=\"dialog\"\n\t\t\taria-label=\"Zv\u011bt\u0161it\"\n\t\t\tdata-wp-init=\"callbacks.initTriggerButton\"\n\t\t\tdata-wp-on--click=\"actions.showLightbox\"\n\t\t\tdata-wp-style--right=\"state.imageButtonRight\"\n\t\t\tdata-wp-style--top=\"state.imageButtonTop\"\n\t\t>\n\t\t\t<svg xmlns=\"http:\/\/www.w3.org\/2000\/svg\" width=\"12\" height=\"12\" fill=\"none\" viewBox=\"0 0 12 12\">\n\t\t\t\t<path fill=\"#fff\" d=\"M2 0a2 2 0 0 0-2 2v2h1.5V2a.5.5 0 0 1 .5-.5h2V0H2Zm2 10.5H2a.5.5 0 0 1-.5-.5V8H0v2a2 2 0 0 0 2 2h2v-1.5ZM8 12v-1.5h2a.5.5 0 0 0 .5-.5V8H12v2a2 2 0 0 1-2 2H8Zm2-12a2 2 0 0 1 2 2v2h-1.5V2a.5.5 0 0 0-.5-.5H8V0h2Z\" \/>\n\t\t\t<\/svg>\n\t\t<\/button><\/figure>\n<\/figure>\n","protected":false},"excerpt":{"rendered":"<p>V\u00a0\u00fater\u00fd 25. 11. prob\u011bhlo na Gymn\u00e1ziu Karvin\u00e1 \u0161koln\u00ed kolo olympi\u00e1dy z\u00a0\u010desk\u00e9ho jazyka, kter\u00e9 se tradi\u010dn\u011b uskute\u010dnilo ve dvou kategori\u00edch \u2013 pro ni\u017e\u0161\u00ed a vy\u0161\u0161\u00ed gymn\u00e1zium. Sout\u011b\u017ee se celkem z\u00fa\u010dastnilo 63 \u017e\u00e1k\u016f, z toho 42 ve&#46;&#46;&#46;<\/p>\n","protected":false},"author":7,"featured_media":6243,"comment_status":"closed","ping_status":"closed","sticky":false,"template":"","format":"standard","meta":{"footnotes":""},"categories":[33],"tags":[],"class_list":["post-6240","post","type-post","status-publish","format-standard","has-post-thumbnail","hentry","category-homepage"],"_links":{"self":[{"href":"https:\/\/www.gym-karvina.cz\/index.php?rest_route=\/wp\/v2\/posts\/6240","targetHints":{"allow":["GET"]}}],"collection":[{"href":"https:\/\/www.gym-karvina.cz\/index.php?rest_route=\/wp\/v2\/posts"}],"about":[{"href":"https:\/\/www.gym-karvina.cz\/index.php?rest_route=\/wp\/v2\/types\/post"}],"author":[{"embeddable":true,"href":"https:\/\/www.gym-karvina.cz\/index.php?rest_route=\/wp\/v2\/users\/7"}],"replies":[{"embeddable":true,"href":"https:\/\/www.gym-karvina.cz\/index.php?rest_route=%2Fwp%2Fv2%2Fcomments&post=6240"}],"version-history":[{"count":1,"href":"https:\/\/www.gym-karvina.cz\/index.php?rest_route=\/wp\/v2\/posts\/6240\/revisions"}],"predecessor-version":[{"id":6244,"href":"https:\/\/www.gym-karvina.cz\/index.php?rest_route=\/wp\/v2\/posts\/6240\/revisions\/6244"}],"wp:featuredmedia":[{"embeddable":true,"href":"https:\/\/www.gym-karvina.cz\/index.php?rest_route=\/wp\/v2\/media\/6243"}],"wp:attachment":[{"href":"https:\/\/www.gym-karvina.cz\/index.php?rest_route=%2Fwp%2Fv2%2Fmedia&parent=6240"}],"wp:term":[{"taxonomy":"category","embeddable":true,"href":"https:\/\/www.gym-karvina.cz\/index.php?rest_route=%2Fwp%2Fv2%2Fcategories&post=6240"},{"taxonomy":"post_tag","embeddable":true,"href":"https:\/\/www.gym-karvina.cz\/index.php?rest_route=%2Fwp%2Fv2%2Ftags&post=6240"}],"curies":[{"name":"wp","href":"https:\/\/api.w.org\/{rel}","templated":true}]}}