{"id":6245,"date":"2025-12-12T22:53:25","date_gmt":"2025-12-12T21:53:25","guid":{"rendered":"https:\/\/www.gym-karvina.cz\/?p=6245"},"modified":"2025-12-12T22:54:21","modified_gmt":"2025-12-12T21:54:21","slug":"kouzelna-vanocni-viden","status":"publish","type":"post","link":"https:\/\/www.gym-karvina.cz\/?p=6245","title":{"rendered":"Kouzeln\u00e1 v\u00e1no\u010dn\u00ed V\u00edde\u0148"},"content":{"rendered":"\n<p>Kouzeln\u00e1 v\u00e1no\u010dn\u00ed V\u00edde\u0148 l\u00e1k\u00e1 ka\u017ed\u00fd rok tis\u00edce n\u00e1v\u0161t\u011bvn\u00edk\u016f z cel\u00e9ho sv\u011bta. Nen\u00ed se \u010demu divit. V\u016fn\u011b tepl\u00e9ho sva\u0159\u00e1ku \u010di pun\u010de, sv\u011bt\u00e9lka z\u00e1\u0159\u00edc\u00ed v pozad\u00ed a atmosf\u00e9ra p\u0159ich\u00e1zej\u00edc\u00edch V\u00e1noc prov\u00e1z\u00ed n\u00e1v\u0161t\u011bvn\u00edky V\u00eddn\u011b v obdob\u00ed adventu doslova na ka\u017ed\u00e9m kroku.<\/p>\n\n\n\n<p>\u0160anci pro\u017e\u00edt tyto nezapomenuteln\u00e9 momenty si nenechali uj\u00edt ani na\u0161i \u017e\u00e1ci Gymn\u00e1zia Karvin\u00e1, kte\u0159\u00ed se vydali za hranice do Rakouska dne <strong>5. 12. 2025<\/strong>.<\/p>\n\n\n\n<p>N\u00e1v\u0161t\u011bv\u011b zmi\u0148ovan\u00fdch v\u00e1no\u010dn\u00edch trh\u016f p\u0159edch\u00e1zela <strong>prohl\u00eddka historick\u00e9ho centra V\u00eddn\u011b<\/strong>, obdiv <strong>d\u00f3mu sv. \u0160t\u011bp\u00e1na<\/strong> a prohl\u00eddka muzea <strong>Haus der Musik<\/strong>, kter\u00e1 obohatila na\u0161e \u017e\u00e1ky o mnoho kulturn\u00edch zaj\u00edmavost\u00ed ze sv\u011bta hudby a jej\u00ed historie.<\/p>\n\n\n\n<p>P\u0159\u00edjemn\u00fdm zakon\u010den\u00edm pak byl rozchod u v\u00e1no\u010dn\u00edch trh\u016f u <strong>radnice<\/strong>, kde m\u011bl ka\u017ed\u00fd mo\u017enost si z tohoto kr\u00e1sn\u00e9ho v\u00fdletu odn\u00e9st n\u011bco dom\u016f.<\/p>\n\n\n\n<p>D\u011bkujeme pan\u00ed Foksov\u00e9 a pan\u00ed Jankov\u00e9 za zp\u0159\u00edjemn\u011bn\u00ed obdob\u00ed \u010dek\u00e1n\u00ed na V\u00e1noce.<\/p>\n\n\n\n<p class=\"has-text-align-right\"><em>Tereza Stonawsk\u00e1, 4.B<\/em><\/p>\n\n\n\n<p class=\"has-text-align-center\" style=\"font-size:22px\"><strong><a href=\"https:\/\/photos.app.goo.gl\/P7C3JM7kMz6bxXtu6\" target=\"_blank\" rel=\"noreferrer noopener\">FOTOGALERIE<\/a><\/strong><\/p>\n\n\n\n<figure class=\"wp-block-image size-large\"><a href=\"https:\/\/photos.app.goo.gl\/P7C3JM7kMz6bxXtu6\" target=\"_blank\" rel=\" noreferrer noopener\"><img loading=\"lazy\" decoding=\"async\" width=\"1024\" height=\"576\" src=\"https:\/\/www.gym-karvina.cz\/wp-content\/uploads\/2025\/12\/image-1024x576.png\" alt=\"\" class=\"wp-image-6248\" srcset=\"https:\/\/www.gym-karvina.cz\/wp-content\/uploads\/2025\/12\/image-1024x576.png 1024w, https:\/\/www.gym-karvina.cz\/wp-content\/uploads\/2025\/12\/image-300x169.png 300w, https:\/\/www.gym-karvina.cz\/wp-content\/uploads\/2025\/12\/image-768x432.png 768w, https:\/\/www.gym-karvina.cz\/wp-content\/uploads\/2025\/12\/image-1536x864.png 1536w, https:\/\/www.gym-karvina.cz\/wp-content\/uploads\/2025\/12\/image-24x13.png 24w, https:\/\/www.gym-karvina.cz\/wp-content\/uploads\/2025\/12\/image-36x20.png 36w, https:\/\/www.gym-karvina.cz\/wp-content\/uploads\/2025\/12\/image-48x27.png 48w, https:\/\/www.gym-karvina.cz\/wp-content\/uploads\/2025\/12\/image.png 1762w\" sizes=\"auto, (max-width: 1024px) 100vw, 1024px\" \/><\/a><\/figure>\n","protected":false},"excerpt":{"rendered":"<p>Kouzeln\u00e1 v\u00e1no\u010dn\u00ed V\u00edde\u0148 l\u00e1k\u00e1 ka\u017ed\u00fd rok tis\u00edce n\u00e1v\u0161t\u011bvn\u00edk\u016f z cel\u00e9ho sv\u011bta. Nen\u00ed se \u010demu divit. V\u016fn\u011b tepl\u00e9ho sva\u0159\u00e1ku \u010di pun\u010de, sv\u011bt\u00e9lka z\u00e1\u0159\u00edc\u00ed v pozad\u00ed a atmosf\u00e9ra p\u0159ich\u00e1zej\u00edc\u00edch V\u00e1noc prov\u00e1z\u00ed n\u00e1v\u0161t\u011bvn\u00edky V\u00eddn\u011b v obdob\u00ed adventu doslova&#46;&#46;&#46;<\/p>\n","protected":false},"author":7,"featured_media":6246,"comment_status":"closed","ping_status":"closed","sticky":false,"template":"","format":"standard","meta":{"footnotes":""},"categories":[33],"tags":[],"class_list":["post-6245","post","type-post","status-publish","format-standard","has-post-thumbnail","hentry","category-homepage"],"_links":{"self":[{"href":"https:\/\/www.gym-karvina.cz\/index.php?rest_route=\/wp\/v2\/posts\/6245","targetHints":{"allow":["GET"]}}],"collection":[{"href":"https:\/\/www.gym-karvina.cz\/index.php?rest_route=\/wp\/v2\/posts"}],"about":[{"href":"https:\/\/www.gym-karvina.cz\/index.php?rest_route=\/wp\/v2\/types\/post"}],"author":[{"embeddable":true,"href":"https:\/\/www.gym-karvina.cz\/index.php?rest_route=\/wp\/v2\/users\/7"}],"replies":[{"embeddable":true,"href":"https:\/\/www.gym-karvina.cz\/index.php?rest_route=%2Fwp%2Fv2%2Fcomments&post=6245"}],"version-history":[{"count":2,"href":"https:\/\/www.gym-karvina.cz\/index.php?rest_route=\/wp\/v2\/posts\/6245\/revisions"}],"predecessor-version":[{"id":6250,"href":"https:\/\/www.gym-karvina.cz\/index.php?rest_route=\/wp\/v2\/posts\/6245\/revisions\/6250"}],"wp:featuredmedia":[{"embeddable":true,"href":"https:\/\/www.gym-karvina.cz\/index.php?rest_route=\/wp\/v2\/media\/6246"}],"wp:attachment":[{"href":"https:\/\/www.gym-karvina.cz\/index.php?rest_route=%2Fwp%2Fv2%2Fmedia&parent=6245"}],"wp:term":[{"taxonomy":"category","embeddable":true,"href":"https:\/\/www.gym-karvina.cz\/index.php?rest_route=%2Fwp%2Fv2%2Fcategories&post=6245"},{"taxonomy":"post_tag","embeddable":true,"href":"https:\/\/www.gym-karvina.cz\/index.php?rest_route=%2Fwp%2Fv2%2Ftags&post=6245"}],"curies":[{"name":"wp","href":"https:\/\/api.w.org\/{rel}","templated":true}]}}