{"id":6391,"date":"2025-12-14T18:06:33","date_gmt":"2025-12-14T17:06:33","guid":{"rendered":"https:\/\/www.gym-karvina.cz\/?p=6391"},"modified":"2025-12-14T18:06:33","modified_gmt":"2025-12-14T17:06:33","slug":"mcr-open-2025-ve-zpracovani-textu","status":"publish","type":"post","link":"https:\/\/www.gym-karvina.cz\/?p=6391","title":{"rendered":"M\u010cR Open 2025 ve zpracov\u00e1n\u00ed text\u016f"},"content":{"rendered":"\n<p>Po t\u0159\u00eddenn\u00edm sout\u011b\u017een\u00ed si Filip Kempn\u00fd p\u0159ivezl z M\u010cR Open 2025 v Praze p\u011bt zlat\u00fdch medail\u00ed a je\u0161t\u011b poh\u00e1r za prvn\u00ed m\u00edsto v kombinaci.<\/p>\n\n\n\n<p>Sout\u011b\u017eil v t\u011bchto discipl\u00edn\u00e1ch: audiotranscription (p\u0159epis diktovan\u00e9ho zrychluj\u00edc\u00edho se mluven\u00e9ho slova), 30min opis textu, korektura textu, protokolov\u00e1n\u00ed a z\u00e1znam mluven\u00e9ho slova.<\/p>\n\n\n\n<p class=\"has-text-align-center\">Gratulujeme!<\/p>\n\n\n<div class=\"wp-block-image\">\n<figure class=\"aligncenter size-full is-resized\"><img loading=\"lazy\" decoding=\"async\" width=\"800\" height=\"809\" src=\"https:\/\/www.gym-karvina.cz\/wp-content\/uploads\/2025\/12\/20251213_130123.jpg\" alt=\"\" class=\"wp-image-6392\" style=\"aspect-ratio:0.9888942539835828;width:553px;height:auto\" srcset=\"https:\/\/www.gym-karvina.cz\/wp-content\/uploads\/2025\/12\/20251213_130123.jpg 800w, https:\/\/www.gym-karvina.cz\/wp-content\/uploads\/2025\/12\/20251213_130123-297x300.jpg 297w, https:\/\/www.gym-karvina.cz\/wp-content\/uploads\/2025\/12\/20251213_130123-768x777.jpg 768w, https:\/\/www.gym-karvina.cz\/wp-content\/uploads\/2025\/12\/20251213_130123-80x80.jpg 80w, https:\/\/www.gym-karvina.cz\/wp-content\/uploads\/2025\/12\/20251213_130123-24x24.jpg 24w, https:\/\/www.gym-karvina.cz\/wp-content\/uploads\/2025\/12\/20251213_130123-36x36.jpg 36w, https:\/\/www.gym-karvina.cz\/wp-content\/uploads\/2025\/12\/20251213_130123-48x48.jpg 48w\" sizes=\"auto, (max-width: 800px) 100vw, 800px\" \/><\/figure>\n<\/div>\n\n\n<p><\/p>\n\n\n<div class=\"wp-block-image\">\n<figure class=\"aligncenter size-large is-resized\"><img loading=\"lazy\" decoding=\"async\" width=\"1024\" height=\"781\" src=\"https:\/\/www.gym-karvina.cz\/wp-content\/uploads\/2025\/12\/20251214_124812-1024x781.jpg\" alt=\"\" class=\"wp-image-6393\" style=\"aspect-ratio:1.311136340179585;width:728px;height:auto\" srcset=\"https:\/\/www.gym-karvina.cz\/wp-content\/uploads\/2025\/12\/20251214_124812-1024x781.jpg 1024w, https:\/\/www.gym-karvina.cz\/wp-content\/uploads\/2025\/12\/20251214_124812-300x229.jpg 300w, https:\/\/www.gym-karvina.cz\/wp-content\/uploads\/2025\/12\/20251214_124812-768x586.jpg 768w, https:\/\/www.gym-karvina.cz\/wp-content\/uploads\/2025\/12\/20251214_124812-24x18.jpg 24w, https:\/\/www.gym-karvina.cz\/wp-content\/uploads\/2025\/12\/20251214_124812-36x27.jpg 36w, https:\/\/www.gym-karvina.cz\/wp-content\/uploads\/2025\/12\/20251214_124812-48x37.jpg 48w, https:\/\/www.gym-karvina.cz\/wp-content\/uploads\/2025\/12\/20251214_124812.jpg 1200w\" sizes=\"auto, (max-width: 1024px) 100vw, 1024px\" \/><\/figure>\n<\/div>\n\n\n<p><\/p>\n\n\n\n<p><\/p>\n","protected":false},"excerpt":{"rendered":"<p>Po t\u0159\u00eddenn\u00edm sout\u011b\u017een\u00ed si Filip Kempn\u00fd p\u0159ivezl z M\u010cR Open 2025 v Praze p\u011bt zlat\u00fdch medail\u00ed a je\u0161t\u011b poh\u00e1r za prvn\u00ed m\u00edsto v kombinaci. Sout\u011b\u017eil v t\u011bchto discipl\u00edn\u00e1ch: audiotranscription (p\u0159epis diktovan\u00e9ho zrychluj\u00edc\u00edho se mluven\u00e9ho slova),&#46;&#46;&#46;<\/p>\n","protected":false},"author":3,"featured_media":6392,"comment_status":"closed","ping_status":"closed","sticky":false,"template":"","format":"standard","meta":{"footnotes":""},"categories":[33],"tags":[],"class_list":["post-6391","post","type-post","status-publish","format-standard","has-post-thumbnail","hentry","category-homepage"],"_links":{"self":[{"href":"https:\/\/www.gym-karvina.cz\/index.php?rest_route=\/wp\/v2\/posts\/6391","targetHints":{"allow":["GET"]}}],"collection":[{"href":"https:\/\/www.gym-karvina.cz\/index.php?rest_route=\/wp\/v2\/posts"}],"about":[{"href":"https:\/\/www.gym-karvina.cz\/index.php?rest_route=\/wp\/v2\/types\/post"}],"author":[{"embeddable":true,"href":"https:\/\/www.gym-karvina.cz\/index.php?rest_route=\/wp\/v2\/users\/3"}],"replies":[{"embeddable":true,"href":"https:\/\/www.gym-karvina.cz\/index.php?rest_route=%2Fwp%2Fv2%2Fcomments&post=6391"}],"version-history":[{"count":1,"href":"https:\/\/www.gym-karvina.cz\/index.php?rest_route=\/wp\/v2\/posts\/6391\/revisions"}],"predecessor-version":[{"id":6394,"href":"https:\/\/www.gym-karvina.cz\/index.php?rest_route=\/wp\/v2\/posts\/6391\/revisions\/6394"}],"wp:featuredmedia":[{"embeddable":true,"href":"https:\/\/www.gym-karvina.cz\/index.php?rest_route=\/wp\/v2\/media\/6392"}],"wp:attachment":[{"href":"https:\/\/www.gym-karvina.cz\/index.php?rest_route=%2Fwp%2Fv2%2Fmedia&parent=6391"}],"wp:term":[{"taxonomy":"category","embeddable":true,"href":"https:\/\/www.gym-karvina.cz\/index.php?rest_route=%2Fwp%2Fv2%2Fcategories&post=6391"},{"taxonomy":"post_tag","embeddable":true,"href":"https:\/\/www.gym-karvina.cz\/index.php?rest_route=%2Fwp%2Fv2%2Ftags&post=6391"}],"curies":[{"name":"wp","href":"https:\/\/api.w.org\/{rel}","templated":true}]}}