{"id":6423,"date":"2025-12-16T18:03:04","date_gmt":"2025-12-16T17:03:04","guid":{"rendered":"https:\/\/www.gym-karvina.cz\/?p=6423"},"modified":"2025-12-16T18:03:05","modified_gmt":"2025-12-16T17:03:05","slug":"kdyz-jde-herec-na-sichtu","status":"publish","type":"post","link":"https:\/\/www.gym-karvina.cz\/?p=6423","title":{"rendered":"Kdy\u017e jde herec na \u0161ichtu"},"content":{"rendered":"\n<p>B\u011bhem t\u0159et\u00edho adventn\u00edho t\u00fddne nav\u0161t\u00edvili \u017e\u00e1ci prvn\u00edho ro\u010dn\u00edku (v\u010detn\u011b kvinty) v\u00a0r\u00e1mci v\u00fduky \u010desk\u00e9ho jazyka <strong>Divadlo Ji\u0159\u00edho Myrona v\u00a0Ostrav\u011b<\/strong>. Zde m\u011bli mo\u017enost proj\u00edt si divadlo s\u00a0pr\u016fvodcem p\u0159i komentovan\u00e9 prohl\u00eddce, kdy se dostali i do prostor, kter\u00e9 jsou b\u011b\u017en\u011b ve\u0159ejnosti zapov\u011bzen\u00e9.<\/p>\n\n\n\n<p>Nejd\u0159\u00edve vyu\u017eili \u0161atny herc\u016f, pak se p\u0159esunuli d\u00e1le do nitra divadla. Velk\u00e9 jevi\u0161t\u011b s\u00a0kulisami, oto\u010dnou podlahou a protipo\u017e\u00e1rn\u00ed oponou p\u016fsobilo majest\u00e1tn\u011b a\u017e tajemn\u011b, kdy\u017e proch\u00e1zeli \u010derno\u010dernou tmou ke sv\u011btlu \u2013 tedy na jevi\u0161t\u011b.\u00a0 Zde nahl\u00e9dli do orchest\u0159i\u0161t\u011b, kter\u00e9 m\u016f\u017ee pojmout a\u017e 70 hudebn\u00edk\u016f i s\u00a0jejich n\u00e1stroji, a obsadili hledi\u0161t\u011b jako v\u00a0t\u00e9to chv\u00edli jedin\u00ed n\u00e1v\u0161t\u011bvn\u00edci. Dal\u0161\u00ed zaj\u00edmavosti se dov\u011bd\u011bli ve zvuka\u0159sk\u00e9 m\u00edstnosti, kde dostali do ruky i speci\u00e1ln\u00ed mikrofon, kter\u00fd pou\u017e\u00edvaj\u00ed herci na sc\u00e9n\u011b. V\u00edce \u010dasu str\u00e1vili ve zku\u0161ebn\u011b. Tady pro n\u011b p\u0159ipravili pr\u016fvodci mal\u00fd atelier. Naposledy zam\u00ed\u0159ili na malou sc\u00e9nu a v\u00a0dobr\u00e9 n\u00e1lad\u011b si n\u011bkte\u0159\u00ed vyzkou\u0161eli i mluvit \u010di zp\u00edvat na jevi\u0161ti jako skute\u010dn\u00ed herci.<\/p>\n\n\n\n<p>D\u011bkujeme herc\u016fm NDM a DJM, kte\u0159\u00ed se n\u00e1m v\u011bnovali a p\u0159\u00edjemn\u00fdm zp\u016fsobem n\u00e1m p\u0159ibl\u00ed\u017eili svou pr\u00e1ci a divadeln\u00ed prost\u0159ed\u00ed. Douf\u00e1me, \u017ee na\u0161i \u017e\u00e1ci tuto cestu k\u00a0um\u011bn\u00ed nejenom divadeln\u00edmu u\u017e neztrat\u00ed a budou po n\u00ed chodit \u010dasto.<\/p>\n\n\n\n<p class=\"has-text-align-right\"><em>Za PK \u010desk\u00e9ho jazyka Mgr. Radka Dr\u00e1bov\u00e1<\/em><\/p>\n\n\n\n<p class=\"has-text-align-center\" style=\"font-size:22px\"><strong><a href=\"https:\/\/photos.app.goo.gl\/U9wqmoQGc9ktWmQk6\" target=\"_blank\" rel=\"noreferrer noopener\">FOTOGALERIE<\/a><\/strong><\/p>\n\n\n<div class=\"wp-block-image\">\n<figure class=\"aligncenter size-large\"><a href=\"https:\/\/photos.app.goo.gl\/U9wqmoQGc9ktWmQk6\" target=\"_blank\" rel=\" noreferrer noopener\"><img loading=\"lazy\" decoding=\"async\" width=\"1024\" height=\"768\" src=\"https:\/\/www.gym-karvina.cz\/wp-content\/uploads\/2025\/12\/image-3-1024x768.png\" alt=\"\" class=\"wp-image-6425\" style=\"aspect-ratio:16\/9;object-fit:cover\" srcset=\"https:\/\/www.gym-karvina.cz\/wp-content\/uploads\/2025\/12\/image-3-1024x768.png 1024w, https:\/\/www.gym-karvina.cz\/wp-content\/uploads\/2025\/12\/image-3-300x225.png 300w, https:\/\/www.gym-karvina.cz\/wp-content\/uploads\/2025\/12\/image-3-768x576.png 768w, https:\/\/www.gym-karvina.cz\/wp-content\/uploads\/2025\/12\/image-3-24x18.png 24w, https:\/\/www.gym-karvina.cz\/wp-content\/uploads\/2025\/12\/image-3-36x27.png 36w, https:\/\/www.gym-karvina.cz\/wp-content\/uploads\/2025\/12\/image-3-48x36.png 48w, https:\/\/www.gym-karvina.cz\/wp-content\/uploads\/2025\/12\/image-3.png 1321w\" sizes=\"auto, (max-width: 1024px) 100vw, 1024px\" \/><\/a><\/figure>\n<\/div>","protected":false},"excerpt":{"rendered":"<p>B\u011bhem t\u0159et\u00edho adventn\u00edho t\u00fddne nav\u0161t\u00edvili \u017e\u00e1ci prvn\u00edho ro\u010dn\u00edku (v\u010detn\u011b kvinty) v\u00a0r\u00e1mci v\u00fduky \u010desk\u00e9ho jazyka Divadlo Ji\u0159\u00edho Myrona v\u00a0Ostrav\u011b. Zde m\u011bli mo\u017enost proj\u00edt si divadlo s\u00a0pr\u016fvodcem p\u0159i komentovan\u00e9 prohl\u00eddce, kdy se dostali i do prostor, kter\u00e9&#46;&#46;&#46;<\/p>\n","protected":false},"author":7,"featured_media":6424,"comment_status":"closed","ping_status":"closed","sticky":false,"template":"","format":"standard","meta":{"footnotes":""},"categories":[33],"tags":[],"class_list":["post-6423","post","type-post","status-publish","format-standard","has-post-thumbnail","hentry","category-homepage"],"_links":{"self":[{"href":"https:\/\/www.gym-karvina.cz\/index.php?rest_route=\/wp\/v2\/posts\/6423","targetHints":{"allow":["GET"]}}],"collection":[{"href":"https:\/\/www.gym-karvina.cz\/index.php?rest_route=\/wp\/v2\/posts"}],"about":[{"href":"https:\/\/www.gym-karvina.cz\/index.php?rest_route=\/wp\/v2\/types\/post"}],"author":[{"embeddable":true,"href":"https:\/\/www.gym-karvina.cz\/index.php?rest_route=\/wp\/v2\/users\/7"}],"replies":[{"embeddable":true,"href":"https:\/\/www.gym-karvina.cz\/index.php?rest_route=%2Fwp%2Fv2%2Fcomments&post=6423"}],"version-history":[{"count":1,"href":"https:\/\/www.gym-karvina.cz\/index.php?rest_route=\/wp\/v2\/posts\/6423\/revisions"}],"predecessor-version":[{"id":6426,"href":"https:\/\/www.gym-karvina.cz\/index.php?rest_route=\/wp\/v2\/posts\/6423\/revisions\/6426"}],"wp:featuredmedia":[{"embeddable":true,"href":"https:\/\/www.gym-karvina.cz\/index.php?rest_route=\/wp\/v2\/media\/6424"}],"wp:attachment":[{"href":"https:\/\/www.gym-karvina.cz\/index.php?rest_route=%2Fwp%2Fv2%2Fmedia&parent=6423"}],"wp:term":[{"taxonomy":"category","embeddable":true,"href":"https:\/\/www.gym-karvina.cz\/index.php?rest_route=%2Fwp%2Fv2%2Fcategories&post=6423"},{"taxonomy":"post_tag","embeddable":true,"href":"https:\/\/www.gym-karvina.cz\/index.php?rest_route=%2Fwp%2Fv2%2Ftags&post=6423"}],"curies":[{"name":"wp","href":"https:\/\/api.w.org\/{rel}","templated":true}]}}