{"id":6427,"date":"2025-12-18T16:07:58","date_gmt":"2025-12-18T15:07:58","guid":{"rendered":"https:\/\/www.gym-karvina.cz\/?p=6427"},"modified":"2025-12-18T16:08:00","modified_gmt":"2025-12-18T15:08:00","slug":"stredecni-chvilka-nejen-poezie","status":"publish","type":"post","link":"https:\/\/www.gym-karvina.cz\/?p=6427","title":{"rendered":"St\u0159ede\u010dn\u00ed chvilka nejen poezie"},"content":{"rendered":"\n<p>Ve st\u0159edu 17. prosince, tedy t\u00fdden p\u0159ed \u0160t\u011bdr\u00fdm dnem, prob\u011bhla na na\u0161em gymn\u00e1ziu tradi\u010dn\u00ed recita\u010dn\u00ed sout\u011b\u017e. Milovn\u00edci p\u0159ednesu a interpretace um\u011bleck\u00fdch text\u016f se shrom\u00e1\u017edili v\u00a0aule a za mohutn\u00e9 podpory sv\u00fdch kamar\u00e1d\u016f, spolu\u017e\u00e1k\u016f, koleg\u016f a vyu\u010duj\u00edc\u00edch p\u0159edvedli to nejlep\u0161\u00ed, co mohli. Sly\u0161eli jsme texty poetick\u00e9, prozaick\u00e9, dramatick\u00e9, autory \u010desk\u00e9 i zahrani\u010dn\u00ed, sou\u010dasn\u00e9 i klasiky. Sout\u011b\u017eilo se v\u00a0p\u0159\u00edjemn\u00e9 a p\u0159\u00e1telsk\u00e9 atmosf\u00e9\u0159e ve dvou kategori\u00edch. A jak to dopadlo?<\/p>\n\n\n\n<hr class=\"wp-block-separator has-alpha-channel-opacity\"\/>\n\n\n\n<p class=\"has-text-align-left\">NI\u017d\u0160\u00cd GYMN\u00c1ZIUM<\/p>\n\n\n\n<p class=\"has-text-align-left\">1.m\u00edsto \u2013 <strong>Magdal\u00e9na Radeck\u00e1<\/strong> (sout\u011b\u017eila s\u00a0vlastn\u00ed tvorbou!)<br>2.m\u00edsto \u2013 <strong>Terezie Houdkov\u00e1, Eli\u0161ka Imrichov\u00e1<\/strong><\/p>\n\n\n\n<p class=\"has-text-align-left\">VY\u0160\u0160\u00cd GYMN\u00c1ZIUM<\/p>\n\n\n\n<p>1.m\u00edsto \u2013 <strong>Johanka H\u00e1lov\u00e1<\/strong>\u00a0<br>2.m\u00edsto \u2013 <strong>Anatoli Michailidu<\/strong><br>3.m\u00edsto \u2013 <strong>B\u00e1ra Heligmanov\u00e1<\/strong><\/p>\n\n\n\n<hr class=\"wp-block-separator has-alpha-channel-opacity\"\/>\n\n\n\n<p>Zvl\u00e1\u0161tn\u00ed cena byla ud\u011blena <strong>Ester Pavlovsk\u00e9<\/strong> (objev roku) a <strong>\u0160t\u011bp\u00e1nu \u0160v\u00e9dovi<\/strong> (za osobit\u00e9 um\u011bleck\u00e9 ztv\u00e1rn\u011bn\u00ed).<\/p>\n\n\n\n<p>D\u011bkujeme v\u0161em z\u00fa\u010dastn\u011bn\u00fdm, \u00fa\u010dinkuj\u00edc\u00edm i podporuj\u00edc\u00edm, \u017ee p\u0159i\u0161li v\u00a0hektick\u00e9 p\u0159edv\u00e1no\u010dn\u00ed dob\u011b a spole\u010dn\u011b jsme alespo\u0148 na chv\u00edli zpomalili ten let\u00edc\u00ed \u010das\u2026kr\u00e1sn\u00fdmi v\u00fdkony, mil\u00fdm slovem, p\u0159\u00e1telsk\u00fdm \u00fasm\u011bvem.<\/p>\n\n\n\n<p>Kr\u00e1sn\u00e9 klidn\u00e9 a pohodov\u00e9 V\u00e1noce v\u0161em lidem dobr\u00e9 v\u016fle!<\/p>\n\n\n\n<p class=\"has-text-align-right\"><em>Za PK \u010desk\u00e9ho jazyka Hana L\u00e9talov\u00e1 a Radka Dr\u00e1bov\u00e1<\/em><\/p>\n\n\n\n<p class=\"has-text-align-center\" style=\"font-size:22px\"><a href=\"https:\/\/photos.app.goo.gl\/NvVmxXGoaPLr58Tq6\" target=\"_blank\" rel=\"noreferrer noopener\"><strong>FOTOGALERIE<\/strong><\/a><\/p>\n\n\n\n<figure class=\"wp-block-image size-large\"><a href=\"https:\/\/photos.app.goo.gl\/NvVmxXGoaPLr58Tq6\" target=\"_blank\" rel=\" noreferrer noopener\"><img loading=\"lazy\" decoding=\"async\" width=\"1024\" height=\"768\" src=\"https:\/\/www.gym-karvina.cz\/wp-content\/uploads\/2025\/12\/image-4-1024x768.png\" alt=\"\" class=\"wp-image-6428\" style=\"aspect-ratio:16\/9;object-fit:cover\" srcset=\"https:\/\/www.gym-karvina.cz\/wp-content\/uploads\/2025\/12\/image-4-1024x768.png 1024w, https:\/\/www.gym-karvina.cz\/wp-content\/uploads\/2025\/12\/image-4-300x225.png 300w, https:\/\/www.gym-karvina.cz\/wp-content\/uploads\/2025\/12\/image-4-768x576.png 768w, https:\/\/www.gym-karvina.cz\/wp-content\/uploads\/2025\/12\/image-4-24x18.png 24w, https:\/\/www.gym-karvina.cz\/wp-content\/uploads\/2025\/12\/image-4-36x27.png 36w, https:\/\/www.gym-karvina.cz\/wp-content\/uploads\/2025\/12\/image-4-48x36.png 48w, https:\/\/www.gym-karvina.cz\/wp-content\/uploads\/2025\/12\/image-4.png 1321w\" sizes=\"auto, (max-width: 1024px) 100vw, 1024px\" \/><\/a><\/figure>\n","protected":false},"excerpt":{"rendered":"<p>Ve st\u0159edu 17. prosince, tedy t\u00fdden p\u0159ed \u0160t\u011bdr\u00fdm dnem, prob\u011bhla na na\u0161em gymn\u00e1ziu tradi\u010dn\u00ed recita\u010dn\u00ed sout\u011b\u017e. Milovn\u00edci p\u0159ednesu a interpretace um\u011bleck\u00fdch text\u016f se shrom\u00e1\u017edili v\u00a0aule a za mohutn\u00e9 podpory sv\u00fdch kamar\u00e1d\u016f, spolu\u017e\u00e1k\u016f, koleg\u016f a vyu\u010duj\u00edc\u00edch&#46;&#46;&#46;<\/p>\n","protected":false},"author":7,"featured_media":6429,"comment_status":"closed","ping_status":"closed","sticky":false,"template":"","format":"standard","meta":{"footnotes":""},"categories":[33],"tags":[],"class_list":["post-6427","post","type-post","status-publish","format-standard","has-post-thumbnail","hentry","category-homepage"],"_links":{"self":[{"href":"https:\/\/www.gym-karvina.cz\/index.php?rest_route=\/wp\/v2\/posts\/6427","targetHints":{"allow":["GET"]}}],"collection":[{"href":"https:\/\/www.gym-karvina.cz\/index.php?rest_route=\/wp\/v2\/posts"}],"about":[{"href":"https:\/\/www.gym-karvina.cz\/index.php?rest_route=\/wp\/v2\/types\/post"}],"author":[{"embeddable":true,"href":"https:\/\/www.gym-karvina.cz\/index.php?rest_route=\/wp\/v2\/users\/7"}],"replies":[{"embeddable":true,"href":"https:\/\/www.gym-karvina.cz\/index.php?rest_route=%2Fwp%2Fv2%2Fcomments&post=6427"}],"version-history":[{"count":1,"href":"https:\/\/www.gym-karvina.cz\/index.php?rest_route=\/wp\/v2\/posts\/6427\/revisions"}],"predecessor-version":[{"id":6430,"href":"https:\/\/www.gym-karvina.cz\/index.php?rest_route=\/wp\/v2\/posts\/6427\/revisions\/6430"}],"wp:featuredmedia":[{"embeddable":true,"href":"https:\/\/www.gym-karvina.cz\/index.php?rest_route=\/wp\/v2\/media\/6429"}],"wp:attachment":[{"href":"https:\/\/www.gym-karvina.cz\/index.php?rest_route=%2Fwp%2Fv2%2Fmedia&parent=6427"}],"wp:term":[{"taxonomy":"category","embeddable":true,"href":"https:\/\/www.gym-karvina.cz\/index.php?rest_route=%2Fwp%2Fv2%2Fcategories&post=6427"},{"taxonomy":"post_tag","embeddable":true,"href":"https:\/\/www.gym-karvina.cz\/index.php?rest_route=%2Fwp%2Fv2%2Ftags&post=6427"}],"curies":[{"name":"wp","href":"https:\/\/api.w.org\/{rel}","templated":true}]}}