{"id":6435,"date":"2025-12-18T23:26:13","date_gmt":"2025-12-18T22:26:13","guid":{"rendered":"https:\/\/www.gym-karvina.cz\/?p=6435"},"modified":"2025-12-18T23:29:58","modified_gmt":"2025-12-18T22:29:58","slug":"vanocni-sbirka-2","status":"publish","type":"post","link":"https:\/\/www.gym-karvina.cz\/?p=6435","title":{"rendered":"V\u00e1no\u010dn\u00ed sb\u00edrka"},"content":{"rendered":"\n<p class=\"has-text-align-center\"><strong>V\u00e1\u017een\u00ed rodi\u010de, kolegov\u00e9 a kolegyn\u011b, mil\u00e9 \u017e\u00e1kyn\u011b a mil\u00ed \u017e\u00e1ci,<\/strong><\/p>\n\n\n\n<p class=\"has-text-align-center\"><strong>d\u011bkujeme V\u00e1m v\u0161em za d\u00e1re\u010dky, kter\u00e9\u00a0seniory v Nov\u00e9m domov\u011b ur\u010dit\u011b pot\u011b\u0161\u00ed.<\/strong>\u00a0<\/p>\n\n\n\n<p class=\"has-text-align-center\"><strong>P\u0159ejeme V\u00e1m klidn\u00e9 V\u00e1noce a \u0161\u0165astn\u00fd nov\u00fd rok.<\/strong><\/p>\n\n\n\n<p class=\"has-text-align-center\" style=\"font-size:22px\"><strong><a href=\"https:\/\/photos.app.goo.gl\/nVTVj81n2XinsVPm9\" target=\"_blank\" rel=\"noreferrer noopener\">FOTOGALERIE<\/a><\/strong><\/p>\n\n\n<div class=\"wp-block-image\">\n<figure class=\"aligncenter size-large is-resized\"><a href=\"https:\/\/photos.app.goo.gl\/nVTVj81n2XinsVPm9\" target=\"_blank\" rel=\" noreferrer noopener\"><img loading=\"lazy\" decoding=\"async\" width=\"1024\" height=\"642\" src=\"https:\/\/www.gym-karvina.cz\/wp-content\/uploads\/2025\/12\/image-7-1024x642.png\" alt=\"\" class=\"wp-image-6443\" style=\"aspect-ratio:1.7777777777777777;object-fit:cover;width:756px;height:auto\" srcset=\"https:\/\/www.gym-karvina.cz\/wp-content\/uploads\/2025\/12\/image-7-1024x642.png 1024w, https:\/\/www.gym-karvina.cz\/wp-content\/uploads\/2025\/12\/image-7-300x188.png 300w, https:\/\/www.gym-karvina.cz\/wp-content\/uploads\/2025\/12\/image-7-768x481.png 768w, https:\/\/www.gym-karvina.cz\/wp-content\/uploads\/2025\/12\/image-7-1536x963.png 1536w, https:\/\/www.gym-karvina.cz\/wp-content\/uploads\/2025\/12\/image-7-24x15.png 24w, https:\/\/www.gym-karvina.cz\/wp-content\/uploads\/2025\/12\/image-7-36x23.png 36w, https:\/\/www.gym-karvina.cz\/wp-content\/uploads\/2025\/12\/image-7-48x30.png 48w, https:\/\/www.gym-karvina.cz\/wp-content\/uploads\/2025\/12\/image-7.png 1581w\" sizes=\"auto, (max-width: 1024px) 100vw, 1024px\" \/><\/a><\/figure>\n<\/div>","protected":false},"excerpt":{"rendered":"<p>V\u00e1\u017een\u00ed rodi\u010de, kolegov\u00e9 a kolegyn\u011b, mil\u00e9 \u017e\u00e1kyn\u011b a mil\u00ed \u017e\u00e1ci, d\u011bkujeme V\u00e1m v\u0161em za d\u00e1re\u010dky, kter\u00e9\u00a0seniory v Nov\u00e9m domov\u011b ur\u010dit\u011b pot\u011b\u0161\u00ed.\u00a0 P\u0159ejeme V\u00e1m klidn\u00e9 V\u00e1noce a \u0161\u0165astn\u00fd nov\u00fd rok. FOTOGALERIE<\/p>\n","protected":false},"author":7,"featured_media":6436,"comment_status":"closed","ping_status":"closed","sticky":false,"template":"","format":"standard","meta":{"footnotes":""},"categories":[33],"tags":[],"class_list":["post-6435","post","type-post","status-publish","format-standard","has-post-thumbnail","hentry","category-homepage"],"_links":{"self":[{"href":"https:\/\/www.gym-karvina.cz\/index.php?rest_route=\/wp\/v2\/posts\/6435","targetHints":{"allow":["GET"]}}],"collection":[{"href":"https:\/\/www.gym-karvina.cz\/index.php?rest_route=\/wp\/v2\/posts"}],"about":[{"href":"https:\/\/www.gym-karvina.cz\/index.php?rest_route=\/wp\/v2\/types\/post"}],"author":[{"embeddable":true,"href":"https:\/\/www.gym-karvina.cz\/index.php?rest_route=\/wp\/v2\/users\/7"}],"replies":[{"embeddable":true,"href":"https:\/\/www.gym-karvina.cz\/index.php?rest_route=%2Fwp%2Fv2%2Fcomments&post=6435"}],"version-history":[{"count":5,"href":"https:\/\/www.gym-karvina.cz\/index.php?rest_route=\/wp\/v2\/posts\/6435\/revisions"}],"predecessor-version":[{"id":6445,"href":"https:\/\/www.gym-karvina.cz\/index.php?rest_route=\/wp\/v2\/posts\/6435\/revisions\/6445"}],"wp:featuredmedia":[{"embeddable":true,"href":"https:\/\/www.gym-karvina.cz\/index.php?rest_route=\/wp\/v2\/media\/6436"}],"wp:attachment":[{"href":"https:\/\/www.gym-karvina.cz\/index.php?rest_route=%2Fwp%2Fv2%2Fmedia&parent=6435"}],"wp:term":[{"taxonomy":"category","embeddable":true,"href":"https:\/\/www.gym-karvina.cz\/index.php?rest_route=%2Fwp%2Fv2%2Fcategories&post=6435"},{"taxonomy":"post_tag","embeddable":true,"href":"https:\/\/www.gym-karvina.cz\/index.php?rest_route=%2Fwp%2Fv2%2Ftags&post=6435"}],"curies":[{"name":"wp","href":"https:\/\/api.w.org\/{rel}","templated":true}]}}