{"id":6457,"date":"2025-12-19T08:28:21","date_gmt":"2025-12-19T07:28:21","guid":{"rendered":"https:\/\/www.gym-karvina.cz\/?p=6457"},"modified":"2025-12-19T10:50:08","modified_gmt":"2025-12-19T09:50:08","slug":"maturanti-opet-ukazali-srdce-na-spravnem-miste-%e2%9d%a4%ef%b8%8f","status":"publish","type":"post","link":"https:\/\/www.gym-karvina.cz\/?p=6457","title":{"rendered":"Maturanti op\u011bt uk\u00e1zali srdce na spr\u00e1vn\u00e9m m\u00edst\u011b \u2764\ufe0f"},"content":{"rendered":"\n<p>Tento t\u00fdden se u n\u00e1s op\u011bt potvrdilo, \u017ee maturanti nejsou jen odborn\u00edky na tah\u00e1ky, pozdn\u00ed p\u0159\u00edchody a rann\u00ed k\u00e1vu, ale tak\u00e9 na odvahu a pomoc druh\u00fdm. Tradi\u010dn\u00ed akce darov\u00e1n\u00ed krve v&nbsp;Nemocnici v&nbsp;Karvin\u00e9-R\u00e1ji p\u0159il\u00e1kala \u0159adu odv\u00e1\u017elivc\u016f, kte\u0159\u00ed se rozhodli st\u00e1t se prvod\u00e1rci krve. A to chce kus kur\u00e1\u017ee.<\/p>\n\n\n\n<p>Ano, p\u0159iznejme si to. Skr\u00fdvan\u00e9 obavy byly, tlak ob\u010das klesal a sem tam se objevila i lehce bled\u0161\u00ed tv\u00e1\u0159. P\u0159esto to nikdo nevzdal. V\u0161ichni z\u00fa\u010dastn\u011bn\u00ed dok\u00e1zali, \u017ee i s lehk\u00fdm chv\u011bn\u00edm kolen se d\u00e1 ud\u011blat velk\u00fd a smyslupln\u00fd \u010din. Pr\u00e1v\u011b d\u00edky takov\u00fdm lidem maj\u00ed l\u00e9ka\u0159i mo\u017enost pom\u00e1hat v t\u011b\u017ek\u00fdch, \u010dasto i \u017eivot ohro\u017euj\u00edc\u00edch situac\u00edch.<\/p>\n\n\n\n<p>V\u0161em maturant\u016fm, kte\u0159\u00ed sebrali odvahu, pat\u0159\u00ed velk\u00e9 uzn\u00e1n\u00ed a obdiv. D\u011bkujeme, \u017ee mysl\u00edte na druh\u00e9 a \u017ee ukazujete, \u017ee altruismus a empatie nejsou jen pr\u00e1zdn\u00e1 slova. Jste d\u016fkazem, \u017ee hrdinov\u00e9 nenos\u00ed v\u017edy b\u00edl\u00e9 pl\u00e1\u0161t\u011b, n\u011bkdy sta\u010d\u00ed jen vyhrnut\u00fd ruk\u00e1v. \ud83d\udc89 <\/p>\n\n\n\n<p class=\"has-text-align-center\"><a href=\"https:\/\/photos.app.goo.gl\/iPase5cKREtAvKWh6\" target=\"_blank\" rel=\"noreferrer noopener\">FOTOgalerie<\/a><\/p>\n\n\n\n<p class=\"has-text-align-right\"><em>Mgr. Zuzana Kardo\u0161ov\u00e1<\/em><\/p>\n\n\n\n<figure class=\"wp-block-image size-large\"><img loading=\"lazy\" decoding=\"async\" width=\"1024\" height=\"495\" src=\"https:\/\/www.gym-karvina.cz\/wp-content\/uploads\/2025\/12\/1-6-1024x495.jpg\" alt=\"\" class=\"wp-image-6456\" srcset=\"https:\/\/www.gym-karvina.cz\/wp-content\/uploads\/2025\/12\/1-6-1024x495.jpg 1024w, https:\/\/www.gym-karvina.cz\/wp-content\/uploads\/2025\/12\/1-6-300x145.jpg 300w, https:\/\/www.gym-karvina.cz\/wp-content\/uploads\/2025\/12\/1-6-768x372.jpg 768w, https:\/\/www.gym-karvina.cz\/wp-content\/uploads\/2025\/12\/1-6-1536x743.jpg 1536w, https:\/\/www.gym-karvina.cz\/wp-content\/uploads\/2025\/12\/1-6-2048x991.jpg 2048w, https:\/\/www.gym-karvina.cz\/wp-content\/uploads\/2025\/12\/1-6-24x12.jpg 24w, https:\/\/www.gym-karvina.cz\/wp-content\/uploads\/2025\/12\/1-6-36x17.jpg 36w, https:\/\/www.gym-karvina.cz\/wp-content\/uploads\/2025\/12\/1-6-48x23.jpg 48w\" sizes=\"auto, (max-width: 1024px) 100vw, 1024px\" \/><\/figure>\n\n\n\n<p><\/p>\n","protected":false},"excerpt":{"rendered":"<p>Tento t\u00fdden se u n\u00e1s op\u011bt potvrdilo, \u017ee maturanti nejsou jen odborn\u00edky na tah\u00e1ky, pozdn\u00ed p\u0159\u00edchody a rann\u00ed k\u00e1vu, ale tak\u00e9 na odvahu a pomoc druh\u00fdm. Tradi\u010dn\u00ed akce darov\u00e1n\u00ed krve v&nbsp;Nemocnici v&nbsp;Karvin\u00e9-R\u00e1ji p\u0159il\u00e1kala \u0159adu odv\u00e1\u017elivc\u016f,&#46;&#46;&#46;<\/p>\n","protected":false},"author":3,"featured_media":6456,"comment_status":"closed","ping_status":"closed","sticky":false,"template":"","format":"standard","meta":{"footnotes":""},"categories":[33],"tags":[],"class_list":["post-6457","post","type-post","status-publish","format-standard","has-post-thumbnail","hentry","category-homepage"],"_links":{"self":[{"href":"https:\/\/www.gym-karvina.cz\/index.php?rest_route=\/wp\/v2\/posts\/6457","targetHints":{"allow":["GET"]}}],"collection":[{"href":"https:\/\/www.gym-karvina.cz\/index.php?rest_route=\/wp\/v2\/posts"}],"about":[{"href":"https:\/\/www.gym-karvina.cz\/index.php?rest_route=\/wp\/v2\/types\/post"}],"author":[{"embeddable":true,"href":"https:\/\/www.gym-karvina.cz\/index.php?rest_route=\/wp\/v2\/users\/3"}],"replies":[{"embeddable":true,"href":"https:\/\/www.gym-karvina.cz\/index.php?rest_route=%2Fwp%2Fv2%2Fcomments&post=6457"}],"version-history":[{"count":3,"href":"https:\/\/www.gym-karvina.cz\/index.php?rest_route=\/wp\/v2\/posts\/6457\/revisions"}],"predecessor-version":[{"id":6460,"href":"https:\/\/www.gym-karvina.cz\/index.php?rest_route=\/wp\/v2\/posts\/6457\/revisions\/6460"}],"wp:featuredmedia":[{"embeddable":true,"href":"https:\/\/www.gym-karvina.cz\/index.php?rest_route=\/wp\/v2\/media\/6456"}],"wp:attachment":[{"href":"https:\/\/www.gym-karvina.cz\/index.php?rest_route=%2Fwp%2Fv2%2Fmedia&parent=6457"}],"wp:term":[{"taxonomy":"category","embeddable":true,"href":"https:\/\/www.gym-karvina.cz\/index.php?rest_route=%2Fwp%2Fv2%2Fcategories&post=6457"},{"taxonomy":"post_tag","embeddable":true,"href":"https:\/\/www.gym-karvina.cz\/index.php?rest_route=%2Fwp%2Fv2%2Ftags&post=6457"}],"curies":[{"name":"wp","href":"https:\/\/api.w.org\/{rel}","templated":true}]}}