{"id":6554,"date":"2026-01-07T23:39:16","date_gmt":"2026-01-07T22:39:16","guid":{"rendered":"https:\/\/www.gym-karvina.cz\/?p=6554"},"modified":"2026-01-07T23:42:36","modified_gmt":"2026-01-07T22:42:36","slug":"studenti-gymnazia-karvina-postupuji-do-finale-divize-futsalove-souteze","status":"publish","type":"post","link":"https:\/\/www.gym-karvina.cz\/?p=6554","title":{"rendered":"Studenti Gymn\u00e1zia Karvin\u00e1 postupuj\u00ed do fin\u00e1le divize futsalov\u00e9 sout\u011b\u017ee"},"content":{"rendered":"\n<p class=\"has-black-color has-text-color has-link-color wp-elements-c5cfddc8325fe53ca1879dd2f7a86dc9\">Po \u00fasp\u011b\u0161n\u00fdch vystoupen\u00edch v p\u0159edchoz\u00edch f\u00e1z\u00edch sout\u011b\u017ee se studenti&nbsp;<strong>Gymn\u00e1zia Karvin\u00e1<\/strong>&nbsp;znovu prosadili a vybojovali postup do fin\u00e1le divize St\u0159edo\u0161kolsk\u00e9 futsalov\u00e9 ligy. V siln\u011b obsazen\u00e9 skupin\u011b se utkali s t\u00fdmy&nbsp;<strong>S\u0160PU Opava<\/strong>,&nbsp;<strong>Gymn\u00e1zium Josefa Kainara Hlu\u010d\u00edn<\/strong>&nbsp;a&nbsp;<strong>S\u0160 slu\u017eeb a podnik\u00e1n\u00ed Ostrava-Poruba<\/strong>.<\/p>\n\n\n\n<p class=\"has-black-color has-text-color has-link-color wp-elements-a90904d993ac70f65f2b7897b063b6a4\">V\u0161echny z\u00e1pasy turnaje byly velice vyrovnan\u00e9 a vypjat\u00e9 do posledn\u00ed vte\u0159iny. Na\u0161e dru\u017estvo dok\u00e1zalo dov\u00e9st dv\u011b utk\u00e1n\u00ed do v\u00edt\u011bzn\u00e9ho konce. Pr\u00e1v\u011b dv\u011b v\u00fdhry ze t\u0159\u00ed n\u00e1m zajistily postup z prvn\u00edho m\u00edsta skupiny p\u0159ed celky na druh\u00e9m a t\u0159et\u00edm m\u00edst\u011b, kter\u00e9 zaznamenaly shodn\u011b jednu v\u00fdhru, jednu rem\u00edzu a jednu prohru. Postup Gymn\u00e1zia Karvin\u00e1 je tak zaslou\u017eenou odm\u011bnou za t\u00fdmov\u00fd v\u00fdkon, nasazen\u00ed a bojovnost, kter\u00e9 hr\u00e1\u010di po cel\u00fd turnaj p\u0159edv\u00e1d\u011bli.<\/p>\n\n\n\n<p class=\"has-text-align-center has-black-color has-text-color has-link-color wp-elements-6a620b5580aa70d03b0b166a122f8eda\">D\u011bkujeme hr\u00e1\u010d\u016fm za reprezentaci \u0161koly.<\/p>\n\n\n\n<hr class=\"wp-block-separator has-alpha-channel-opacity is-style-default\"\/>\n\n\n\n<p class=\"has-black-color has-text-color has-link-color wp-elements-956d88c0ff1fe8d02c8a5dc6d5507f5a\">Soupiska: <\/p>\n\n\n\n<p class=\"has-black-color has-text-color has-link-color wp-elements-00c4966b4e11778b6e28b79b64ef2ac8\">Kijonka Tom\u00e1\u0161, Mbaye Issa, Knispel J\u00e1chym Franti\u0161ek, Tiahnibok Ale\u0161, Mi\u0161kovi\u010d Radovan, Karpeta Tobias, Totek Robin, Totek \u0160t\u011bp\u00e1n, Tlolka Luk\u00e1\u0161, Kud\u011bla Patrik, Jirout Tom\u00e1\u0161<\/p>\n\n\n\n<hr class=\"wp-block-separator has-alpha-channel-opacity is-style-default\"\/>\n\n\n\n<p class=\"has-text-align-right has-black-color has-text-color has-link-color wp-elements-a5f0a2f9b28a9f9d74d2b45f625f15e0\"><em>Ond\u0159ej Sikora<\/em><\/p>\n","protected":false},"excerpt":{"rendered":"<p>Po \u00fasp\u011b\u0161n\u00fdch vystoupen\u00edch v p\u0159edchoz\u00edch f\u00e1z\u00edch sout\u011b\u017ee se studenti&nbsp;Gymn\u00e1zia Karvin\u00e1&nbsp;znovu prosadili a vybojovali postup do fin\u00e1le divize St\u0159edo\u0161kolsk\u00e9 futsalov\u00e9 ligy. V siln\u011b obsazen\u00e9 skupin\u011b se utkali s t\u00fdmy&nbsp;S\u0160PU Opava,&nbsp;Gymn\u00e1zium Josefa Kainara Hlu\u010d\u00edn&nbsp;a&nbsp;S\u0160 slu\u017eeb a podnik\u00e1n\u00ed&#46;&#46;&#46;<\/p>\n","protected":false},"author":7,"featured_media":5490,"comment_status":"closed","ping_status":"closed","sticky":false,"template":"","format":"standard","meta":{"footnotes":""},"categories":[33],"tags":[],"class_list":["post-6554","post","type-post","status-publish","format-standard","has-post-thumbnail","hentry","category-homepage"],"_links":{"self":[{"href":"https:\/\/www.gym-karvina.cz\/index.php?rest_route=\/wp\/v2\/posts\/6554","targetHints":{"allow":["GET"]}}],"collection":[{"href":"https:\/\/www.gym-karvina.cz\/index.php?rest_route=\/wp\/v2\/posts"}],"about":[{"href":"https:\/\/www.gym-karvina.cz\/index.php?rest_route=\/wp\/v2\/types\/post"}],"author":[{"embeddable":true,"href":"https:\/\/www.gym-karvina.cz\/index.php?rest_route=\/wp\/v2\/users\/7"}],"replies":[{"embeddable":true,"href":"https:\/\/www.gym-karvina.cz\/index.php?rest_route=%2Fwp%2Fv2%2Fcomments&post=6554"}],"version-history":[{"count":2,"href":"https:\/\/www.gym-karvina.cz\/index.php?rest_route=\/wp\/v2\/posts\/6554\/revisions"}],"predecessor-version":[{"id":6556,"href":"https:\/\/www.gym-karvina.cz\/index.php?rest_route=\/wp\/v2\/posts\/6554\/revisions\/6556"}],"wp:featuredmedia":[{"embeddable":true,"href":"https:\/\/www.gym-karvina.cz\/index.php?rest_route=\/wp\/v2\/media\/5490"}],"wp:attachment":[{"href":"https:\/\/www.gym-karvina.cz\/index.php?rest_route=%2Fwp%2Fv2%2Fmedia&parent=6554"}],"wp:term":[{"taxonomy":"category","embeddable":true,"href":"https:\/\/www.gym-karvina.cz\/index.php?rest_route=%2Fwp%2Fv2%2Fcategories&post=6554"},{"taxonomy":"post_tag","embeddable":true,"href":"https:\/\/www.gym-karvina.cz\/index.php?rest_route=%2Fwp%2Fv2%2Ftags&post=6554"}],"curies":[{"name":"wp","href":"https:\/\/api.w.org\/{rel}","templated":true}]}}