{"id":6586,"date":"2026-01-21T07:36:29","date_gmt":"2026-01-21T06:36:29","guid":{"rendered":"https:\/\/www.gym-karvina.cz\/?p=6586"},"modified":"2026-01-21T07:40:20","modified_gmt":"2026-01-21T06:40:20","slug":"den-otevrenych-dveri-c-2","status":"publish","type":"post","link":"https:\/\/www.gym-karvina.cz\/?p=6586","title":{"rendered":"Den otev\u0159en\u00fdch dve\u0159\u00ed \u010d. 2"},"content":{"rendered":"\n<p> V sobotu 17. ledna se konal na na\u0161\u00ed \u0161kole v\u00a0po\u0159ad\u00ed ji\u017e druh\u00fd Den otev\u0159en\u00fdch dve\u0159\u00ed.\u00a0 V\u0161em p\u0159\u00edchoz\u00edm d\u011bkujeme za n\u00e1v\u0161t\u011bvu a projeven\u00fd z\u00e1jem.<\/p>\n\n\n\n<p class=\"has-text-align-center\"><a href=\"https:\/\/photos.app.goo.gl\/P7XQGR5YGHHyxLSb8\" target=\"_blank\" rel=\"noreferrer noopener\">FOTOgalerie<\/a><\/p>\n\n\n\n<p class=\"has-text-align-right\"><em>Redakce GK<\/em><\/p>\n","protected":false},"excerpt":{"rendered":"<p>V sobotu 17. ledna se konal na na\u0161\u00ed \u0161kole v\u00a0po\u0159ad\u00ed ji\u017e druh\u00fd Den otev\u0159en\u00fdch dve\u0159\u00ed.\u00a0 V\u0161em p\u0159\u00edchoz\u00edm d\u011bkujeme za n\u00e1v\u0161t\u011bvu a projeven\u00fd z\u00e1jem. FOTOgalerie Redakce GK<\/p>\n","protected":false},"author":3,"featured_media":6588,"comment_status":"closed","ping_status":"closed","sticky":false,"template":"","format":"standard","meta":{"footnotes":""},"categories":[33],"tags":[],"class_list":["post-6586","post","type-post","status-publish","format-standard","has-post-thumbnail","hentry","category-homepage"],"_links":{"self":[{"href":"https:\/\/www.gym-karvina.cz\/index.php?rest_route=\/wp\/v2\/posts\/6586","targetHints":{"allow":["GET"]}}],"collection":[{"href":"https:\/\/www.gym-karvina.cz\/index.php?rest_route=\/wp\/v2\/posts"}],"about":[{"href":"https:\/\/www.gym-karvina.cz\/index.php?rest_route=\/wp\/v2\/types\/post"}],"author":[{"embeddable":true,"href":"https:\/\/www.gym-karvina.cz\/index.php?rest_route=\/wp\/v2\/users\/3"}],"replies":[{"embeddable":true,"href":"https:\/\/www.gym-karvina.cz\/index.php?rest_route=%2Fwp%2Fv2%2Fcomments&post=6586"}],"version-history":[{"count":1,"href":"https:\/\/www.gym-karvina.cz\/index.php?rest_route=\/wp\/v2\/posts\/6586\/revisions"}],"predecessor-version":[{"id":6587,"href":"https:\/\/www.gym-karvina.cz\/index.php?rest_route=\/wp\/v2\/posts\/6586\/revisions\/6587"}],"wp:featuredmedia":[{"embeddable":true,"href":"https:\/\/www.gym-karvina.cz\/index.php?rest_route=\/wp\/v2\/media\/6588"}],"wp:attachment":[{"href":"https:\/\/www.gym-karvina.cz\/index.php?rest_route=%2Fwp%2Fv2%2Fmedia&parent=6586"}],"wp:term":[{"taxonomy":"category","embeddable":true,"href":"https:\/\/www.gym-karvina.cz\/index.php?rest_route=%2Fwp%2Fv2%2Fcategories&post=6586"},{"taxonomy":"post_tag","embeddable":true,"href":"https:\/\/www.gym-karvina.cz\/index.php?rest_route=%2Fwp%2Fv2%2Ftags&post=6586"}],"curies":[{"name":"wp","href":"https:\/\/api.w.org\/{rel}","templated":true}]}}