{"id":6598,"date":"2026-01-27T23:15:38","date_gmt":"2026-01-27T22:15:38","guid":{"rendered":"https:\/\/www.gym-karvina.cz\/?p=6598"},"modified":"2026-01-27T23:15:38","modified_gmt":"2026-01-27T22:15:38","slug":"lyzarsky-kurz-v-zuberci","status":"publish","type":"post","link":"https:\/\/www.gym-karvina.cz\/?p=6598","title":{"rendered":"Ly\u017ea\u0159sk\u00fd kurz v Zuberci"},"content":{"rendered":"\n<p>Na za\u010d\u00e1tku nov\u00e9ho kalend\u00e1\u0159n\u00edho roku jsme se z\u00fa\u010dastnili ly\u017ea\u0159sk\u00e9ho a snowboardov\u00e9ho kurzu v Zuberci, kter\u00fd se nach\u00e1z\u00ed v malebn\u00e9 oblasti Z\u00e1padn\u00edch Tater. Ubytov\u00e1ni jsme byli v m\u00edstn\u00edm penzionu, jen\u017e n\u00e1m po celou dobu pobytu poskytoval p\u0159\u00edjemn\u00e9 z\u00e1zem\u00ed i kvalitn\u00ed stravov\u00e1n\u00ed. Po\u010das\u00ed na svahu n\u00e1m v\u011bt\u0161inou p\u0159\u00e1lo \u2013 p\u0159evl\u00e1daly slune\u010dn\u00e9, i kdy\u017e mraziv\u00e9 dny. \u00da\u010dastn\u00edci kurzu si mohli vybrat mezi ly\u017eemi a snowboardem a ve v\u0161ech skupin\u00e1ch byl patrn\u00fd v\u00fdrazn\u00fd pokrok. Za\u010d\u00e1te\u010dn\u00edci si osvojili z\u00e1kladn\u00ed dovednosti, zat\u00edmco pokro\u010dil\u00ed sv\u00e9 schopnosti d\u00e1le zdokonalovali. N\u011bkte\u0159\u00ed si nav\u00edc vyzkou\u0161eli i snowblady, kter\u00e9 pro n\u011b byly nejen z\u00e1bavnou zku\u0161enost\u00ed, ale mo\u017en\u00e1 i za\u010d\u00e1tkem nov\u00e9ho sportovn\u00edho kon\u00ed\u010dku.<\/p>\n\n\n\n<p>Ve\u010dery pat\u0159ily shrnut\u00ed uplynul\u00e9ho dne, p\u0159edn\u00e1\u0161k\u00e1m o bezpe\u010dnosti na sjezdovk\u00e1ch, ale tak\u00e9 hr\u00e1m a sout\u011b\u017e\u00edm. Nechyb\u011bl ani voln\u00fd \u010das, kter\u00fd jsme vyu\u017e\u00edvali k odpo\u010dinku, spole\u010densk\u00fdm aktivit\u00e1m a upev\u0148ov\u00e1n\u00ed t\u0159\u00eddn\u00edho kolektivu.<\/p>\n\n\n\n<p>Ly\u017ea\u0159sk\u00fd kurz jsme si v\u0161ichni velmi u\u017eili, odvezli si mnoho cenn\u00fdch zku\u0161enost\u00ed i kr\u00e1sn\u00fdch z\u00e1\u017eitk\u016f a ur\u010dit\u011b bychom jej doporu\u010dili i dal\u0161\u00edm ro\u010dn\u00edk\u016fm.<\/p>\n\n\n\n<p>\u201eLy\u017ea\u0159sk\u00fd kurz byl pro n\u00e1s v\u0161echny skv\u011bl\u00fdm z\u00e1\u017eitkem, na kter\u00fd budeme je\u0161t\u011b dlouho vzpom\u00ednat. Cel\u00fd t\u00fdden jsme str\u00e1vili na hor\u00e1ch, kde jsme si u\u017eili nejen ly\u017ee a snowboard, ale tak\u00e9 spole\u010dn\u011b str\u00e1ven\u00fd \u010das s kamar\u00e1dy a u\u010diteli mimo \u0161koln\u00ed prost\u0159ed\u00ed. Ka\u017ed\u00fd den jsme se zlep\u0161ovali v j\u00edzd\u011b na svahu a mnoz\u00ed z n\u00e1s si vyzkou\u0161eli n\u011bco nov\u00e9ho. V\u011b\u0159\u00edm, \u017ee tento z\u00e1\u017eitek n\u00e1s bude prov\u00e1zet a\u017e do konce \u010dtvrt\u00e9ho ro\u010dn\u00edku. Byl to opravdu v\u00fdjime\u010dn\u00fd t\u00fdden a pat\u0159\u00ed velk\u00e9 pod\u011bkov\u00e1n\u00ed v\u0161em, kte\u0159\u00ed se na n\u011bm pod\u00edleli.\u201c<\/p>\n\n\n\n<p class=\"has-text-align-right\"><em>\u017d\u00e1ci 1.A a 1.B<\/em><\/p>\n\n\n\n<div class=\"wp-block-buttons is-content-justification-center is-layout-flex wp-container-core-buttons-is-layout-16018d1d wp-block-buttons-is-layout-flex\">\n<div class=\"wp-block-button\"><a class=\"wp-block-button__link wp-element-button\" href=\"https:\/\/photos.app.goo.gl\/8PtS9jK47gvyCsVR7\">FOTOalbum<\/a><\/div>\n<\/div>\n\n\n\n<p><\/p>\n","protected":false},"excerpt":{"rendered":"<p>Na za\u010d\u00e1tku nov\u00e9ho kalend\u00e1\u0159n\u00edho roku jsme se z\u00fa\u010dastnili ly\u017ea\u0159sk\u00e9ho a snowboardov\u00e9ho kurzu v Zuberci, kter\u00fd se nach\u00e1z\u00ed v malebn\u00e9 oblasti Z\u00e1padn\u00edch Tater. Ubytov\u00e1ni jsme byli v m\u00edstn\u00edm penzionu, jen\u017e n\u00e1m po celou dobu pobytu poskytoval&#46;&#46;&#46;<\/p>\n","protected":false},"author":6,"featured_media":6600,"comment_status":"closed","ping_status":"closed","sticky":false,"template":"","format":"standard","meta":{"footnotes":""},"categories":[33],"tags":[],"class_list":["post-6598","post","type-post","status-publish","format-standard","has-post-thumbnail","hentry","category-homepage"],"_links":{"self":[{"href":"https:\/\/www.gym-karvina.cz\/index.php?rest_route=\/wp\/v2\/posts\/6598","targetHints":{"allow":["GET"]}}],"collection":[{"href":"https:\/\/www.gym-karvina.cz\/index.php?rest_route=\/wp\/v2\/posts"}],"about":[{"href":"https:\/\/www.gym-karvina.cz\/index.php?rest_route=\/wp\/v2\/types\/post"}],"author":[{"embeddable":true,"href":"https:\/\/www.gym-karvina.cz\/index.php?rest_route=\/wp\/v2\/users\/6"}],"replies":[{"embeddable":true,"href":"https:\/\/www.gym-karvina.cz\/index.php?rest_route=%2Fwp%2Fv2%2Fcomments&post=6598"}],"version-history":[{"count":1,"href":"https:\/\/www.gym-karvina.cz\/index.php?rest_route=\/wp\/v2\/posts\/6598\/revisions"}],"predecessor-version":[{"id":6599,"href":"https:\/\/www.gym-karvina.cz\/index.php?rest_route=\/wp\/v2\/posts\/6598\/revisions\/6599"}],"wp:featuredmedia":[{"embeddable":true,"href":"https:\/\/www.gym-karvina.cz\/index.php?rest_route=\/wp\/v2\/media\/6600"}],"wp:attachment":[{"href":"https:\/\/www.gym-karvina.cz\/index.php?rest_route=%2Fwp%2Fv2%2Fmedia&parent=6598"}],"wp:term":[{"taxonomy":"category","embeddable":true,"href":"https:\/\/www.gym-karvina.cz\/index.php?rest_route=%2Fwp%2Fv2%2Fcategories&post=6598"},{"taxonomy":"post_tag","embeddable":true,"href":"https:\/\/www.gym-karvina.cz\/index.php?rest_route=%2Fwp%2Fv2%2Ftags&post=6598"}],"curies":[{"name":"wp","href":"https:\/\/api.w.org\/{rel}","templated":true}]}}