{"id":6616,"date":"2026-01-30T17:08:59","date_gmt":"2026-01-30T16:08:59","guid":{"rendered":"https:\/\/www.gym-karvina.cz\/?p=6616"},"modified":"2026-01-30T17:09:00","modified_gmt":"2026-01-30T16:09:00","slug":"weremember-2026","status":"publish","type":"post","link":"https:\/\/www.gym-karvina.cz\/?p=6616","title":{"rendered":"#WeRemember 2026"},"content":{"rendered":"\n<p>I letos jsme uctili Mezin\u00e1rodn\u00ed den pam\u00e1tky ob\u011bt\u00ed holocaustu, a to studentsk\u00fdm setk\u00e1n\u00edm o velk\u00e9 p\u0159est\u00e1vce a pot\u00e9 besedou s pan\u00ed Hl\u00e1vkovou, certifikovanou lektorkou pro vzd\u011bl\u00e1v\u00e1n\u00ed mlad\u00fdch.<\/p>\n\n\n\n<p>Sou\u010d\u00e1st\u00ed pietn\u00edho aktu bylo studentsk\u00e9 prohl\u00e1\u0161en\u00ed, minuta ticha a hudebn\u00ed vystoupen\u00ed. T\u00e9matem besedy byl holocaust a antisemitismus. Po zaj\u00edmav\u00e9m pov\u00edd\u00e1n\u00ed pan\u00ed Hl\u00e1vkov\u00e9 n\u00e1sledovala diskuze k t\u00e9matu. Prezentovali jsme tak\u00e9 tematick\u00e9 v\u00fdstupy z p\u0159edm\u011btu MAPA a \u010detli z Den\u00edku Anny Frankov\u00e9.<\/p>\n\n\n\n<p>T\u011bmito akcemi jsme se p\u0159ipojili k mezin\u00e1rodn\u00ed iniciativ\u011b #WeRemember.<\/p>\n\n\n\n<p>D\u011bkujeme v\u0161em organiz\u00e1tor\u016fm, \u00fa\u010dastn\u00edk\u016fm a v neposledn\u00ed \u0159ad\u011b lektorce pan\u00ed Hl\u00e1vkov\u00e9.&nbsp;<\/p>\n\n\n\n<p class=\"has-text-align-right\"><em>Za cel\u00fd t\u00fdm Vyslanc\u016f EP Julie Jankov\u00e1, Martin Brz\u00f3ska, Monika Brz\u00e1<\/em><\/p>\n\n\n\n<p class=\"has-text-align-center has-medium-font-size\"><a href=\"https:\/\/photos.google.com\/share\/AF1QipO4gbOD-1RAyMNQ-JyDiZqVaULNUooOdIOQaeYHDCxaYauYG5kPNA9uaPa8Ca4p5A\/photo\/AF1QipPdiq7KPSNXBUubz8M0R3-bQa6jkG0bNqBpxf51?key=NExWU1o4VmpPWncyeUdDUUxRSklYbjVPaVlNZHln\" target=\"_blank\" rel=\"noreferrer noopener\">FOTOGALERIE<\/a><\/p>\n\n\n\n<figure class=\"wp-block-image size-large is-style-rounded\"><a href=\"https:\/\/www.gym-karvina.cz\/wp-content\/uploads\/2026\/01\/WeRemember.jpeg\" target=\"_blank\" rel=\" noreferrer noopener\"><img loading=\"lazy\" decoding=\"async\" width=\"1024\" height=\"769\" src=\"https:\/\/www.gym-karvina.cz\/wp-content\/uploads\/2026\/01\/WeRemember-1024x769.jpeg\" alt=\"\" class=\"wp-image-6618\" srcset=\"https:\/\/www.gym-karvina.cz\/wp-content\/uploads\/2026\/01\/WeRemember-1024x769.jpeg 1024w, https:\/\/www.gym-karvina.cz\/wp-content\/uploads\/2026\/01\/WeRemember-300x225.jpeg 300w, https:\/\/www.gym-karvina.cz\/wp-content\/uploads\/2026\/01\/WeRemember-768x576.jpeg 768w, https:\/\/www.gym-karvina.cz\/wp-content\/uploads\/2026\/01\/WeRemember-24x18.jpeg 24w, https:\/\/www.gym-karvina.cz\/wp-content\/uploads\/2026\/01\/WeRemember-36x27.jpeg 36w, https:\/\/www.gym-karvina.cz\/wp-content\/uploads\/2026\/01\/WeRemember-48x36.jpeg 48w, https:\/\/www.gym-karvina.cz\/wp-content\/uploads\/2026\/01\/WeRemember.jpeg 1183w\" sizes=\"auto, (max-width: 1024px) 100vw, 1024px\" \/><\/a><\/figure>\n","protected":false},"excerpt":{"rendered":"<p>I letos jsme uctili Mezin\u00e1rodn\u00ed den pam\u00e1tky ob\u011bt\u00ed holocaustu, a to studentsk\u00fdm setk\u00e1n\u00edm o velk\u00e9 p\u0159est\u00e1vce a pot\u00e9 besedou s pan\u00ed Hl\u00e1vkovou, certifikovanou lektorkou pro vzd\u011bl\u00e1v\u00e1n\u00ed mlad\u00fdch. Sou\u010d\u00e1st\u00ed pietn\u00edho aktu bylo studentsk\u00e9 prohl\u00e1\u0161en\u00ed, minuta ticha&#46;&#46;&#46;<\/p>\n","protected":false},"author":8,"featured_media":6619,"comment_status":"closed","ping_status":"closed","sticky":false,"template":"","format":"standard","meta":{"footnotes":""},"categories":[33],"tags":[],"class_list":["post-6616","post","type-post","status-publish","format-standard","has-post-thumbnail","hentry","category-homepage"],"_links":{"self":[{"href":"https:\/\/www.gym-karvina.cz\/index.php?rest_route=\/wp\/v2\/posts\/6616","targetHints":{"allow":["GET"]}}],"collection":[{"href":"https:\/\/www.gym-karvina.cz\/index.php?rest_route=\/wp\/v2\/posts"}],"about":[{"href":"https:\/\/www.gym-karvina.cz\/index.php?rest_route=\/wp\/v2\/types\/post"}],"author":[{"embeddable":true,"href":"https:\/\/www.gym-karvina.cz\/index.php?rest_route=\/wp\/v2\/users\/8"}],"replies":[{"embeddable":true,"href":"https:\/\/www.gym-karvina.cz\/index.php?rest_route=%2Fwp%2Fv2%2Fcomments&post=6616"}],"version-history":[{"count":1,"href":"https:\/\/www.gym-karvina.cz\/index.php?rest_route=\/wp\/v2\/posts\/6616\/revisions"}],"predecessor-version":[{"id":6620,"href":"https:\/\/www.gym-karvina.cz\/index.php?rest_route=\/wp\/v2\/posts\/6616\/revisions\/6620"}],"wp:featuredmedia":[{"embeddable":true,"href":"https:\/\/www.gym-karvina.cz\/index.php?rest_route=\/wp\/v2\/media\/6619"}],"wp:attachment":[{"href":"https:\/\/www.gym-karvina.cz\/index.php?rest_route=%2Fwp%2Fv2%2Fmedia&parent=6616"}],"wp:term":[{"taxonomy":"category","embeddable":true,"href":"https:\/\/www.gym-karvina.cz\/index.php?rest_route=%2Fwp%2Fv2%2Fcategories&post=6616"},{"taxonomy":"post_tag","embeddable":true,"href":"https:\/\/www.gym-karvina.cz\/index.php?rest_route=%2Fwp%2Fv2%2Ftags&post=6616"}],"curies":[{"name":"wp","href":"https:\/\/api.w.org\/{rel}","templated":true}]}}