{"id":6623,"date":"2026-02-01T12:40:42","date_gmt":"2026-02-01T11:40:42","guid":{"rendered":"https:\/\/www.gym-karvina.cz\/?p=6623"},"modified":"2026-02-01T12:46:55","modified_gmt":"2026-02-01T11:46:55","slug":"tradicni-hokejovy-duel-maturantu-s-uciteli-uzavrel-prvni-pololeti","status":"publish","type":"post","link":"https:\/\/www.gym-karvina.cz\/?p=6623","title":{"rendered":"Tradi\u010dn\u00ed hokejov\u00fd duel maturant\u016f s u\u010diteli uzav\u0159el prvn\u00ed pololet\u00ed"},"content":{"rendered":"\n<p class=\"has-black-color has-text-color has-link-color wp-elements-3bfacab44e623e7cd887ccf9dc50a5a5\">U p\u0159\u00edle\u017eitosti ukon\u010den\u00ed prvn\u00edho pololet\u00ed \u0161koln\u00edho roku se na zimn\u00edm stadionu STARS uskute\u010dnilo tradi\u010dn\u00ed hokejov\u00e9 utk\u00e1n\u00ed mezi maturanty a u\u010diteli. Letos se jednalo ji\u017e o 44. ro\u010dn\u00edk t\u00e9to dlouholet\u00e9 \u0161koln\u00ed tradice.<\/p>\n\n\n\n<p class=\"has-black-color has-text-color has-link-color wp-elements-9dc34f3b9d49f55290f63a40ca250ecd\">Z\u00e1pas prob\u00edhal ve velmi vyrovnan\u00e9m a bojovn\u00e9m duchu. Po dramatick\u00e9m pr\u016fb\u011bhu se nakonec z t\u011bsn\u00e9ho v\u00edt\u011bzstv\u00ed 10:9 radovali maturanti. Cel\u00e9 utk\u00e1n\u00ed se neslo ve znamen\u00ed fair play a skv\u011bl\u00e9 atmosf\u00e9ry. Oba t\u00fdmy p\u0159i\u0161el podpo\u0159it i prim\u00e1tor m\u011bsta Jan Wolf.<\/p>\n\n\n\n<p class=\"has-black-color has-text-color has-link-color wp-elements-1e66d31c6fb9a346d3298fa9ca9c166a\">Pod\u011bkov\u00e1n\u00ed pat\u0159\u00ed v\u0161em organiz\u00e1tor\u016fm t\u00e9to akce, zejm\u00e9na maturant\u016fm, a tak\u00e9 d\u011bv\u010dat\u016fm z maturitn\u00edch t\u0159\u00edd za zda\u0159il\u00fd doprovodn\u00fd program.<\/p>\n\n\n\n<p class=\"has-black-color has-text-color has-link-color wp-elements-9e13ec04046e1852fce38d4745eea52f\">D\u011bkujeme takt\u00e9\u017e Milanu Halu\u0161kovi a Daliboru Kocurovi za kr\u00e1sn\u00e9 fotky z t\u00e9to akce.<\/p>\n\n\n\n<p class=\"has-text-align-right\"><em>Milo\u0161 Ku\u010dera<\/em><\/p>\n\n\n\n<p class=\"has-text-align-center\" style=\"font-size:22px\"><strong><a href=\"https:\/\/photos.app.goo.gl\/bsXeDkvxnFvhc6BB8\" target=\"_blank\" rel=\"noreferrer noopener\">FOTOALBUM ZDE<\/a><\/strong><\/p>\n\n\n\n<figure class=\"wp-block-image size-large is-style-rounded\"><a href=\"https:\/\/photos.app.goo.gl\/bsXeDkvxnFvhc6BB8\" target=\"_blank\" rel=\" noreferrer noopener\"><img loading=\"lazy\" decoding=\"async\" width=\"1024\" height=\"565\" src=\"https:\/\/www.gym-karvina.cz\/wp-content\/uploads\/2026\/02\/image-1024x565.png\" alt=\"\" class=\"wp-image-6624\" srcset=\"https:\/\/www.gym-karvina.cz\/wp-content\/uploads\/2026\/02\/image-1024x565.png 1024w, https:\/\/www.gym-karvina.cz\/wp-content\/uploads\/2026\/02\/image-300x166.png 300w, https:\/\/www.gym-karvina.cz\/wp-content\/uploads\/2026\/02\/image-768x424.png 768w, https:\/\/www.gym-karvina.cz\/wp-content\/uploads\/2026\/02\/image-1536x848.png 1536w, https:\/\/www.gym-karvina.cz\/wp-content\/uploads\/2026\/02\/image-24x13.png 24w, https:\/\/www.gym-karvina.cz\/wp-content\/uploads\/2026\/02\/image-36x20.png 36w, https:\/\/www.gym-karvina.cz\/wp-content\/uploads\/2026\/02\/image-48x27.png 48w, https:\/\/www.gym-karvina.cz\/wp-content\/uploads\/2026\/02\/image.png 1795w\" sizes=\"auto, (max-width: 1024px) 100vw, 1024px\" \/><\/a><\/figure>\n","protected":false},"excerpt":{"rendered":"<p>U p\u0159\u00edle\u017eitosti ukon\u010den\u00ed prvn\u00edho pololet\u00ed \u0161koln\u00edho roku se na zimn\u00edm stadionu STARS uskute\u010dnilo tradi\u010dn\u00ed hokejov\u00e9 utk\u00e1n\u00ed mezi maturanty a u\u010diteli. Letos se jednalo ji\u017e o 44. ro\u010dn\u00edk t\u00e9to dlouholet\u00e9 \u0161koln\u00ed tradice. Z\u00e1pas prob\u00edhal ve velmi&#46;&#46;&#46;<\/p>\n","protected":false},"author":7,"featured_media":6625,"comment_status":"closed","ping_status":"closed","sticky":false,"template":"","format":"standard","meta":{"footnotes":""},"categories":[33],"tags":[],"class_list":["post-6623","post","type-post","status-publish","format-standard","has-post-thumbnail","hentry","category-homepage"],"_links":{"self":[{"href":"https:\/\/www.gym-karvina.cz\/index.php?rest_route=\/wp\/v2\/posts\/6623","targetHints":{"allow":["GET"]}}],"collection":[{"href":"https:\/\/www.gym-karvina.cz\/index.php?rest_route=\/wp\/v2\/posts"}],"about":[{"href":"https:\/\/www.gym-karvina.cz\/index.php?rest_route=\/wp\/v2\/types\/post"}],"author":[{"embeddable":true,"href":"https:\/\/www.gym-karvina.cz\/index.php?rest_route=\/wp\/v2\/users\/7"}],"replies":[{"embeddable":true,"href":"https:\/\/www.gym-karvina.cz\/index.php?rest_route=%2Fwp%2Fv2%2Fcomments&post=6623"}],"version-history":[{"count":3,"href":"https:\/\/www.gym-karvina.cz\/index.php?rest_route=\/wp\/v2\/posts\/6623\/revisions"}],"predecessor-version":[{"id":6628,"href":"https:\/\/www.gym-karvina.cz\/index.php?rest_route=\/wp\/v2\/posts\/6623\/revisions\/6628"}],"wp:featuredmedia":[{"embeddable":true,"href":"https:\/\/www.gym-karvina.cz\/index.php?rest_route=\/wp\/v2\/media\/6625"}],"wp:attachment":[{"href":"https:\/\/www.gym-karvina.cz\/index.php?rest_route=%2Fwp%2Fv2%2Fmedia&parent=6623"}],"wp:term":[{"taxonomy":"category","embeddable":true,"href":"https:\/\/www.gym-karvina.cz\/index.php?rest_route=%2Fwp%2Fv2%2Fcategories&post=6623"},{"taxonomy":"post_tag","embeddable":true,"href":"https:\/\/www.gym-karvina.cz\/index.php?rest_route=%2Fwp%2Fv2%2Ftags&post=6623"}],"curies":[{"name":"wp","href":"https:\/\/api.w.org\/{rel}","templated":true}]}}