{"id":6632,"date":"2026-02-02T07:49:54","date_gmt":"2026-02-02T06:49:54","guid":{"rendered":"https:\/\/www.gym-karvina.cz\/?p=6632"},"modified":"2026-02-02T07:51:36","modified_gmt":"2026-02-02T06:51:36","slug":"lyzarsky-kurz-tridy-2-x","status":"publish","type":"post","link":"https:\/\/www.gym-karvina.cz\/?p=6632","title":{"rendered":"Ly\u017ea\u0159sk\u00fd kurz t\u0159\u00eddy 2.X"},"content":{"rendered":"\n<p>\u017d\u00e1ci sekundy v term\u00ednu od 18. do 22. ledna vyrazili zdol\u00e1vat svahy skiare\u00e1lu Snowparadise Velk\u00e1 Ra\u010da na Slovensku. Slune\u010dn\u00e9 po\u010das\u00ed a dostatek sn\u011bhu byly z\u00e1rukou par\u00e1dn\u00ed ly\u017eova\u010dky. V\u0161ichni usilovn\u011b zdokonalovali sv\u00e9 ly\u017ea\u0159sk\u00e9 dovednosti. Ve\u010dery pat\u0159ily nejen p\u0159edn\u00e1\u0161k\u00e1m o bezpe\u010dnosti a chov\u00e1n\u00ed na sjezdovk\u00e1ch, ale i hr\u00e1m a sout\u011b\u017e\u00edm, kter\u00e9 je\u0161t\u011b v\u00edce stmelily u\u017e tak par\u00e1dn\u00ed kolektiv. P\u011bt dn\u00ed n\u00e1m uteklo jako voda. \u017d\u00e1ci si odvezli spoustu z\u00e1\u017eitk\u016f, na kter\u00e9 budou dlouho vzpom\u00ednat. V\u0161ichni z\u00fa\u010dastn\u011bn\u00ed si za cel\u00fd pobyt zaslou\u017e\u00ed obrovskou pochvalu.<\/p>\n\n\n\n<p class=\"has-text-align-center\"><a href=\"https:\/\/photos.app.goo.gl\/ibdg17CBPEQBYpdN8\" target=\"_blank\" rel=\"noreferrer noopener\">FOTOalbum<\/a><\/p>\n\n\n\n<figure class=\"wp-block-embed is-type-video is-provider-youtube wp-block-embed-youtube wp-embed-aspect-16-9 wp-has-aspect-ratio\"><div class=\"wp-block-embed__wrapper\">\n<div class=\"video-container\"><iframe loading=\"lazy\" title=\"\ufe0fVelka\u0301 Rac\u030ca \ufe0f 2026\" width=\"500\" height=\"281\" src=\"https:\/\/www.youtube.com\/embed\/HuuUYE5aiF4?feature=oembed&#038;wmode=opaque\" frameborder=\"0\" allow=\"accelerometer; autoplay; clipboard-write; encrypted-media; gyroscope; picture-in-picture; web-share\" referrerpolicy=\"strict-origin-when-cross-origin\" allowfullscreen><\/iframe><\/div>\n<\/div><\/figure>\n\n\n\n<p><\/p>\n","protected":false},"excerpt":{"rendered":"<p>\u017d\u00e1ci sekundy v term\u00ednu od 18. do 22. ledna vyrazili zdol\u00e1vat svahy skiare\u00e1lu Snowparadise Velk\u00e1 Ra\u010da na Slovensku. Slune\u010dn\u00e9 po\u010das\u00ed a dostatek sn\u011bhu byly z\u00e1rukou par\u00e1dn\u00ed ly\u017eova\u010dky. V\u0161ichni usilovn\u011b zdokonalovali sv\u00e9 ly\u017ea\u0159sk\u00e9 dovednosti. Ve\u010dery pat\u0159ily&#46;&#46;&#46;<\/p>\n","protected":false},"author":3,"featured_media":6633,"comment_status":"closed","ping_status":"closed","sticky":false,"template":"","format":"standard","meta":{"footnotes":""},"categories":[33],"tags":[],"class_list":["post-6632","post","type-post","status-publish","format-standard","has-post-thumbnail","hentry","category-homepage"],"_links":{"self":[{"href":"https:\/\/www.gym-karvina.cz\/index.php?rest_route=\/wp\/v2\/posts\/6632","targetHints":{"allow":["GET"]}}],"collection":[{"href":"https:\/\/www.gym-karvina.cz\/index.php?rest_route=\/wp\/v2\/posts"}],"about":[{"href":"https:\/\/www.gym-karvina.cz\/index.php?rest_route=\/wp\/v2\/types\/post"}],"author":[{"embeddable":true,"href":"https:\/\/www.gym-karvina.cz\/index.php?rest_route=\/wp\/v2\/users\/3"}],"replies":[{"embeddable":true,"href":"https:\/\/www.gym-karvina.cz\/index.php?rest_route=%2Fwp%2Fv2%2Fcomments&post=6632"}],"version-history":[{"count":2,"href":"https:\/\/www.gym-karvina.cz\/index.php?rest_route=\/wp\/v2\/posts\/6632\/revisions"}],"predecessor-version":[{"id":6635,"href":"https:\/\/www.gym-karvina.cz\/index.php?rest_route=\/wp\/v2\/posts\/6632\/revisions\/6635"}],"wp:featuredmedia":[{"embeddable":true,"href":"https:\/\/www.gym-karvina.cz\/index.php?rest_route=\/wp\/v2\/media\/6633"}],"wp:attachment":[{"href":"https:\/\/www.gym-karvina.cz\/index.php?rest_route=%2Fwp%2Fv2%2Fmedia&parent=6632"}],"wp:term":[{"taxonomy":"category","embeddable":true,"href":"https:\/\/www.gym-karvina.cz\/index.php?rest_route=%2Fwp%2Fv2%2Fcategories&post=6632"},{"taxonomy":"post_tag","embeddable":true,"href":"https:\/\/www.gym-karvina.cz\/index.php?rest_route=%2Fwp%2Fv2%2Ftags&post=6632"}],"curies":[{"name":"wp","href":"https:\/\/api.w.org\/{rel}","templated":true}]}}