{"id":6638,"date":"2026-02-02T12:33:18","date_gmt":"2026-02-02T11:33:18","guid":{"rendered":"https:\/\/www.gym-karvina.cz\/?p=6638"},"modified":"2026-02-02T12:33:18","modified_gmt":"2026-02-02T11:33:18","slug":"hana-kozakova-vitezkou-okresniho-kola-matematicke-olympiady","status":"publish","type":"post","link":"https:\/\/www.gym-karvina.cz\/?p=6638","title":{"rendered":"Hana Koz\u00e1kov\u00e1 v\u00edt\u011bzkou okresn\u00edho kola Matematick\u00e9 olympi\u00e1dy"},"content":{"rendered":"\n<p>V&nbsp;pond\u011bl\u00ed 26. 1. 2026 se konalo okresn\u00ed kolo Matematick\u00e9 olympi\u00e1dy v&nbsp;kategorii Z9. Kr\u00e1sn\u00e9ho \u00fasp\u011bchu dos\u00e1hli hned dva z\u00e1stupci na\u0161\u00ed \u0161koly. Hana Koz\u00e1kov\u00e1 v&nbsp;sout\u011b\u017ei zv\u00edt\u011bzila a jej\u00ed spolu\u017e\u00e1k Anton\u00edn Kycik obsadil 4. m\u00edsto. Ob\u011bma pat\u0159\u00ed velk\u00e1 gratulace. Pochvalu zaslou\u017e\u00ed i spolu\u017ea\u010dka Linda Khanh Linh Pham<em>, <\/em>kter\u00e1 se okresn\u00edho kola tak\u00e9 z\u00fa\u010dastnila. Musela stejn\u011b jako Hanka a Tonda \u00fasp\u011b\u0161n\u011b vy\u0159e\u0161it p\u0159\u00edklady \u0161koln\u00edho kola, kter\u00e9 byly nutnou podm\u00ednkou pro \u00fa\u010dast v&nbsp;kole okresn\u00edm. V\u0161em t\u0159em d\u011bkujeme za reprezentaci \u0161koly. Vzhledem k&nbsp;tomu, \u017ee sout\u011b\u017e okresn\u00edm kolem letos je\u0161t\u011b nekon\u010d\u00ed, p\u0159ejeme Hance a Tondovi hodn\u011b \u00fasp\u011bch\u016f v&nbsp;krajsk\u00e9m kole, kter\u00e9 se uskute\u010dn\u00ed v&nbsp;b\u0159eznu.<\/p>\n\n\n\n<p class=\"has-text-align-center\"><a href=\"https:\/\/www.gym-karvina.cz\/wp-content\/uploads\/2026\/02\/MO-Z9-okres-vysledky-2026.pdf\" target=\"_blank\" rel=\"noreferrer noopener\">V\u00fdsledky<\/a><\/p>\n\n\n\n<figure class=\"wp-block-image size-full\"><img loading=\"lazy\" decoding=\"async\" width=\"999\" height=\"749\" src=\"https:\/\/www.gym-karvina.cz\/wp-content\/uploads\/2026\/02\/dva.jpg\" alt=\"\" class=\"wp-image-6636\" srcset=\"https:\/\/www.gym-karvina.cz\/wp-content\/uploads\/2026\/02\/dva.jpg 999w, https:\/\/www.gym-karvina.cz\/wp-content\/uploads\/2026\/02\/dva-300x225.jpg 300w, https:\/\/www.gym-karvina.cz\/wp-content\/uploads\/2026\/02\/dva-768x576.jpg 768w, https:\/\/www.gym-karvina.cz\/wp-content\/uploads\/2026\/02\/dva-24x18.jpg 24w, https:\/\/www.gym-karvina.cz\/wp-content\/uploads\/2026\/02\/dva-36x27.jpg 36w, https:\/\/www.gym-karvina.cz\/wp-content\/uploads\/2026\/02\/dva-48x36.jpg 48w\" sizes=\"auto, (max-width: 999px) 100vw, 999px\" \/><\/figure>\n\n\n\n<p class=\"has-text-align-right\"><em>Mgr. P. Hovorkov\u00e1<\/em><\/p>\n","protected":false},"excerpt":{"rendered":"<p>V&nbsp;pond\u011bl\u00ed 26. 1. 2026 se konalo okresn\u00ed kolo Matematick\u00e9 olympi\u00e1dy v&nbsp;kategorii Z9. Kr\u00e1sn\u00e9ho \u00fasp\u011bchu dos\u00e1hli hned dva z\u00e1stupci na\u0161\u00ed \u0161koly. Hana Koz\u00e1kov\u00e1 v&nbsp;sout\u011b\u017ei zv\u00edt\u011bzila a jej\u00ed spolu\u017e\u00e1k Anton\u00edn Kycik obsadil 4. m\u00edsto. Ob\u011bma pat\u0159\u00ed velk\u00e1&#46;&#46;&#46;<\/p>\n","protected":false},"author":3,"featured_media":2380,"comment_status":"closed","ping_status":"closed","sticky":false,"template":"","format":"standard","meta":{"footnotes":""},"categories":[33],"tags":[],"class_list":["post-6638","post","type-post","status-publish","format-standard","has-post-thumbnail","hentry","category-homepage"],"_links":{"self":[{"href":"https:\/\/www.gym-karvina.cz\/index.php?rest_route=\/wp\/v2\/posts\/6638","targetHints":{"allow":["GET"]}}],"collection":[{"href":"https:\/\/www.gym-karvina.cz\/index.php?rest_route=\/wp\/v2\/posts"}],"about":[{"href":"https:\/\/www.gym-karvina.cz\/index.php?rest_route=\/wp\/v2\/types\/post"}],"author":[{"embeddable":true,"href":"https:\/\/www.gym-karvina.cz\/index.php?rest_route=\/wp\/v2\/users\/3"}],"replies":[{"embeddable":true,"href":"https:\/\/www.gym-karvina.cz\/index.php?rest_route=%2Fwp%2Fv2%2Fcomments&post=6638"}],"version-history":[{"count":2,"href":"https:\/\/www.gym-karvina.cz\/index.php?rest_route=\/wp\/v2\/posts\/6638\/revisions"}],"predecessor-version":[{"id":6640,"href":"https:\/\/www.gym-karvina.cz\/index.php?rest_route=\/wp\/v2\/posts\/6638\/revisions\/6640"}],"wp:featuredmedia":[{"embeddable":true,"href":"https:\/\/www.gym-karvina.cz\/index.php?rest_route=\/wp\/v2\/media\/2380"}],"wp:attachment":[{"href":"https:\/\/www.gym-karvina.cz\/index.php?rest_route=%2Fwp%2Fv2%2Fmedia&parent=6638"}],"wp:term":[{"taxonomy":"category","embeddable":true,"href":"https:\/\/www.gym-karvina.cz\/index.php?rest_route=%2Fwp%2Fv2%2Fcategories&post=6638"},{"taxonomy":"post_tag","embeddable":true,"href":"https:\/\/www.gym-karvina.cz\/index.php?rest_route=%2Fwp%2Fv2%2Ftags&post=6638"}],"curies":[{"name":"wp","href":"https:\/\/api.w.org\/{rel}","templated":true}]}}