{"id":6641,"date":"2026-02-03T19:29:56","date_gmt":"2026-02-03T18:29:56","guid":{"rendered":"https:\/\/www.gym-karvina.cz\/?p=6641"},"modified":"2026-02-03T19:29:56","modified_gmt":"2026-02-03T18:29:56","slug":"gymplacky-kviz-proveril-znalosti-vyssiho-gymnazia","status":"publish","type":"post","link":"https:\/\/www.gym-karvina.cz\/?p=6641","title":{"rendered":"Gympl\u00e1ck\u00fd kv\u00edz prov\u011b\u0159il znalosti vy\u0161\u0161\u00edho gymn\u00e1zia"},"content":{"rendered":"\n<p>V&nbsp;pololetn\u00edm t\u00fddnu se konal v&nbsp;po\u0159ad\u00ed \u010dtvrt\u00fd kv\u00edz pro studenty vy\u0161\u0161\u00edho gymn\u00e1zia. Celkem 15 t\u00fdm\u016f (tvo\u0159en\u00fdch ze dvou a\u017e osmi \u010dlen\u016f) si otestovalo sv\u00e9 znalosti v r\u016fznorod\u00fdch oblastech, jako nap\u0159\u00edklad Karvin\u00e1, vesm\u00edr, pranostiky nebo fotbal. V kv\u00edzu se objevily i pon\u011bkud netradi\u010dn\u00ed ot\u00e1zky t\u0159eba na p\u00edsmeno \u201eo\u201c.<\/p>\n\n\n\n<p>Akce prob\u00edhala v p\u0159\u00edjemn\u00e9 a sout\u011b\u017eiv\u00e9 atmosf\u00e9\u0159e a uk\u00e1zalo se, \u017ee studenti maj\u00ed opravdu \u0161irok\u00fd p\u0159ehled. Nejl\u00e9pe se tentokr\u00e1t da\u0159ilo t\u00fdm\u016fm slo\u017een\u00fdch z maturant\u016f, kte\u0159\u00ed potvrdili sv\u00e9 zku\u0161enosti a v\u011bdomosti, a obsadili tak p\u0159edn\u00ed p\u0159\u00ed\u010dky.<\/p>\n\n\n\n<p>Tak schv\u00e1ln\u011b, jak byste doplnili tuto pov\u011bru vy? A zn\u00e1te jej\u00ed historick\u00fd kontext?<\/p>\n\n\n\n<p class=\"has-text-align-center\"><strong>\u201eSvatba v&nbsp;m\u00e1ji, \u2026\u2026\u2026\u2026\u2026\u2026\u2026\u2026\u2026\u2026\u2026\u2026\u2026\u2026\u2026\u2026\u2026\u2026\u2026\u2026\u2026..\u201c<\/strong><\/p>\n\n\n\n<p class=\"has-text-align-right\"><em>za cel\u00fd t\u00fdm gympl\u00e1ck\u00e9ho kv\u00edzu Mgr. N. Pag\u00e1\u010dov\u00e1, Mgr. M. Ledwo\u0144, Mgr. K. Kiselov\u00e1<\/em><\/p>\n\n\n\n<p class=\"has-text-align-center has-medium-font-size\"><a href=\"https:\/\/photos.google.com\/share\/AF1QipPubMNoxkZM6ZkNhs-AzQHimIzGmFUAOkh7ZXNCOs5JWT5jTWlgfMnpHsbdT1ykQQ?pli=1&amp;key=QXZ6VVlrUHgycHNqRlhtSHY0MDN6eVllaUU4V1l3\" target=\"_blank\" rel=\"noreferrer noopener\">FOTOGALERIE<\/a><\/p>\n\n\n<div class=\"wp-block-image is-style-rounded\">\n<figure class=\"aligncenter size-large is-resized\"><a href=\"https:\/\/photos.google.com\/share\/AF1QipPubMNoxkZM6ZkNhs-AzQHimIzGmFUAOkh7ZXNCOs5JWT5jTWlgfMnpHsbdT1ykQQ\/photo\/AF1QipNDFjCaXdRCxgvWAcfZXGBzXY9dwA29NzNJkNA?key=QXZ6VVlrUHgycHNqRlhtSHY0MDN6eVllaUU4V1l3\" target=\"_blank\" rel=\" noreferrer noopener\"><img loading=\"lazy\" decoding=\"async\" width=\"768\" height=\"1024\" src=\"https:\/\/www.gym-karvina.cz\/wp-content\/uploads\/2026\/02\/kviz_h1200-768x1024.jpeg\" alt=\"\" class=\"wp-image-6642\" style=\"width:680px;height:auto\" srcset=\"https:\/\/www.gym-karvina.cz\/wp-content\/uploads\/2026\/02\/kviz_h1200-768x1024.jpeg 768w, https:\/\/www.gym-karvina.cz\/wp-content\/uploads\/2026\/02\/kviz_h1200-225x300.jpeg 225w, https:\/\/www.gym-karvina.cz\/wp-content\/uploads\/2026\/02\/kviz_h1200-18x24.jpeg 18w, https:\/\/www.gym-karvina.cz\/wp-content\/uploads\/2026\/02\/kviz_h1200-27x36.jpeg 27w, https:\/\/www.gym-karvina.cz\/wp-content\/uploads\/2026\/02\/kviz_h1200-36x48.jpeg 36w, https:\/\/www.gym-karvina.cz\/wp-content\/uploads\/2026\/02\/kviz_h1200.jpeg 900w\" sizes=\"auto, (max-width: 768px) 100vw, 768px\" \/><\/a><\/figure>\n<\/div>","protected":false},"excerpt":{"rendered":"<p>V&nbsp;pololetn\u00edm t\u00fddnu se konal v&nbsp;po\u0159ad\u00ed \u010dtvrt\u00fd kv\u00edz pro studenty vy\u0161\u0161\u00edho gymn\u00e1zia. Celkem 15 t\u00fdm\u016f (tvo\u0159en\u00fdch ze dvou a\u017e osmi \u010dlen\u016f) si otestovalo sv\u00e9 znalosti v r\u016fznorod\u00fdch oblastech, jako nap\u0159\u00edklad Karvin\u00e1, vesm\u00edr, pranostiky nebo fotbal. V&#46;&#46;&#46;<\/p>\n","protected":false},"author":8,"featured_media":6643,"comment_status":"closed","ping_status":"closed","sticky":false,"template":"","format":"standard","meta":{"footnotes":""},"categories":[33],"tags":[],"class_list":["post-6641","post","type-post","status-publish","format-standard","has-post-thumbnail","hentry","category-homepage"],"_links":{"self":[{"href":"https:\/\/www.gym-karvina.cz\/index.php?rest_route=\/wp\/v2\/posts\/6641","targetHints":{"allow":["GET"]}}],"collection":[{"href":"https:\/\/www.gym-karvina.cz\/index.php?rest_route=\/wp\/v2\/posts"}],"about":[{"href":"https:\/\/www.gym-karvina.cz\/index.php?rest_route=\/wp\/v2\/types\/post"}],"author":[{"embeddable":true,"href":"https:\/\/www.gym-karvina.cz\/index.php?rest_route=\/wp\/v2\/users\/8"}],"replies":[{"embeddable":true,"href":"https:\/\/www.gym-karvina.cz\/index.php?rest_route=%2Fwp%2Fv2%2Fcomments&post=6641"}],"version-history":[{"count":1,"href":"https:\/\/www.gym-karvina.cz\/index.php?rest_route=\/wp\/v2\/posts\/6641\/revisions"}],"predecessor-version":[{"id":6644,"href":"https:\/\/www.gym-karvina.cz\/index.php?rest_route=\/wp\/v2\/posts\/6641\/revisions\/6644"}],"wp:featuredmedia":[{"embeddable":true,"href":"https:\/\/www.gym-karvina.cz\/index.php?rest_route=\/wp\/v2\/media\/6643"}],"wp:attachment":[{"href":"https:\/\/www.gym-karvina.cz\/index.php?rest_route=%2Fwp%2Fv2%2Fmedia&parent=6641"}],"wp:term":[{"taxonomy":"category","embeddable":true,"href":"https:\/\/www.gym-karvina.cz\/index.php?rest_route=%2Fwp%2Fv2%2Fcategories&post=6641"},{"taxonomy":"post_tag","embeddable":true,"href":"https:\/\/www.gym-karvina.cz\/index.php?rest_route=%2Fwp%2Fv2%2Ftags&post=6641"}],"curies":[{"name":"wp","href":"https:\/\/api.w.org\/{rel}","templated":true}]}}