{"id":6652,"date":"2026-02-06T07:28:48","date_gmt":"2026-02-06T06:28:48","guid":{"rendered":"https:\/\/www.gym-karvina.cz\/?p=6652"},"modified":"2026-02-06T07:28:49","modified_gmt":"2026-02-06T06:28:49","slug":"sportovni-souteze-trid","status":"publish","type":"post","link":"https:\/\/www.gym-karvina.cz\/?p=6652","title":{"rendered":"Sportovn\u00ed sout\u011b\u017ee t\u0159\u00edd"},"content":{"rendered":"\n<p>V&nbsp;minul\u00e9m t\u00fddnu p\u0159ed pololetn\u00edm vysv\u011bd\u010den\u00edm m\u011bli na\u0161i \u017e\u00e1ci mo\u017enost z\u00fa\u010dastnit se sportovn\u00edch kl\u00e1n\u00ed.<\/p>\n\n\n\n<p>T\u0159\u00eddy vy\u0161\u0161\u00edho gymn\u00e1zia se st\u0159etly ve volejbale a v pickleballu.&nbsp;Volejbalov\u00e9 z\u00e1pasy sm\u00ed\u0161en\u00fdch dru\u017estev m\u011bly skv\u011blou \u00farove\u0148 a ve fin\u00e1le se radovali \u017e\u00e1ci 6.X, kte\u0159\u00ed po nap\u00ednav\u00e9 koncovce porazili 8.X.<br>Ve st\u0159edu zm\u011b\u0159ili star\u0161\u00ed \u017e\u00e1ci sv\u00e9 s\u00edly v&nbsp;pickleballu. Po skv\u011bl\u00fdch utk\u00e1n\u00edch si cenu pro v\u00edt\u011bze p\u0159ebrala 8.X.<\/p>\n\n\n\n<p>Pro ni\u017e\u0161\u00ed gymn\u00e1zium byla p\u0159ichyst\u00e1na sportovn\u00ed kl\u00e1n\u00ed v ringu a ve vyb\u00edjen\u00e9. Turnaj v ringu ovl\u00e1dla po skv\u011bl\u00e9m v\u00fdkonu kvarta, n\u00e1sledn\u00e1 vyb\u00edjen\u00e1 pak v&nbsp;pod\u00e1n\u00ed mlad\u0161\u00edch \u017e\u00e1k\u016f byla nap\u00ednav\u00e1 do samotn\u00e9ho konce. Prvn\u00ed m\u00edsto obsadila tercie. Obrovsk\u00fd obdiv si v\u0161ak zaslou\u017eila i p\u0159\u00edkladn\u00e1 bojovnost prim\u00e1n\u016f. Gratulujeme ke skv\u011bl\u00fdm v\u00fdkon\u016fm<\/p>\n\n\n\n<p class=\"has-text-align-center\"><a href=\"https:\/\/photos.app.goo.gl\/PVSnYTRZgMFYoacWA\" target=\"_blank\" rel=\"noreferrer noopener\">FOTOALBUM<\/a><\/p>\n\n\n\n<p class=\"has-text-align-right\"><em>Mgr. J. Rewenda<\/em><\/p>\n","protected":false},"excerpt":{"rendered":"<p>V&nbsp;minul\u00e9m t\u00fddnu p\u0159ed pololetn\u00edm vysv\u011bd\u010den\u00edm m\u011bli na\u0161i \u017e\u00e1ci mo\u017enost z\u00fa\u010dastnit se sportovn\u00edch kl\u00e1n\u00ed. T\u0159\u00eddy vy\u0161\u0161\u00edho gymn\u00e1zia se st\u0159etly ve volejbale a v pickleballu.&nbsp;Volejbalov\u00e9 z\u00e1pasy sm\u00ed\u0161en\u00fdch dru\u017estev m\u011bly skv\u011blou \u00farove\u0148 a ve fin\u00e1le se radovali \u017e\u00e1ci&#46;&#46;&#46;<\/p>\n","protected":false},"author":3,"featured_media":6651,"comment_status":"closed","ping_status":"closed","sticky":false,"template":"","format":"standard","meta":{"footnotes":""},"categories":[33],"tags":[],"class_list":["post-6652","post","type-post","status-publish","format-standard","has-post-thumbnail","hentry","category-homepage"],"_links":{"self":[{"href":"https:\/\/www.gym-karvina.cz\/index.php?rest_route=\/wp\/v2\/posts\/6652","targetHints":{"allow":["GET"]}}],"collection":[{"href":"https:\/\/www.gym-karvina.cz\/index.php?rest_route=\/wp\/v2\/posts"}],"about":[{"href":"https:\/\/www.gym-karvina.cz\/index.php?rest_route=\/wp\/v2\/types\/post"}],"author":[{"embeddable":true,"href":"https:\/\/www.gym-karvina.cz\/index.php?rest_route=\/wp\/v2\/users\/3"}],"replies":[{"embeddable":true,"href":"https:\/\/www.gym-karvina.cz\/index.php?rest_route=%2Fwp%2Fv2%2Fcomments&post=6652"}],"version-history":[{"count":1,"href":"https:\/\/www.gym-karvina.cz\/index.php?rest_route=\/wp\/v2\/posts\/6652\/revisions"}],"predecessor-version":[{"id":6653,"href":"https:\/\/www.gym-karvina.cz\/index.php?rest_route=\/wp\/v2\/posts\/6652\/revisions\/6653"}],"wp:featuredmedia":[{"embeddable":true,"href":"https:\/\/www.gym-karvina.cz\/index.php?rest_route=\/wp\/v2\/media\/6651"}],"wp:attachment":[{"href":"https:\/\/www.gym-karvina.cz\/index.php?rest_route=%2Fwp%2Fv2%2Fmedia&parent=6652"}],"wp:term":[{"taxonomy":"category","embeddable":true,"href":"https:\/\/www.gym-karvina.cz\/index.php?rest_route=%2Fwp%2Fv2%2Fcategories&post=6652"},{"taxonomy":"post_tag","embeddable":true,"href":"https:\/\/www.gym-karvina.cz\/index.php?rest_route=%2Fwp%2Fv2%2Ftags&post=6652"}],"curies":[{"name":"wp","href":"https:\/\/api.w.org\/{rel}","templated":true}]}}