{"id":6661,"date":"2026-02-06T21:00:37","date_gmt":"2026-02-06T20:00:37","guid":{"rendered":"https:\/\/www.gym-karvina.cz\/?p=6661"},"modified":"2026-02-06T21:00:37","modified_gmt":"2026-02-06T20:00:37","slug":"olympiada-z-ceskeho-jazyka","status":"publish","type":"post","link":"https:\/\/www.gym-karvina.cz\/?p=6661","title":{"rendered":"Olympi\u00e1da z \u010desk\u00e9ho jazyka"},"content":{"rendered":"\n<p>Dvoj\u00ed \u00fasp\u011bch v&nbsp;okresn\u00edm kole olympi\u00e1dy z&nbsp;\u010desk\u00e9ho jazyka<br>Ve st\u0159edu 28. ledna 2026 prob\u011bhlo okresn\u00ed kolo olympi\u00e1dy v&nbsp;\u010desk\u00e9m jazyce v&nbsp;II. kategorii, tedy pro<br>studenty st\u0159edn\u00edch \u0161kol.<br>Eva Svr\u010dov\u00e1 a Ema Kutl\u00e1kov\u00e1 z&nbsp;okt\u00e1vy se popraly nejprve s&nbsp;gramatickou \u010d\u00e1st\u00ed a pak se chopily psan\u00ed<br>slohov\u00e9 pr\u00e1ce na dan\u00e9 t\u00e9ma. Dos\u00e1hly skv\u011bl\u00e9ho um\u00edst\u011bn\u00ed. Eva vystoupala na druhou p\u0159\u00ed\u010dku a Ema ji<br>n\u00e1sledovala na m\u00edst\u011b t\u0159et\u00edm. Ob\u011bma d\u00edvk\u00e1m srde\u010dn\u011b gratulujeme a p\u0159ejeme mnoho \u0161t\u011bst\u00ed a \u00fasp\u011bch\u016f<br>v&nbsp;kole krajsk\u00e9m, kter\u00e9 se uskute\u010dn\u00ed v&nbsp;b\u0159eznu v&nbsp;Ostrav\u011b.<\/p>\n\n\n\n<p>Uzn\u00e1n\u00ed a pochvalu si zaslou\u017e\u00ed i dv\u011b d\u011bv\u010data z&nbsp;kvarty, kter\u00e1 se z\u00fa\u010dastnila okresn\u00edho kola o den d\u0159\u00edve,<br>tedy 27. ledna. Valerie Hellerov\u00e1 a Nora K\u00fchtreiberov\u00e1 si s&nbsp;\u00fakoly poradily se ct\u00ed pot\u00e9, co ve \u0161koln\u00edm<br>kole obsadily 1. a 2. m\u00edsto.<\/p>\n\n\n\n<p class=\"has-text-align-right\"><em>Za PK \u010desk\u00e9ho jazyka Mgr. Kamila Ad\u00e1mkov\u00e1<\/em><\/p>\n\n\n\n<p><\/p>\n","protected":false},"excerpt":{"rendered":"<p>Dvoj\u00ed \u00fasp\u011bch v&nbsp;okresn\u00edm kole olympi\u00e1dy z&nbsp;\u010desk\u00e9ho jazykaVe st\u0159edu 28. ledna 2026 prob\u011bhlo okresn\u00ed kolo olympi\u00e1dy v&nbsp;\u010desk\u00e9m jazyce v&nbsp;II. kategorii, tedy prostudenty st\u0159edn\u00edch \u0161kol.Eva Svr\u010dov\u00e1 a Ema Kutl\u00e1kov\u00e1 z&nbsp;okt\u00e1vy se popraly nejprve s&nbsp;gramatickou \u010d\u00e1st\u00ed a pak&#46;&#46;&#46;<\/p>\n","protected":false},"author":6,"featured_media":2375,"comment_status":"closed","ping_status":"closed","sticky":false,"template":"","format":"standard","meta":{"footnotes":""},"categories":[33],"tags":[],"class_list":["post-6661","post","type-post","status-publish","format-standard","has-post-thumbnail","hentry","category-homepage"],"_links":{"self":[{"href":"https:\/\/www.gym-karvina.cz\/index.php?rest_route=\/wp\/v2\/posts\/6661","targetHints":{"allow":["GET"]}}],"collection":[{"href":"https:\/\/www.gym-karvina.cz\/index.php?rest_route=\/wp\/v2\/posts"}],"about":[{"href":"https:\/\/www.gym-karvina.cz\/index.php?rest_route=\/wp\/v2\/types\/post"}],"author":[{"embeddable":true,"href":"https:\/\/www.gym-karvina.cz\/index.php?rest_route=\/wp\/v2\/users\/6"}],"replies":[{"embeddable":true,"href":"https:\/\/www.gym-karvina.cz\/index.php?rest_route=%2Fwp%2Fv2%2Fcomments&post=6661"}],"version-history":[{"count":1,"href":"https:\/\/www.gym-karvina.cz\/index.php?rest_route=\/wp\/v2\/posts\/6661\/revisions"}],"predecessor-version":[{"id":6662,"href":"https:\/\/www.gym-karvina.cz\/index.php?rest_route=\/wp\/v2\/posts\/6661\/revisions\/6662"}],"wp:featuredmedia":[{"embeddable":true,"href":"https:\/\/www.gym-karvina.cz\/index.php?rest_route=\/wp\/v2\/media\/2375"}],"wp:attachment":[{"href":"https:\/\/www.gym-karvina.cz\/index.php?rest_route=%2Fwp%2Fv2%2Fmedia&parent=6661"}],"wp:term":[{"taxonomy":"category","embeddable":true,"href":"https:\/\/www.gym-karvina.cz\/index.php?rest_route=%2Fwp%2Fv2%2Fcategories&post=6661"},{"taxonomy":"post_tag","embeddable":true,"href":"https:\/\/www.gym-karvina.cz\/index.php?rest_route=%2Fwp%2Fv2%2Ftags&post=6661"}],"curies":[{"name":"wp","href":"https:\/\/api.w.org\/{rel}","templated":true}]}}