{"id":7001,"date":"2026-02-27T14:41:30","date_gmt":"2026-02-27T13:41:30","guid":{"rendered":"https:\/\/www.gym-karvina.cz\/?p=7001"},"modified":"2026-03-23T14:42:44","modified_gmt":"2026-03-23T13:42:44","slug":"monika-brza-kurz-na-kanarskych-ostrovech","status":"publish","type":"post","link":"https:\/\/www.gym-karvina.cz\/?p=7001","title":{"rendered":"Monika Brz\u00e1 \u2013 kurz na Kan\u00e1rsk\u00fdch ostrovech"},"content":{"rendered":"\n<h6 class=\"wp-block-heading\">16. 2. \u2013 20. 2. 2026<\/h6>\n\n\n\n<p><strong><strong><strong>JAZYKOV\u00dd KURZ \u2013&nbsp;GENERAL ENGLISH, LANGUAGE CAMPUS, LAS PALMAS DE GRAN CANARIA<\/strong><\/strong><\/strong><\/p>\n\n\n\n<p>V&nbsp;dob\u011b jarn\u00edch pr\u00e1zdnin 2026 jsem m\u011bla dal\u0161\u00ed mo\u017enost \u00fa\u010dastnit se mobility s c\u00edlem zlep\u0161it sv\u00e9 jazykov\u00e9 znalosti a pozn\u00e1vat kulturu Kan\u00e1rsk\u00fdch ostrov\u016f. Destinaci Las Palmas a \u0161kolu Language Campus jsem si vybrala poprv\u00e9 na z\u00e1klad\u011b dobr\u00fdch referenc\u00ed. \u0160kola nab\u00edz\u00ed profesionalitu, empatii, spolehlivost a v\u017edy pozitivn\u00ed a motivuj\u00edc\u00ed p\u0159\u00edstup.<\/p>\n\n\n\n<p>P\u0159ed odletem do Las Palmas jsem vyplnila roz\u0159azovac\u00ed test, na jeho\u017e z\u00e1klad\u011b m\u011bl m\u016fj budouc\u00ed u\u010ditel pov\u011bdom\u00ed o m\u00e9 \u00farovni angli\u010dtiny, kterou stanovil v&nbsp;rozmez\u00ed mezi B2 a C1. V\u00fduka prob\u00edhala individu\u00e1ln\u011b v&nbsp;bloc\u00edch a \u0161kola m\u011b vybavila u\u010debnic\u00ed. M\u016fj c\u00edl byl jasn\u00fd \u2013 neb\u00e1t se l\u00e9pe a odv\u00e1\u017en\u011bji komunikovat, zdokonalovat se v gramatick\u00fdch pravidlech a spr\u00e1vn\u00e9 v\u00fdslovnosti. C\u00edlila jsem na komunikaci ve form\u00e1ln\u00ed angli\u010dtin\u011b.<\/p>\n\n\n\n<p>V pr\u016fb\u011bhu t\u00fddne se v&nbsp;m\u00e9 v\u00fduce vyst\u0159\u00eddali dva u\u010ditel\u00e9, kte\u0159\u00ed byli velmi empati\u010dt\u00ed, usm\u011bvav\u00ed, tolerantn\u00ed a sna\u017eili se m\u011b posunout co nejv\u00edce a vyhov\u011bt m\u00fdm po\u017eadavk\u016fm. Lekce byly intenzivn\u00ed, u\u010ditel\u00e9 inovativn\u00ed a metody v\u00fduky, kter\u00fdmi vl\u00e1dli, byly fascinuj\u00edc\u00ed. Byli to profesion\u00e1lov\u00e9, kte\u0159\u00ed bu\u010f byli rodil\u00fdmi mluv\u010d\u00edmi nebo m\u011bli velmi vysokou \u00farove\u0148 anglick\u00e9ho jazyka. Ve sv\u00fdch lekc\u00edch m\u011b zdokonalovali v gramatice, v\u00fdslovnosti, form\u00e1ln\u00ed i neform\u00e1ln\u00ed komunikaci, p\u0159irozen\u011b m\u011b motivovali ke spolupr\u00e1ci a hlavn\u011b se sna\u017eili odbour\u00e1vat mou obavu z mo\u017en\u00fdch komunika\u010dn\u00edch chyb. Z\u00e1le\u017eelo jim na m\u00e9 spokojenosti, proto po ka\u017ed\u00e9 lekci vy\u017eadovali zp\u011btnou vazbu. Byli skv\u011bl\u00ed!<\/p>\n\n\n\n<p>Jazykov\u00e9 \u0161kole Language Campus velmi z\u00e1le\u017e\u00ed na spokojenosti sv\u00fdch klient\u016f.<\/p>\n\n\n\n<p>M\u00fdm c\u00edlem bylo zlep\u0161it u\u017e\u00edv\u00e1n\u00ed jazyka na komunika\u010dn\u00ed \u00farovni. Jsem p\u0159esv\u011bd\u010dena, \u017ee ka\u017ed\u00fd pobyt v&nbsp;ciz\u00ed zemi je tou nejlep\u0161\u00ed cestou ke zlep\u0161ov\u00e1n\u00ed komunika\u010dn\u00ed \u00farovn\u011b. M\u00e9 komunika\u010dn\u00ed dovednosti se zlep\u0161ily, u\u010ditel\u00e9 mi uk\u00e1zali mo\u017enosti, kter\u00e9 mohu vyu\u017e\u00edt. Jsem velmi r\u00e1da, \u017ee v r\u00e1mci programu Erasmus+ mohu absolvovat tyto mobility. Jazykov\u00fd kurz v&nbsp;Las Palmas mi p\u0159inesl nejen zlep\u0161en\u00ed jazykov\u00fdch dovednost\u00ed, ale tak\u00e9 pos\u00edlil m\u00e9 organiza\u010dn\u00ed schopnosti a donutil m\u011b p\u0159ekon\u00e1vat samu sebe. D\u011bkuji za p\u0159\u00edle\u017eitost Iv\u011b Vrbov\u00e9, kter\u00e1 program Erasmus+ na na\u0161\u00ed \u0161kole koordinuje a v\u017edy a za v\u0161ech okolnost\u00ed pod\u00e1 pomocnou ruku a poskytne radu.<\/p>\n\n\n\n<figure class=\"wp-block-gallery has-nested-images columns-default is-cropped wp-block-gallery-1 is-layout-flex wp-block-gallery-is-layout-flex\">\n<figure data-wp-context=\"{&quot;imageId&quot;:&quot;69ec5b4409a7b&quot;}\" data-wp-interactive=\"core\/image\" data-wp-key=\"69ec5b4409a7b\" class=\"wp-block-image size-large wp-lightbox-container\"><img loading=\"lazy\" decoding=\"async\" width=\"1024\" height=\"767\" data-wp-class--hide=\"state.isContentHidden\" data-wp-class--show=\"state.isContentVisible\" data-wp-init=\"callbacks.setButtonStyles\" data-wp-on--click=\"actions.showLightbox\" data-wp-on--load=\"callbacks.setButtonStyles\" data-wp-on-window--resize=\"callbacks.setButtonStyles\" data-id=\"7002\" src=\"https:\/\/www.gym-karvina.cz\/wp-content\/uploads\/2026\/03\/br1-1024x767.jpg\" alt=\"\" class=\"wp-image-7002\" srcset=\"https:\/\/www.gym-karvina.cz\/wp-content\/uploads\/2026\/03\/br1-1024x767.jpg 1024w, https:\/\/www.gym-karvina.cz\/wp-content\/uploads\/2026\/03\/br1-300x225.jpg 300w, https:\/\/www.gym-karvina.cz\/wp-content\/uploads\/2026\/03\/br1-768x575.jpg 768w, https:\/\/www.gym-karvina.cz\/wp-content\/uploads\/2026\/03\/br1-24x18.jpg 24w, https:\/\/www.gym-karvina.cz\/wp-content\/uploads\/2026\/03\/br1-36x27.jpg 36w, https:\/\/www.gym-karvina.cz\/wp-content\/uploads\/2026\/03\/br1-48x36.jpg 48w, https:\/\/www.gym-karvina.cz\/wp-content\/uploads\/2026\/03\/br1.jpg 1134w\" sizes=\"auto, (max-width: 1024px) 100vw, 1024px\" \/><button\n\t\t\tclass=\"lightbox-trigger\"\n\t\t\ttype=\"button\"\n\t\t\taria-haspopup=\"dialog\"\n\t\t\taria-label=\"Zv\u011bt\u0161it\"\n\t\t\tdata-wp-init=\"callbacks.initTriggerButton\"\n\t\t\tdata-wp-on--click=\"actions.showLightbox\"\n\t\t\tdata-wp-style--right=\"state.imageButtonRight\"\n\t\t\tdata-wp-style--top=\"state.imageButtonTop\"\n\t\t>\n\t\t\t<svg xmlns=\"http:\/\/www.w3.org\/2000\/svg\" width=\"12\" height=\"12\" fill=\"none\" viewBox=\"0 0 12 12\">\n\t\t\t\t<path fill=\"#fff\" d=\"M2 0a2 2 0 0 0-2 2v2h1.5V2a.5.5 0 0 1 .5-.5h2V0H2Zm2 10.5H2a.5.5 0 0 1-.5-.5V8H0v2a2 2 0 0 0 2 2h2v-1.5ZM8 12v-1.5h2a.5.5 0 0 0 .5-.5V8H12v2a2 2 0 0 1-2 2H8Zm2-12a2 2 0 0 1 2 2v2h-1.5V2a.5.5 0 0 0-.5-.5H8V0h2Z\" \/>\n\t\t\t<\/svg>\n\t\t<\/button><\/figure>\n\n\n\n<figure class=\"wp-block-image size-large\"><img loading=\"lazy\" decoding=\"async\" width=\"992\" height=\"683\" data-id=\"7009\" src=\"https:\/\/www.gym-karvina.cz\/wp-content\/uploads\/2026\/03\/br3.png\" alt=\"\" class=\"wp-image-7009\" srcset=\"https:\/\/www.gym-karvina.cz\/wp-content\/uploads\/2026\/03\/br3.png 992w, https:\/\/www.gym-karvina.cz\/wp-content\/uploads\/2026\/03\/br3-300x207.png 300w, https:\/\/www.gym-karvina.cz\/wp-content\/uploads\/2026\/03\/br3-768x529.png 768w, https:\/\/www.gym-karvina.cz\/wp-content\/uploads\/2026\/03\/br3-24x17.png 24w, https:\/\/www.gym-karvina.cz\/wp-content\/uploads\/2026\/03\/br3-36x25.png 36w, https:\/\/www.gym-karvina.cz\/wp-content\/uploads\/2026\/03\/br3-48x33.png 48w\" sizes=\"auto, (max-width: 992px) 100vw, 992px\" \/><\/figure>\n\n\n\n<figure data-wp-context=\"{&quot;imageId&quot;:&quot;69ec5b440a6b9&quot;}\" data-wp-interactive=\"core\/image\" data-wp-key=\"69ec5b440a6b9\" class=\"wp-block-image size-full wp-lightbox-container\"><img loading=\"lazy\" decoding=\"async\" width=\"712\" height=\"950\" data-wp-class--hide=\"state.isContentHidden\" data-wp-class--show=\"state.isContentVisible\" data-wp-init=\"callbacks.setButtonStyles\" data-wp-on--click=\"actions.showLightbox\" data-wp-on--load=\"callbacks.setButtonStyles\" data-wp-on-window--resize=\"callbacks.setButtonStyles\" data-id=\"7004\" src=\"https:\/\/www.gym-karvina.cz\/wp-content\/uploads\/2026\/03\/br2-1-rotated.jpg\" alt=\"\" class=\"wp-image-7004\" srcset=\"https:\/\/www.gym-karvina.cz\/wp-content\/uploads\/2026\/03\/br2-1-rotated.jpg 712w, https:\/\/www.gym-karvina.cz\/wp-content\/uploads\/2026\/03\/br2-1-225x300.jpg 225w, https:\/\/www.gym-karvina.cz\/wp-content\/uploads\/2026\/03\/br2-1-18x24.jpg 18w, https:\/\/www.gym-karvina.cz\/wp-content\/uploads\/2026\/03\/br2-1-27x36.jpg 27w, https:\/\/www.gym-karvina.cz\/wp-content\/uploads\/2026\/03\/br2-1-36x48.jpg 36w\" sizes=\"auto, (max-width: 712px) 100vw, 712px\" \/><button\n\t\t\tclass=\"lightbox-trigger\"\n\t\t\ttype=\"button\"\n\t\t\taria-haspopup=\"dialog\"\n\t\t\taria-label=\"Zv\u011bt\u0161it\"\n\t\t\tdata-wp-init=\"callbacks.initTriggerButton\"\n\t\t\tdata-wp-on--click=\"actions.showLightbox\"\n\t\t\tdata-wp-style--right=\"state.imageButtonRight\"\n\t\t\tdata-wp-style--top=\"state.imageButtonTop\"\n\t\t>\n\t\t\t<svg xmlns=\"http:\/\/www.w3.org\/2000\/svg\" width=\"12\" height=\"12\" fill=\"none\" viewBox=\"0 0 12 12\">\n\t\t\t\t<path fill=\"#fff\" d=\"M2 0a2 2 0 0 0-2 2v2h1.5V2a.5.5 0 0 1 .5-.5h2V0H2Zm2 10.5H2a.5.5 0 0 1-.5-.5V8H0v2a2 2 0 0 0 2 2h2v-1.5ZM8 12v-1.5h2a.5.5 0 0 0 .5-.5V8H12v2a2 2 0 0 1-2 2H8Zm2-12a2 2 0 0 1 2 2v2h-1.5V2a.5.5 0 0 0-.5-.5H8V0h2Z\" \/>\n\t\t\t<\/svg>\n\t\t<\/button><\/figure>\n<\/figure>\n\n\n\n<p class=\"has-text-align-right\"><em>Mgr. Monika Brz\u00e1<\/em><\/p>\n","protected":false},"excerpt":{"rendered":"<p>16. 2. \u2013 20. 2. 2026 JAZYKOV\u00dd KURZ \u2013&nbsp;GENERAL ENGLISH, LANGUAGE CAMPUS, LAS PALMAS DE GRAN CANARIA V&nbsp;dob\u011b jarn\u00edch pr\u00e1zdnin 2026 jsem m\u011bla dal\u0161\u00ed mo\u017enost \u00fa\u010dastnit se mobility s c\u00edlem zlep\u0161it sv\u00e9 jazykov\u00e9 znalosti a&#46;&#46;&#46;<\/p>\n","protected":false},"author":9,"featured_media":3627,"comment_status":"closed","ping_status":"closed","sticky":false,"template":"","format":"standard","meta":{"footnotes":""},"categories":[43],"tags":[],"class_list":["post-7001","post","type-post","status-publish","format-standard","has-post-thumbnail","hentry","category-akreditace-a3"],"_links":{"self":[{"href":"https:\/\/www.gym-karvina.cz\/index.php?rest_route=\/wp\/v2\/posts\/7001","targetHints":{"allow":["GET"]}}],"collection":[{"href":"https:\/\/www.gym-karvina.cz\/index.php?rest_route=\/wp\/v2\/posts"}],"about":[{"href":"https:\/\/www.gym-karvina.cz\/index.php?rest_route=\/wp\/v2\/types\/post"}],"author":[{"embeddable":true,"href":"https:\/\/www.gym-karvina.cz\/index.php?rest_route=\/wp\/v2\/users\/9"}],"replies":[{"embeddable":true,"href":"https:\/\/www.gym-karvina.cz\/index.php?rest_route=%2Fwp%2Fv2%2Fcomments&post=7001"}],"version-history":[{"count":4,"href":"https:\/\/www.gym-karvina.cz\/index.php?rest_route=\/wp\/v2\/posts\/7001\/revisions"}],"predecessor-version":[{"id":7010,"href":"https:\/\/www.gym-karvina.cz\/index.php?rest_route=\/wp\/v2\/posts\/7001\/revisions\/7010"}],"wp:featuredmedia":[{"embeddable":true,"href":"https:\/\/www.gym-karvina.cz\/index.php?rest_route=\/wp\/v2\/media\/3627"}],"wp:attachment":[{"href":"https:\/\/www.gym-karvina.cz\/index.php?rest_route=%2Fwp%2Fv2%2Fmedia&parent=7001"}],"wp:term":[{"taxonomy":"category","embeddable":true,"href":"https:\/\/www.gym-karvina.cz\/index.php?rest_route=%2Fwp%2Fv2%2Fcategories&post=7001"},{"taxonomy":"post_tag","embeddable":true,"href":"https:\/\/www.gym-karvina.cz\/index.php?rest_route=%2Fwp%2Fv2%2Ftags&post=7001"}],"curies":[{"name":"wp","href":"https:\/\/api.w.org\/{rel}","templated":true}]}}