{"id":7031,"date":"2026-03-29T00:24:41","date_gmt":"2026-03-28T23:24:41","guid":{"rendered":"https:\/\/www.gym-karvina.cz\/?p=7031"},"modified":"2026-04-07T11:23:33","modified_gmt":"2026-04-07T09:23:33","slug":"chemicky-maraton-v-beskydech","status":"publish","type":"post","link":"https:\/\/www.gym-karvina.cz\/?p=7031","title":{"rendered":"Chemick\u00fd maraton v Beskydech"},"content":{"rendered":"\n<p class=\"has-black-color has-text-color has-link-color wp-elements-59cc2a376a1e6d2db2dd71bf6abbd044\">O v\u00edkendu se uskute\u010dnil intenzivn\u00ed vzd\u011bl\u00e1vac\u00ed semin\u00e1\u0159 pro \u017e\u00e1ky 4. ro\u010dn\u00edku chemick\u00e9ho semin\u00e1\u0159e. Cel\u00e1 akce prob\u011bhla v prost\u0159ed\u00ed horsk\u00e9 chaty Salajka v Horn\u00ed Lomn\u00e9, kter\u00e1 poskytla ide\u00e1ln\u00ed z\u00e1zem\u00ed pro soust\u0159ed\u011bnou pr\u00e1ci i neform\u00e1ln\u00ed sd\u00edlen\u00ed zku\u0161enost\u00ed.<\/p>\n\n\n\n<p class=\"has-black-color has-text-color has-link-color wp-elements-89fea882b3b8ce61a3a72d25f9f5c478\">B\u011bhem t\u0159\u00ed dn\u016f se \u017e\u00e1ci pono\u0159ili do \u0161irok\u00e9ho spektra t\u00e9mat. Hlavn\u00ed pozornost byla v\u011bnov\u00e1na problematice anorganick\u00e9 chemie, kde si \u00fa\u010dastn\u00edci upevnili kl\u00ed\u010dov\u00e9 poznatky a souvislosti. Nem\u00e9n\u011b d\u016fle\u017eitou sou\u010d\u00e1st\u00ed programu byly v\u00fdpo\u010dty, kter\u00e9 si \u017e\u00e1ci procvi\u010dovali na praktick\u00fdch p\u0159\u00edkladech, a bloky zam\u011b\u0159en\u00e9 na biochemii a obecnou chemii. Semin\u00e1\u0159 byl koncipov\u00e1n tak, aby propojoval r\u016fzn\u00e9 oblasti chemie a pomohl student\u016fm vn\u00edmat obor v \u0161ir\u0161\u00edch souvislostech s&nbsp;vyu\u017eit\u00edm modern\u00ed IT techniky.<\/p>\n\n\n\n<p class=\"has-black-color has-text-color has-link-color wp-elements-0dcd56d4f496b22895c7b2288e6be258\">Velmi pozitivn\u011b lze hodnotit p\u0159\u00edstup samotn\u00fdch \u017e\u00e1k\u016f. Po celou dobu semin\u00e1\u0159e byli mimo\u0159\u00e1dn\u011b vn\u00edmav\u00ed, aktivn\u011b se zapojovali do diskus\u00ed, pe\u010dliv\u011b si zapisovali pozn\u00e1mky a reagovali na kladen\u00e9 ot\u00e1zky. To v\u0161e i p\u0159esto, \u017ee tempo bylo m\u00edsty opravdu vra\u017eedn\u00e9 a \u201ecoffee breaky\u201c sp\u00ed\u0161e kr\u00e1tk\u00e9 ne\u017e odpo\u010dinkov\u00e9. Nem\u00e9n\u011b pot\u011b\u0161uj\u00edc\u00ed je skute\u010dnost, \u017ee \u017e\u00e1ci tento semin\u00e1\u0159 absolvovali zcela dobrovoln\u011b ve sv\u00e9m voln\u00e9m \u010dase.<\/p>\n\n\n\n<p class=\"has-black-color has-text-color has-link-color wp-elements-203eab0c6e2593712515cf3febf67483\">Krom\u011b odborn\u00e9 \u010d\u00e1sti m\u011bl semin\u00e1\u0159 i d\u016fle\u017eit\u00fd soci\u00e1ln\u00ed rozm\u011br \u2013 spole\u010dn\u011b str\u00e1ven\u00fd \u010das mimo \u0161koln\u00ed lavice p\u0159isp\u011bl k lep\u0161\u00ed spolupr\u00e1ci i atmosf\u00e9\u0159e v kolektivu. \u017d\u00e1ci m\u011bli mo\u017enost sd\u00edlet sv\u00e9 zku\u0161enosti, vz\u00e1jemn\u011b si pom\u00e1hat a motivovat se k dal\u0161\u00edmu studiu.<\/p>\n\n\n\n<p class=\"has-black-color has-text-color has-link-color wp-elements-1609cf652c974791fd9701dfd7c8a216\">Z ohlas\u016f \u00fa\u010dastn\u00edk\u016f vypl\u00fdv\u00e1, \u017ee semin\u00e1\u0159 byl nejen p\u0159\u00ednosn\u00fd z hlediska p\u0159\u00edpravy na maturitu a p\u0159\u00edpadn\u00e9 p\u0159ij\u00edmac\u00ed zkou\u0161ky na V\u0160, ale tak\u00e9 inspirativn\u00ed a motivuj\u00edc\u00ed. \u017d\u00e1ci ocenili p\u0159edev\u0161\u00edm propojen\u00ed jednotliv\u00fdch oblast\u00ed chemie, srozumiteln\u00e9 vysv\u011btlen\u00ed slo\u017eit\u011bj\u0161\u00edch t\u00e9mat i celkovou organizaci akce.<\/p>\n\n\n\n<p class=\"has-black-color has-text-color has-link-color wp-elements-2d4506935ce3c038be8a04140466497e\">V\u00edkendov\u00fd semin\u00e1\u0159 tak splnil sv\u016fj c\u00edl \u2013 prohloubit znalosti \u017e\u00e1k\u016f, podpo\u0159it jejich z\u00e1jem o chemii a nab\u00eddnout jim prostor pro intenzivn\u00ed p\u0159\u00edpravu v p\u0159\u00edjemn\u00e9m prost\u0159ed\u00ed.<\/p>\n\n\n\n<p class=\"has-text-align-center has-medium-font-size\"><strong><a href=\"https:\/\/photos.app.goo.gl\/VraUzBv8LVGoYJ3t6\">FOTOALBUM<\/a><\/strong><\/p>\n\n\n\n<hr class=\"wp-block-separator has-alpha-channel-opacity\"\/>\n\n\n\n<p class=\"has-text-align-center has-black-color has-text-color has-link-color has-medium-font-size wp-elements-85ea71e9af6e6c6074a63f919cd0278a\"><strong>Uv\u00e1d\u00edme p\u00e1r reakc\u00ed \u017e\u00e1k\u016f ze z\u00e1v\u011bre\u010dn\u00e9ho dotazn\u00edku:<\/strong><\/p>\n\n\n\n<p class=\"has-black-color has-text-color has-link-color wp-elements-3d88a5e77e3d5699d8314a976dc37708\"><em>\u201eJste skv\u011bl\u00e9 duo, zase jsem si k chemii na\u0161la cestu.\u201c<\/em><\/p>\n\n\n\n<p class=\"has-black-color has-text-color has-link-color wp-elements-640f4905656e330093a4c9b4acab2bc0\"><em>\u201eBav\u00ed m\u011b, kdy\u017e se v\u00fduky \u00fa\u010dastn\u00ed dva vyu\u010duj\u00edc\u00ed. Bavila m\u011b pestrost programu a flexibilita. Jsem r\u00e1da, \u017ee jste se n\u00e1s zeptali, co je t\u0159eba projet.\u201c<\/em><\/p>\n\n\n\n<p class=\"has-black-color has-text-color has-link-color wp-elements-cf858b5de7551b1e2bf70055563f510d\"><em>\u201e\u017de jsme toho stihli v\u00e1\u017en\u011b hodn\u011b a jsem si te\u010f jist\u011bj\u0161\u00ed.\u201c<\/em><\/p>\n\n\n\n<p class=\"has-black-color has-text-color has-link-color wp-elements-1ec7b2c06b7de0f316850dde765b19ee\"><em>\u201eZp\u016fsob v\u00fduky, online se mohlo i kreslit barvi\u010dkami a bylo to l\u00e9pe srozumiteln\u00e9 ne\u017e na tabuli.\u201c<\/em><\/p>\n\n\n\n<p class=\"has-black-color has-text-color has-link-color wp-elements-26935a44d394531d93c5c7fdefa94a3a\"><em>&nbsp;\u201eNad\u0161en\u00ed do v\u011bci a ochota (mysl\u00edm si, \u017ee i u\u010ditele se nau\u010dili nov\u00e9 v\u011bci).\u201c<\/em><\/p>\n\n\n\n<p class=\"has-black-color has-text-color has-link-color wp-elements-422a1877361dd99a992c0f936deec1d4\"><em>\u201eP\u0159ipomenout si anorganiku, za to jsem vd\u011b\u010dn\u00e1, takt\u00e9\u017e jsem byla r\u00e1da, \u017ee jste sd\u00edleli i testov\u00e9 ot\u00e1zky.\u201c<\/em><\/p>\n\n\n\n<p class=\"has-black-color has-text-color has-link-color wp-elements-9f2d16efeaecb599bfa74232dfc64f61\"><em>&nbsp;\u201eM\u00e1m vypracovan\u00e9 my\u0161lenkov\u00e9 mapy na maturitn\u00ed ot\u00e1zky a nau\u010dila jsem se toho stra\u0161n\u011b moc. Tento styl u\u010den\u00ed mi velmi vyhovuje.\u201c<\/em><\/p>\n\n\n\n<hr class=\"wp-block-separator has-alpha-channel-opacity\"\/>\n\n\n\n<p class=\"has-text-align-right\"><em>Mgr. Ji\u0159ina Machancov\u00e1 a Mgr. Petra Brz\u00f3skov\u00e1<\/em><\/p>\n","protected":false},"excerpt":{"rendered":"<p>O v\u00edkendu se uskute\u010dnil intenzivn\u00ed vzd\u011bl\u00e1vac\u00ed semin\u00e1\u0159 pro \u017e\u00e1ky 4. ro\u010dn\u00edku chemick\u00e9ho semin\u00e1\u0159e. Cel\u00e1 akce prob\u011bhla v prost\u0159ed\u00ed horsk\u00e9 chaty Salajka v Horn\u00ed Lomn\u00e9, kter\u00e1 poskytla ide\u00e1ln\u00ed z\u00e1zem\u00ed pro soust\u0159ed\u011bnou pr\u00e1ci i neform\u00e1ln\u00ed sd\u00edlen\u00ed zku\u0161enost\u00ed.&#46;&#46;&#46;<\/p>\n","protected":false},"author":7,"featured_media":7076,"comment_status":"closed","ping_status":"closed","sticky":false,"template":"","format":"standard","meta":{"footnotes":""},"categories":[33],"tags":[],"class_list":["post-7031","post","type-post","status-publish","format-standard","has-post-thumbnail","hentry","category-homepage"],"_links":{"self":[{"href":"https:\/\/www.gym-karvina.cz\/index.php?rest_route=\/wp\/v2\/posts\/7031","targetHints":{"allow":["GET"]}}],"collection":[{"href":"https:\/\/www.gym-karvina.cz\/index.php?rest_route=\/wp\/v2\/posts"}],"about":[{"href":"https:\/\/www.gym-karvina.cz\/index.php?rest_route=\/wp\/v2\/types\/post"}],"author":[{"embeddable":true,"href":"https:\/\/www.gym-karvina.cz\/index.php?rest_route=\/wp\/v2\/users\/7"}],"replies":[{"embeddable":true,"href":"https:\/\/www.gym-karvina.cz\/index.php?rest_route=%2Fwp%2Fv2%2Fcomments&post=7031"}],"version-history":[{"count":4,"href":"https:\/\/www.gym-karvina.cz\/index.php?rest_route=\/wp\/v2\/posts\/7031\/revisions"}],"predecessor-version":[{"id":7044,"href":"https:\/\/www.gym-karvina.cz\/index.php?rest_route=\/wp\/v2\/posts\/7031\/revisions\/7044"}],"wp:featuredmedia":[{"embeddable":true,"href":"https:\/\/www.gym-karvina.cz\/index.php?rest_route=\/wp\/v2\/media\/7076"}],"wp:attachment":[{"href":"https:\/\/www.gym-karvina.cz\/index.php?rest_route=%2Fwp%2Fv2%2Fmedia&parent=7031"}],"wp:term":[{"taxonomy":"category","embeddable":true,"href":"https:\/\/www.gym-karvina.cz\/index.php?rest_route=%2Fwp%2Fv2%2Fcategories&post=7031"},{"taxonomy":"post_tag","embeddable":true,"href":"https:\/\/www.gym-karvina.cz\/index.php?rest_route=%2Fwp%2Fv2%2Ftags&post=7031"}],"curies":[{"name":"wp","href":"https:\/\/api.w.org\/{rel}","templated":true}]}}