{"id":7035,"date":"2026-03-31T20:39:55","date_gmt":"2026-03-31T18:39:55","guid":{"rendered":"https:\/\/www.gym-karvina.cz\/?p=7035"},"modified":"2026-04-01T11:39:42","modified_gmt":"2026-04-01T09:39:42","slug":"neztratili-jsme-viru-v-cloveka-ohlednuti-za-vystavou","status":"publish","type":"post","link":"https:\/\/www.gym-karvina.cz\/?p=7035","title":{"rendered":"Neztratili jsme v\u00edru v \u010dlov\u011bka \u2013 ohl\u00e9dnut\u00ed za v\u00fdstavou"},"content":{"rendered":"\n<p class=\"has-black-color has-text-color has-link-color wp-elements-b0631427f95dcda82d224b6721d2ce45\" style=\"font-size:19px\"><strong>Neztratit v\u00edru v \u010dlov\u011bka \/ Protektor\u00e1t o\u010dima d\u011bt\u00ed<\/strong> \u2013 to je n\u00e1zev putovn\u00ed v\u00fdstavy \u017didovsk\u00e9ho muzea v Praze, jej\u00ed\u017e vernis\u00e1\u017e prob\u011bhla na Gymn\u00e1ziu Karvin\u00e1. Na\u0161e \u0161kola p\u0159evzala pomyslnou \u0161tafetu z krnovsk\u00e9 synagogy a nyn\u00ed ji p\u0159ed\u00e1v\u00e1 z\u00e1kladn\u00ed \u0161kole v Chocni. Autorkami projektu jsou Ing. arch. Dana Gabalov\u00e1 a Mgr. Marie Zahradn\u00edkov\u00e1.<\/p>\n\n\n\n<p class=\"has-text-align-center has-vivid-red-color has-text-color has-link-color wp-elements-106093211434e97e5f87859638199b28\" style=\"font-size:19px\"><mark style=\"background-color:rgba(0, 0, 0, 0)\" class=\"has-inline-color has-black-color\">V\u00edce o vernis\u00e1\u017ei v\u00fdstavy naleznete<\/mark> <span class=\"wp-rich-text-font-awesome-icon wp-font-awesome-icon\"><svg aria-hidden=\"true\" focusable=\"false\" data-prefix=\"fas\" data-icon=\"arrow-right\" class=\"svg-inline--fa fa-arrow-right fa-beat \" role=\"img\" xmlns=\"http:\/\/www.w3.org\/2000\/svg\" viewBox=\"0 0 448 512\" color=\"#000000\"><path fill=\"currentColor\" d=\"M438.6 278.6c12.5-12.5 12.5-32.8 0-45.3l-160-160c-12.5-12.5-32.8-12.5-45.3 0s-12.5 32.8 0 45.3L338.8 224 32 224c-17.7 0-32 14.3-32 32s14.3 32 32 32l306.7 0L233.4 393.4c-12.5 12.5-12.5 32.8 0 45.3s32.8 12.5 45.3 0l160-160z\"><\/path><\/svg><\/span> <strong><mark style=\"background-color:rgba(0, 0, 0, 0)\" class=\"has-inline-color has-vivid-red-color\"><a href=\"https:\/\/www.gym-karvina.cz\/?p=6711\" target=\"_blank\" rel=\"noreferrer noopener\">ZDE<\/a><\/mark><\/strong> <span class=\"wp-rich-text-font-awesome-icon wp-font-awesome-icon\"><svg aria-hidden=\"true\" focusable=\"false\" data-prefix=\"fas\" data-icon=\"arrow-left\" class=\"svg-inline--fa fa-arrow-left fa-beat \" role=\"img\" xmlns=\"http:\/\/www.w3.org\/2000\/svg\" viewBox=\"0 0 448 512\" color=\"#000000\"><path fill=\"currentColor\" d=\"M9.4 233.4c-12.5 12.5-12.5 32.8 0 45.3l160 160c12.5 12.5 32.8 12.5 45.3 0s12.5-32.8 0-45.3L109.2 288 416 288c17.7 0 32-14.3 32-32s-14.3-32-32-32l-306.7 0L214.6 118.6c12.5-12.5 12.5-32.8 0-45.3s-32.8-12.5-45.3 0l-160 160z\"><\/path><\/svg><\/span><\/p>\n\n\n\n<p class=\"has-black-color has-text-color has-link-color wp-elements-a3acf8ea34f5022a23f21d6d6e26f5cb\" style=\"font-size:19px\">Je n\u00e1m ct\u00ed i radost\u00ed, \u017ee jsme mohli v\u00fdstavu hostit. Mezi n\u00e1v\u0161t\u011bvn\u00edky byli v\u0161ichni \u017e\u00e1ci a \u017e\u00e1kyn\u011b na\u0161\u00ed \u0161koly, ale tak\u00e9 host\u00e9 z dal\u0161\u00edch karvinsk\u00fdch \u0161kol. Celkem se n\u00e1m poda\u0159ilo prov\u00e9st dev\u011bt skupin z p\u011bti r\u016fzn\u00fdch \u0161kol (Z\u0160 U Studny, Z\u0160 Mendelova, Z\u0160 D\u011blnick\u00e1, St\u0159edn\u00ed zdravotnick\u00e1 \u0161kola a St\u0159edn\u00ed pr\u016fmyslov\u00e1 \u0161kola). Celkem v\u00fdstavu zhl\u00e9dlo p\u0159es 700 n\u00e1v\u0161t\u011bvn\u00edk\u016f.<\/p>\n\n\n\n<p class=\"has-black-color has-text-color has-link-color wp-elements-a5136f53570d7736ed6c2606685bf183\" style=\"font-size:19px\">Velk\u00e9 pod\u011bkov\u00e1n\u00ed pat\u0159\u00ed pr\u016fvodkyn\u00edm, v\u0161em host\u016fm a v neposledn\u00ed \u0159ad\u011b \u017didovsk\u00e9mu muzeu v Praze. V <strong><a href=\"https:\/\/photos.app.goo.gl\/wD7WBUsiCLm1bNas7\" target=\"_blank\" rel=\"noreferrer noopener\"><mark style=\"background-color:rgba(0, 0, 0, 0)\" class=\"has-inline-color has-vivid-red-color\">galerii<\/mark><\/a><\/strong> naleznete ohl\u00e9dnut\u00ed za v\u00fdstavou v\u010detn\u011b z\u00e1v\u011bre\u010dn\u00e9ho setk\u00e1n\u00ed pr\u016fvodky\u0148.<\/p>\n\n\n\n<p class=\"has-text-align-right has-link-color wp-elements-f3cd8ba47da7c3fc02416d6770f01044\" style=\"font-size:19px\"><em>Za organiza\u010dn\u00ed t\u00fdm: Julie Jankov\u00e1 a Martin Brz\u00f3ska<\/em><\/p>\n\n\n\n<hr class=\"wp-block-separator has-alpha-channel-opacity is-style-default\"\/>\n\n\n\n<p class=\"has-text-align-center has-black-color has-text-color has-link-color wp-elements-b197118f30c5491d07f4d54720e48a12\" style=\"font-size:23px\"><span class=\"wp-rich-text-font-awesome-icon wp-font-awesome-icon\"><svg aria-hidden=\"true\" focusable=\"false\" data-prefix=\"fas\" data-icon=\"arrow-down\" class=\"svg-inline--fa fa-arrow-down fa-bounce \" role=\"img\" xmlns=\"http:\/\/www.w3.org\/2000\/svg\" viewBox=\"0 0 384 512\" color=\"#000000\"><path fill=\"currentColor\" d=\"M169.4 470.6c12.5 12.5 32.8 12.5 45.3 0l160-160c12.5-12.5 12.5-32.8 0-45.3s-32.8-12.5-45.3 0L224 370.8 224 64c0-17.7-14.3-32-32-32s-32 14.3-32 32l0 306.7L54.6 265.4c-12.5-12.5-32.8-12.5-45.3 0s-12.5 32.8 0 45.3l160 160z\"><\/path><\/svg><\/span>   <strong>Z DOJM\u016e PR\u016eVODKY\u0147<\/strong>   <span class=\"wp-rich-text-font-awesome-icon wp-font-awesome-icon\"><svg aria-hidden=\"true\" focusable=\"false\" data-prefix=\"fas\" data-icon=\"arrow-down\" class=\"svg-inline--fa fa-arrow-down fa-bounce \" role=\"img\" xmlns=\"http:\/\/www.w3.org\/2000\/svg\" viewBox=\"0 0 384 512\" color=\"#000000\"><path fill=\"currentColor\" d=\"M169.4 470.6c12.5 12.5 32.8 12.5 45.3 0l160-160c12.5-12.5 12.5-32.8 0-45.3s-32.8-12.5-45.3 0L224 370.8 224 64c0-17.7-14.3-32-32-32s-32 14.3-32 32l0 306.7L54.6 265.4c-12.5-12.5-32.8-12.5-45.3 0s-12.5 32.8 0 45.3l160 160z\"><\/path><\/svg><\/span><\/p>\n\n\n\n<p class=\"has-black-color has-text-color has-link-color wp-elements-b38ccdf037f20fc8e26fcbd7510f1edb\" style=\"font-size:19px\">\u201eJsem teprve na ni\u017e\u0161\u00edm gymn\u00e1ziu, tak\u017ee se k akc\u00edm, jako byla tato, nedostanu \u00fapln\u011b \u010dasto. Mo\u017enost prov\u00e1zet v\u00fdstavou <em>Neztratit v\u00edru v \u010dlov\u011bka<\/em> pro m\u011b byla je\u0161t\u011b p\u0159ed m\u011bs\u00edcem naprosto nep\u0159edstaviteln\u00e1 \u2013 a te\u010f m\u00e1m za sebou v\u00edce ne\u017e p\u011bt prohl\u00eddek s na\u0161imi i ciz\u00edmi t\u0159\u00eddami. Zanechalo to ve mn\u011b mnoho pocit\u016f; jedn\u00edm z nich je vd\u011b\u010dnost za komfort a bezpe\u010d\u00ed, kter\u00e9 dnes m\u00e1me. Tato zku\u0161enost mi dodala sebejistotu p\u0159i mluven\u00ed p\u0159ed lidmi a nau\u010dila m\u011b l\u00e9pe komunikovat s vrstevn\u00edky. Bavilo m\u011b sledovat, jak spolu\u017e\u00e1ci postupn\u011b p\u0159ich\u00e1zeli na j\u00e1dro cel\u00e9 akce. D\u011bkuji v\u0161em, kte\u0159\u00ed se na v\u00fdstav\u011b pod\u00edleli, a douf\u00e1m, \u017ee takov\u00e9 akce budeme po\u0159\u00e1dat i nad\u00e1le.\u201c<\/p>\n\n\n\n<p class=\"has-text-align-right has-link-color wp-elements-9ee1d9bf6f353eed2de1067246829523\" style=\"font-size:19px\"><em>B\u00e1ra Cioskov\u00e1 (3.X)<\/em><\/p>\n\n\n\n<p class=\"has-black-color has-text-color has-link-color wp-elements-7abb9867ff2106402e72a3de35b13b6d\" style=\"font-size:19px\">\u201eJsem vd\u011b\u010dn\u00e1, \u017ee se mi naskytla mo\u017enost prov\u00e1zet. Nebylo to pro m\u011b jen o samotn\u00e9m v\u00fdkladu, ale p\u0159edev\u0161\u00edm o p\u0159\u00edb\u011bz\u00edch d\u011bt\u00ed, kter\u00e9 ve mn\u011b hodn\u011b zanechaly. \u010cetla jsem si je postupn\u011b, poslouchala je od ostatn\u00edch a r\u00e1da jsem sledovala, jak p\u016fsob\u00ed na n\u00e1v\u0161t\u011bvn\u00edky. V hlav\u011b se mi honily ot\u00e1zky: Budou si o t\u011bch osudech vypr\u00e1v\u011bt i d\u00e1l? Jak to na n\u011b p\u016fsob\u00ed? Dok\u00e1\u017eou se v\u017e\u00edt do role tehdej\u0161\u00edch d\u011bt\u00ed? Tato zku\u0161enost m\u011b op\u011bt posunula d\u00e1l \u2013 a\u0165 u\u017e v m\u00fdch znalostech, nebo v dovednosti prezentovat. Nelituji, \u017ee jsem do toho \u0161la. Jsem zase o n\u011bco vd\u011b\u010dn\u011bj\u0161\u00ed za sv\u011bt, ve kter\u00e9m \u017eijeme.\u201c<\/p>\n\n\n\n<p class=\"has-text-align-right has-link-color wp-elements-8fc76504635925e22770e808c51efecd\" style=\"font-size:19px\"><em>Julie Brz\u00e1 (7.X)<\/em><\/p>\n\n\n\n<p class=\"has-black-color has-text-color has-link-color wp-elements-a0c7b34e8025be3515130b7118f4095f\" style=\"font-size:19px\">\u201eRole pr\u016fvodkyn\u011b ve mn\u011b zanechala siln\u00e9 dojmy. T\u00edm nejv\u00fdrazn\u011bj\u0161\u00edm je uv\u011bdom\u011bn\u00ed, jak d\u016fle\u017eit\u00e9 je mluvit o t\u011b\u017ek\u00fdch t\u00e9matech a neb\u00e1t se je otev\u00edrat, proto\u017ee jsou neodd\u011blitelnou sou\u010d\u00e1st\u00ed na\u0161\u00ed historie. Jsem r\u00e1da, \u017ee jsem mohla b\u00fdt t\u00edm, kdo tato t\u00e9mata edukativn\u00ed formou p\u0159ibli\u017euje ostatn\u00edm. Moc se mi l\u00edb\u00ed p\u0159\u00edstup v\u00fdstavy, kter\u00e1 t\u00e9ma negeneralizuje, ale sleduje p\u0159\u00edb\u011bhy konkr\u00e9tn\u00edch osob s jejich jm\u00e9ny, pocity a osudy. Tato zku\u0161enost m\u011b obohatila nejen o znalosti, ale i v oblasti vyjad\u0159ov\u00e1n\u00ed a empatie. Pokud by se mi naskytla mo\u017enost b\u00fdt pr\u016fvodkyn\u00ed znovu, nev\u00e1hala bych a p\u0159ijala bych ji.\u201c<\/p>\n\n\n\n<p class=\"has-text-align-right has-link-color wp-elements-98eeac2baf4ae01090c4cddf42abbea1\" style=\"font-size:19px\"><em>Tereza Albrechtov\u00e1 (7.X)<\/em><\/p>\n","protected":false},"excerpt":{"rendered":"<p>Neztratit v\u00edru v \u010dlov\u011bka \/ Protektor\u00e1t o\u010dima d\u011bt\u00ed \u2013 to je n\u00e1zev putovn\u00ed v\u00fdstavy \u017didovsk\u00e9ho muzea v Praze, jej\u00ed\u017e vernis\u00e1\u017e prob\u011bhla na Gymn\u00e1ziu Karvin\u00e1. Na\u0161e \u0161kola p\u0159evzala pomyslnou \u0161tafetu z krnovsk\u00e9 synagogy a nyn\u00ed ji&#46;&#46;&#46;<\/p>\n","protected":false},"author":7,"featured_media":6716,"comment_status":"closed","ping_status":"closed","sticky":false,"template":"","format":"standard","meta":{"footnotes":""},"categories":[33],"tags":[],"class_list":["post-7035","post","type-post","status-publish","format-standard","has-post-thumbnail","hentry","category-homepage"],"_links":{"self":[{"href":"https:\/\/www.gym-karvina.cz\/index.php?rest_route=\/wp\/v2\/posts\/7035","targetHints":{"allow":["GET"]}}],"collection":[{"href":"https:\/\/www.gym-karvina.cz\/index.php?rest_route=\/wp\/v2\/posts"}],"about":[{"href":"https:\/\/www.gym-karvina.cz\/index.php?rest_route=\/wp\/v2\/types\/post"}],"author":[{"embeddable":true,"href":"https:\/\/www.gym-karvina.cz\/index.php?rest_route=\/wp\/v2\/users\/7"}],"replies":[{"embeddable":true,"href":"https:\/\/www.gym-karvina.cz\/index.php?rest_route=%2Fwp%2Fv2%2Fcomments&post=7035"}],"version-history":[{"count":10,"href":"https:\/\/www.gym-karvina.cz\/index.php?rest_route=\/wp\/v2\/posts\/7035\/revisions"}],"predecessor-version":[{"id":7052,"href":"https:\/\/www.gym-karvina.cz\/index.php?rest_route=\/wp\/v2\/posts\/7035\/revisions\/7052"}],"wp:featuredmedia":[{"embeddable":true,"href":"https:\/\/www.gym-karvina.cz\/index.php?rest_route=\/wp\/v2\/media\/6716"}],"wp:attachment":[{"href":"https:\/\/www.gym-karvina.cz\/index.php?rest_route=%2Fwp%2Fv2%2Fmedia&parent=7035"}],"wp:term":[{"taxonomy":"category","embeddable":true,"href":"https:\/\/www.gym-karvina.cz\/index.php?rest_route=%2Fwp%2Fv2%2Fcategories&post=7035"},{"taxonomy":"post_tag","embeddable":true,"href":"https:\/\/www.gym-karvina.cz\/index.php?rest_route=%2Fwp%2Fv2%2Ftags&post=7035"}],"curies":[{"name":"wp","href":"https:\/\/api.w.org\/{rel}","templated":true}]}}