{"id":7053,"date":"2026-04-01T16:23:28","date_gmt":"2026-04-01T14:23:28","guid":{"rendered":"https:\/\/www.gym-karvina.cz\/?p=7053"},"modified":"2026-04-01T16:29:46","modified_gmt":"2026-04-01T14:29:46","slug":"zaci-uci-zaky-poctvrte","status":"publish","type":"post","link":"https:\/\/www.gym-karvina.cz\/?p=7053","title":{"rendered":"\u017d\u00e1ci u\u010d\u00ed \u017e\u00e1ky po\u010dtvrt\u00e9"},"content":{"rendered":"\n<p class=\"has-black-color has-text-color has-link-color wp-elements-95151b21ec2fd175bed307c4fa993b92\" style=\"font-size:19px\">V m\u011bs\u00edci b\u0159eznu si v \u010cesku tradi\u010dn\u011b p\u0159ipom\u00edn\u00e1me Den u\u010ditel\u016f, a to u p\u0159\u00edle\u017eitosti v\u00fdro\u010d\u00ed narozen\u00ed Jana Amose Komensk\u00e9ho. 28. b\u0159ezen b\u00fdv\u00e1 spojov\u00e1n s pod\u011bkov\u00e1n\u00edm u\u010ditel\u016fm za jejich pr\u00e1ci \u2013 mimo jin\u00e9 je vyhla\u0161ov\u00e1n v\u00edt\u011bz ankety Zlat\u00fd \u00c1mos, M\u0160MT ud\u011bluje plakety Jana Amose Komensk\u00e9ho a m\u011bsto Karvin\u00e1 oce\u0148uje v\u00fdznamn\u00e9 pedagogick\u00e9 osobnosti.<\/p>\n\n\n\n<p class=\"has-black-color has-text-color has-link-color wp-elements-20105789472fbcd1e0054379ce9019eb\" style=\"font-size:19px\">Prom\u011bna u\u010ditelsk\u00e9ho povol\u00e1n\u00ed je aktu\u00e1ln\u00edm spole\u010densk\u00fdm t\u00e9matem. U\u010ditel by m\u011bl b\u00fdt \u017e\u00e1kovi partnerem, mentorem i pr\u016fvodcem. Na Gymn\u00e1ziu Karvin\u00e1 si uv\u011bdomujeme, \u017ee pr\u00e1ce u\u010ditele nen\u00ed mo\u017en\u00e1 bez spolupr\u00e1ce \u017e\u00e1k\u016f. U\u010ditel\u00e9 a \u017e\u00e1ci jsou partne\u0159i, kte\u0159\u00ed maj\u00ed spole\u010dnou cestu i c\u00edl. Pr\u00e1v\u011b v tomto duchu prob\u011bhl v t\u00fddnu od 23. do 27. b\u0159ezna projekt \u017d\u00e1ci u\u010d\u00ed \u017e\u00e1ky. Ten je zalo\u017een na filozofii vrstevnick\u00e9ho u\u010den\u00ed, jeho\u017e podstata spo\u010d\u00edv\u00e1 v tom, \u017ee se jedinec l\u00e9pe ztoto\u017en\u00ed s n\u011bk\u00fdm, kdo je mu bl\u00edzk\u00fd v\u011bkem \u010di z\u00e1jmy.<\/p>\n\n\n\n<p class=\"has-black-color has-text-color has-link-color wp-elements-aeca44d377f1c0d6aae61706c3a0fae0\" style=\"font-size:19px\">Letos se do ji\u017e tradi\u010dn\u00ed akce zapojila v\u00edce ne\u017e pades\u00e1tka \u017e\u00e1k\u016f a \u017e\u00e1ky\u0148. Roli u\u010ditele si vyzkou\u0161eli v t\u00e9m\u011b\u0159 v\u0161ech p\u0159edm\u011btech vyu\u010dovan\u00fdch na na\u0161\u00ed \u0161kole. Vyrazili jsme v\u0161ak i mimo budovu gymn\u00e1zia, a to na z\u00e1kladn\u00ed \u0161koly. Poda\u0159ilo se n\u00e1m realizovat vrstevnick\u00e9 u\u010den\u00ed na Z\u0160 U Studny a Z\u0160 D\u011blnick\u00e1.<\/p>\n\n\n\n<p class=\"has-black-color has-text-color has-link-color wp-elements-ecf39a42b74bb2cd26b5cc1be7639f45\" style=\"font-size:19px\">D\u011bkujeme v\u0161em zapojen\u00fdm \u2013 jak profesn\u011b zku\u0161en\u00fdm u\u010ditelk\u00e1m a u\u010ditel\u016fm, tak i t\u011bm, kte\u0159\u00ed si tuto profesi vyzkou\u0161eli poprv\u00e9. Na to, jak se hodiny vyda\u0159ily, se m\u016f\u017eete pod\u00edvat v na\u0161\u00ed fotogalerii.<\/p>\n\n\n\n<p class=\"has-text-align-center has-vivid-red-color has-text-color has-link-color wp-elements-34b88f7332b8f48b345f088959d85e0b\" style=\"font-size:24px\"><a href=\"https:\/\/photos.app.goo.gl\/V37MS5UGnDa8UbFU7\" target=\"_blank\" rel=\"noreferrer noopener\"><mark style=\"background-color:rgba(0, 0, 0, 0)\" class=\"has-inline-color has-vivid-red-color\"><strong>FOTOGALERIE<\/strong><\/mark><\/a><\/p>\n\n\n\n<p class=\"has-text-align-right\" style=\"font-size:19px\"><em>Julie Jankov\u00e1, Monika Brz\u00e1<\/em><\/p>\n\n\n\n<hr class=\"wp-block-separator has-css-opacity is-style-default\"\/>\n\n\n<div class=\"wp-block-image is-style-rounded\">\n<figure class=\"aligncenter size-full is-resized\"><img loading=\"lazy\" decoding=\"async\" width=\"600\" height=\"600\" src=\"https:\/\/www.gym-karvina.cz\/wp-content\/uploads\/2026\/04\/207.jpg\" alt=\"\" class=\"wp-image-7054\" style=\"width:160px;height:auto\" srcset=\"https:\/\/www.gym-karvina.cz\/wp-content\/uploads\/2026\/04\/207.jpg 600w, https:\/\/www.gym-karvina.cz\/wp-content\/uploads\/2026\/04\/207-300x300.jpg 300w, https:\/\/www.gym-karvina.cz\/wp-content\/uploads\/2026\/04\/207-150x150.jpg 150w, https:\/\/www.gym-karvina.cz\/wp-content\/uploads\/2026\/04\/207-80x80.jpg 80w, https:\/\/www.gym-karvina.cz\/wp-content\/uploads\/2026\/04\/207-320x320.jpg 320w, https:\/\/www.gym-karvina.cz\/wp-content\/uploads\/2026\/04\/207-24x24.jpg 24w, https:\/\/www.gym-karvina.cz\/wp-content\/uploads\/2026\/04\/207-36x36.jpg 36w, https:\/\/www.gym-karvina.cz\/wp-content\/uploads\/2026\/04\/207-48x48.jpg 48w\" sizes=\"auto, (max-width: 600px) 100vw, 600px\" \/><\/figure>\n<\/div>\n\n\n<blockquote class=\"wp-block-quote has-text-align-center is-style-large is-layout-flow wp-block-quote-is-layout-flow\" style=\"font-size:19px\">\n<p class=\"has-text-align-center has-black-color has-text-color has-link-color wp-elements-5a0ce299c8c0a21fb7db90f9f07fc057\"><br><strong>\u201eNa\u0161i u\u010ditel\u00e9 nesm\u011bj\u00ed b\u00fdt podobni sloup\u016fm u cest, je\u017e pouze ukazuj\u00ed, kam j\u00edt, ale samy nejdou.\u201c<\/strong><\/p>\n<cite>\u2014 Jan Amos Komensk\u00fd<\/cite><\/blockquote>\n\n\n\n<hr class=\"wp-block-separator has-css-opacity is-style-default\"\/>\n\n\n\n<marquee class=\"cool-marquee\" behavior=\"scroll\" direction=\"left\" scrollamount=\"15\">\n    <em><strong>#JsmeGymnaziumKarvina #TemporaMutanturEtNosMutamurInIllis<\/em><\/strong>\n<\/marquee>\n\n<style>\n.cool-marquee {\n  font-weight: bold;\n  font-size: 25.5px;\n  color: black;\n}\n<\/style>\n","protected":false},"excerpt":{"rendered":"<p>V m\u011bs\u00edci b\u0159eznu si v \u010cesku tradi\u010dn\u011b p\u0159ipom\u00edn\u00e1me Den u\u010ditel\u016f, a to u p\u0159\u00edle\u017eitosti v\u00fdro\u010d\u00ed narozen\u00ed Jana Amose Komensk\u00e9ho. 28. b\u0159ezen b\u00fdv\u00e1 spojov\u00e1n s pod\u011bkov\u00e1n\u00edm u\u010ditel\u016fm za jejich pr\u00e1ci \u2013 mimo jin\u00e9 je vyhla\u0161ov\u00e1n v\u00edt\u011bz&#46;&#46;&#46;<\/p>\n","protected":false},"author":7,"featured_media":7064,"comment_status":"closed","ping_status":"closed","sticky":false,"template":"","format":"standard","meta":{"footnotes":""},"categories":[33],"tags":[],"class_list":["post-7053","post","type-post","status-publish","format-standard","has-post-thumbnail","hentry","category-homepage"],"_links":{"self":[{"href":"https:\/\/www.gym-karvina.cz\/index.php?rest_route=\/wp\/v2\/posts\/7053","targetHints":{"allow":["GET"]}}],"collection":[{"href":"https:\/\/www.gym-karvina.cz\/index.php?rest_route=\/wp\/v2\/posts"}],"about":[{"href":"https:\/\/www.gym-karvina.cz\/index.php?rest_route=\/wp\/v2\/types\/post"}],"author":[{"embeddable":true,"href":"https:\/\/www.gym-karvina.cz\/index.php?rest_route=\/wp\/v2\/users\/7"}],"replies":[{"embeddable":true,"href":"https:\/\/www.gym-karvina.cz\/index.php?rest_route=%2Fwp%2Fv2%2Fcomments&post=7053"}],"version-history":[{"count":6,"href":"https:\/\/www.gym-karvina.cz\/index.php?rest_route=\/wp\/v2\/posts\/7053\/revisions"}],"predecessor-version":[{"id":7070,"href":"https:\/\/www.gym-karvina.cz\/index.php?rest_route=\/wp\/v2\/posts\/7053\/revisions\/7070"}],"wp:featuredmedia":[{"embeddable":true,"href":"https:\/\/www.gym-karvina.cz\/index.php?rest_route=\/wp\/v2\/media\/7064"}],"wp:attachment":[{"href":"https:\/\/www.gym-karvina.cz\/index.php?rest_route=%2Fwp%2Fv2%2Fmedia&parent=7053"}],"wp:term":[{"taxonomy":"category","embeddable":true,"href":"https:\/\/www.gym-karvina.cz\/index.php?rest_route=%2Fwp%2Fv2%2Fcategories&post=7053"},{"taxonomy":"post_tag","embeddable":true,"href":"https:\/\/www.gym-karvina.cz\/index.php?rest_route=%2Fwp%2Fv2%2Ftags&post=7053"}],"curies":[{"name":"wp","href":"https:\/\/api.w.org\/{rel}","templated":true}]}}