{"id":7059,"date":"2026-04-01T16:12:15","date_gmt":"2026-04-01T14:12:15","guid":{"rendered":"https:\/\/www.gym-karvina.cz\/?p=7059"},"modified":"2026-04-01T16:14:33","modified_gmt":"2026-04-01T14:14:33","slug":"filip-kempny-opet-uspesny","status":"publish","type":"post","link":"https:\/\/www.gym-karvina.cz\/?p=7059","title":{"rendered":"Filip Kempn\u00fd op\u011bt \u00fasp\u011b\u0161n\u00fd!"},"content":{"rendered":"\n<p>Ve dnech 24.-25. 3. prob\u011bhlo 33. mistrovstv\u00ed \u010cR \u017e\u00e1k\u016f ve zpracov\u00e1n\u00ed text\u016f. \u017d\u00e1k na\u0161eho gymn\u00e1zia Filip Kempn\u00fd potvrdil sv\u00e9 kvality na republikov\u00e9m \u0161ampion\u00e1tu v Plzni, kde obsadil celkov\u00e9 druh\u00e9 m\u00edsto a zajistil si t\u00edm \u00fa\u010dast na&nbsp;55.&nbsp;mistrovstv\u00ed sv\u011bta, kter\u00e9 se bude konat v \u010dervenci tohoto roku v Liverpoolu.<\/p>\n\n\n\n<p class=\"has-text-align-center\">GRATULUJEME!<\/p>\n\n\n<div class=\"wp-block-image\">\n<figure class=\"aligncenter size-full\"><img loading=\"lazy\" decoding=\"async\" width=\"800\" height=\"600\" src=\"https:\/\/www.gym-karvina.cz\/wp-content\/uploads\/2026\/04\/658881417_1417506933728103_2978972099078316297_n.jpg\" alt=\"\" class=\"wp-image-7057\" srcset=\"https:\/\/www.gym-karvina.cz\/wp-content\/uploads\/2026\/04\/658881417_1417506933728103_2978972099078316297_n.jpg 800w, https:\/\/www.gym-karvina.cz\/wp-content\/uploads\/2026\/04\/658881417_1417506933728103_2978972099078316297_n-300x225.jpg 300w, https:\/\/www.gym-karvina.cz\/wp-content\/uploads\/2026\/04\/658881417_1417506933728103_2978972099078316297_n-768x576.jpg 768w, https:\/\/www.gym-karvina.cz\/wp-content\/uploads\/2026\/04\/658881417_1417506933728103_2978972099078316297_n-24x18.jpg 24w, https:\/\/www.gym-karvina.cz\/wp-content\/uploads\/2026\/04\/658881417_1417506933728103_2978972099078316297_n-36x27.jpg 36w, https:\/\/www.gym-karvina.cz\/wp-content\/uploads\/2026\/04\/658881417_1417506933728103_2978972099078316297_n-48x36.jpg 48w\" sizes=\"auto, (max-width: 800px) 100vw, 800px\" \/><\/figure>\n<\/div>\n\n<p><\/p>\n\n<div class=\"wp-block-image\">\n<figure class=\"aligncenter size-full\"><img loading=\"lazy\" decoding=\"async\" width=\"900\" height=\"600\" src=\"https:\/\/www.gym-karvina.cz\/wp-content\/uploads\/2026\/04\/660342067_1417506233728173_3092477119043889629_n.jpg\" alt=\"\" class=\"wp-image-7056\" srcset=\"https:\/\/www.gym-karvina.cz\/wp-content\/uploads\/2026\/04\/660342067_1417506233728173_3092477119043889629_n.jpg 900w, https:\/\/www.gym-karvina.cz\/wp-content\/uploads\/2026\/04\/660342067_1417506233728173_3092477119043889629_n-300x200.jpg 300w, https:\/\/www.gym-karvina.cz\/wp-content\/uploads\/2026\/04\/660342067_1417506233728173_3092477119043889629_n-768x512.jpg 768w, https:\/\/www.gym-karvina.cz\/wp-content\/uploads\/2026\/04\/660342067_1417506233728173_3092477119043889629_n-24x16.jpg 24w, https:\/\/www.gym-karvina.cz\/wp-content\/uploads\/2026\/04\/660342067_1417506233728173_3092477119043889629_n-36x24.jpg 36w, https:\/\/www.gym-karvina.cz\/wp-content\/uploads\/2026\/04\/660342067_1417506233728173_3092477119043889629_n-48x32.jpg 48w\" sizes=\"auto, (max-width: 900px) 100vw, 900px\" \/><\/figure>\n<\/div>\n\n\n<p><\/p>\n\n\n<div class=\"wp-block-image\">\n<figure class=\"aligncenter size-large\"><img loading=\"lazy\" decoding=\"async\" width=\"768\" height=\"1024\" src=\"https:\/\/www.gym-karvina.cz\/wp-content\/uploads\/2026\/04\/658078777_1417506237061506_6658224800562264063_n-768x1024.jpg\" alt=\"\" class=\"wp-image-7058\" srcset=\"https:\/\/www.gym-karvina.cz\/wp-content\/uploads\/2026\/04\/658078777_1417506237061506_6658224800562264063_n-768x1024.jpg 768w, https:\/\/www.gym-karvina.cz\/wp-content\/uploads\/2026\/04\/658078777_1417506237061506_6658224800562264063_n-225x300.jpg 225w, https:\/\/www.gym-karvina.cz\/wp-content\/uploads\/2026\/04\/658078777_1417506237061506_6658224800562264063_n-1152x1536.jpg 1152w, https:\/\/www.gym-karvina.cz\/wp-content\/uploads\/2026\/04\/658078777_1417506237061506_6658224800562264063_n-18x24.jpg 18w, https:\/\/www.gym-karvina.cz\/wp-content\/uploads\/2026\/04\/658078777_1417506237061506_6658224800562264063_n-27x36.jpg 27w, https:\/\/www.gym-karvina.cz\/wp-content\/uploads\/2026\/04\/658078777_1417506237061506_6658224800562264063_n-36x48.jpg 36w, https:\/\/www.gym-karvina.cz\/wp-content\/uploads\/2026\/04\/658078777_1417506237061506_6658224800562264063_n.jpg 1500w\" sizes=\"auto, (max-width: 768px) 100vw, 768px\" \/><\/figure>\n<\/div>","protected":false},"excerpt":{"rendered":"<p>Ve dnech 24.-25. 3. prob\u011bhlo 33. mistrovstv\u00ed \u010cR \u017e\u00e1k\u016f ve zpracov\u00e1n\u00ed text\u016f. \u017d\u00e1k na\u0161eho gymn\u00e1zia Filip Kempn\u00fd potvrdil sv\u00e9 kvality na republikov\u00e9m \u0161ampion\u00e1tu v Plzni, kde obsadil celkov\u00e9 druh\u00e9 m\u00edsto a zajistil si t\u00edm \u00fa\u010dast&#46;&#46;&#46;<\/p>\n","protected":false},"author":3,"featured_media":7055,"comment_status":"closed","ping_status":"closed","sticky":false,"template":"","format":"standard","meta":{"footnotes":""},"categories":[33],"tags":[],"class_list":["post-7059","post","type-post","status-publish","format-standard","has-post-thumbnail","hentry","category-homepage"],"_links":{"self":[{"href":"https:\/\/www.gym-karvina.cz\/index.php?rest_route=\/wp\/v2\/posts\/7059","targetHints":{"allow":["GET"]}}],"collection":[{"href":"https:\/\/www.gym-karvina.cz\/index.php?rest_route=\/wp\/v2\/posts"}],"about":[{"href":"https:\/\/www.gym-karvina.cz\/index.php?rest_route=\/wp\/v2\/types\/post"}],"author":[{"embeddable":true,"href":"https:\/\/www.gym-karvina.cz\/index.php?rest_route=\/wp\/v2\/users\/3"}],"replies":[{"embeddable":true,"href":"https:\/\/www.gym-karvina.cz\/index.php?rest_route=%2Fwp%2Fv2%2Fcomments&post=7059"}],"version-history":[{"count":4,"href":"https:\/\/www.gym-karvina.cz\/index.php?rest_route=\/wp\/v2\/posts\/7059\/revisions"}],"predecessor-version":[{"id":7063,"href":"https:\/\/www.gym-karvina.cz\/index.php?rest_route=\/wp\/v2\/posts\/7059\/revisions\/7063"}],"wp:featuredmedia":[{"embeddable":true,"href":"https:\/\/www.gym-karvina.cz\/index.php?rest_route=\/wp\/v2\/media\/7055"}],"wp:attachment":[{"href":"https:\/\/www.gym-karvina.cz\/index.php?rest_route=%2Fwp%2Fv2%2Fmedia&parent=7059"}],"wp:term":[{"taxonomy":"category","embeddable":true,"href":"https:\/\/www.gym-karvina.cz\/index.php?rest_route=%2Fwp%2Fv2%2Fcategories&post=7059"},{"taxonomy":"post_tag","embeddable":true,"href":"https:\/\/www.gym-karvina.cz\/index.php?rest_route=%2Fwp%2Fv2%2Ftags&post=7059"}],"curies":[{"name":"wp","href":"https:\/\/api.w.org\/{rel}","templated":true}]}}