{"id":7074,"date":"2026-04-07T11:27:14","date_gmt":"2026-04-07T09:27:14","guid":{"rendered":"https:\/\/www.gym-karvina.cz\/?p=7074"},"modified":"2026-04-07T13:37:32","modified_gmt":"2026-04-07T11:37:32","slug":"francouzsky-erasmus-v-karvine","status":"publish","type":"post","link":"https:\/\/www.gym-karvina.cz\/?p=7074","title":{"rendered":"Francouzsk\u00fd Erasmus v Karvin\u00e9"},"content":{"rendered":"\n<div class=\"wp-block-columns is-layout-flex wp-container-core-columns-is-layout-9d6595d7 wp-block-columns-is-layout-flex\">\n<div class=\"wp-block-column is-layout-flow wp-block-column-is-layout-flow\" style=\"flex-basis:100%\">\n<p>V posledn\u00edm b\u0159eznov\u00e9m t\u00fddnu jsme p\u0159iv\u00edtali v Karvin\u00e9 na\u0161e francouzsk\u00e9 p\u0159\u00e1tele \u2013 studenty a u\u010ditele z lycea Sacr\u00e9 Coeur z m\u011bsta Tourcoing. Spolupr\u00e1ce, kter\u00e1 mezi n\u00e1mi funguje ji\u017e bezm\u00e1la \u010dtrn\u00e1ct let, se v posledn\u00edch n\u011bkolika letech odehr\u00e1v\u00e1 pod hlavi\u010dkou mezin\u00e1rodn\u00edho projektu Erasmus+.<\/p>\n\n\n\n<p>V r\u00e1mci programu nav\u0161t\u00edvili na\u0161i kolegov\u00e9 Osv\u011btim, Katovice, Ostravu, \u010cesk\u00fd i Polsk\u00fd T\u011b\u0161\u00edn. Pro\u0161li se po Pustevn\u00e1ch, objevovali sv\u011bt techniky ve Sv\u011bt\u011b techniky, \u00fa\u010dastnili se \u2013 n\u011bkdy velmi aktivn\u011b a \u017eiv\u011b \u2013 na\u0161eho vyu\u010dov\u00e1n\u00ed, pracovali spole\u010dn\u011b se sv\u00fdmi korespondenty.<\/p>\n\n\n\n<p>B\u011bhem t\u00fddenn\u00edho pobytu v hostitelsk\u00fdch rodin\u00e1ch se francouzsk\u00fdm dosp\u00edvaj\u00edc\u00edm otev\u0159el tak\u00e9 ka\u017edodenn\u00ed \u010desk\u00fd sv\u011bt \u2013 denn\u00ed rytmus (vst\u00e1v\u00e1n\u00ed v 6h r\u00e1no), zvyky (zouv\u00e1me se u dve\u0159\u00ed a j\u00edme minim\u00e1ln\u011b t\u0159ikr\u00e1t denn\u011b), kultura (Pra\u017esk\u00fd hrad, Sk\u00e1kal pes p\u0159es oves), kuchyn\u011b (zape\u010den\u00fd toast), tradice. Kofola, sv\u00ed\u010dkov\u00e1, Ban\u00edk, Radegast (tedy jeho socha). M\u011bli mo\u017enost chv\u00edli s n\u00e1mi \u017e\u00edt tak, jak \u017eijeme my. A hlavn\u011b \u2013 pozn\u00e1vat a navazovat p\u0159\u00e1telstv\u00ed. Komunikovat. Vykro\u010dit z komfortn\u00ed z\u00f3ny. U\u010dit se nov\u00fdm v\u011bcem. \u0158e\u0161it probl\u00e9mov\u00e9 situace.<\/p>\n\n\n\n<p>Na podzim se spolu op\u011bt setk\u00e1me, tentokr\u00e1t na severu Francie, kde budeme objevovat nov\u00e9 obzory a posouvat sv\u00e9 hranice zase my. T\u011b\u0161\u00edme se, v\u017edy\u0165 nepojedeme tak docela do nezn\u00e1ma, ale za na\u0161imi kamar\u00e1dy.<\/p>\n\n\n\n<p>R\u00e1di bychom pod\u011bkovali v\u0161em, kte\u0159\u00ed tvo\u0159\u00ed tento projekt \u2013 na\u0161im \u017e\u00e1k\u016fm a jejich rodin\u00e1m, koleg\u016fm, veden\u00ed \u0161koly. V\u0161ichni tvo\u0159\u00edme t\u00fdm, t\u00fdm \u00e9change. Bez v\u00e1s, bez va\u0161\u00ed pr\u00e1ce a zodpov\u011bdn\u00e9ho p\u0159\u00edstupu, bez va\u0161\u00ed ochoty a laskavosti by to prost\u011b ne\u0161lo. <\/p>\n\n\n\n<p>D\u011bkujeme.<\/p>\n<\/div>\n<\/div>\n\n\n\n<p class=\"has-text-align-center\"><a href=\"https:\/\/photos.app.goo.gl\/i4BnJzCmupSCHe9T9\">FOTOgalerie<\/a><\/p>\n\n\n\n<p class=\"has-text-align-right\"><em>Za realiza\u010dn\u00ed t\u00fdm \u2013 Radka Dr\u00e1bov\u00e1, Monika Brz\u00e1, Iva Vrbov\u00e1<\/em><\/p>\n","protected":false},"excerpt":{"rendered":"<p>V posledn\u00edm b\u0159eznov\u00e9m t\u00fddnu jsme p\u0159iv\u00edtali v Karvin\u00e9 na\u0161e francouzsk\u00e9 p\u0159\u00e1tele \u2013 studenty a u\u010ditele z lycea Sacr\u00e9 Coeur z m\u011bsta Tourcoing. Spolupr\u00e1ce, kter\u00e1 mezi n\u00e1mi funguje ji\u017e bezm\u00e1la \u010dtrn\u00e1ct let, se v posledn\u00edch n\u011bkolika&#46;&#46;&#46;<\/p>\n","protected":false},"author":3,"featured_media":7077,"comment_status":"closed","ping_status":"closed","sticky":false,"template":"","format":"standard","meta":{"footnotes":""},"categories":[43,33],"tags":[],"class_list":["post-7074","post","type-post","status-publish","format-standard","has-post-thumbnail","hentry","category-akreditace-a3","category-homepage"],"_links":{"self":[{"href":"https:\/\/www.gym-karvina.cz\/index.php?rest_route=\/wp\/v2\/posts\/7074","targetHints":{"allow":["GET"]}}],"collection":[{"href":"https:\/\/www.gym-karvina.cz\/index.php?rest_route=\/wp\/v2\/posts"}],"about":[{"href":"https:\/\/www.gym-karvina.cz\/index.php?rest_route=\/wp\/v2\/types\/post"}],"author":[{"embeddable":true,"href":"https:\/\/www.gym-karvina.cz\/index.php?rest_route=\/wp\/v2\/users\/3"}],"replies":[{"embeddable":true,"href":"https:\/\/www.gym-karvina.cz\/index.php?rest_route=%2Fwp%2Fv2%2Fcomments&post=7074"}],"version-history":[{"count":2,"href":"https:\/\/www.gym-karvina.cz\/index.php?rest_route=\/wp\/v2\/posts\/7074\/revisions"}],"predecessor-version":[{"id":7078,"href":"https:\/\/www.gym-karvina.cz\/index.php?rest_route=\/wp\/v2\/posts\/7074\/revisions\/7078"}],"wp:featuredmedia":[{"embeddable":true,"href":"https:\/\/www.gym-karvina.cz\/index.php?rest_route=\/wp\/v2\/media\/7077"}],"wp:attachment":[{"href":"https:\/\/www.gym-karvina.cz\/index.php?rest_route=%2Fwp%2Fv2%2Fmedia&parent=7074"}],"wp:term":[{"taxonomy":"category","embeddable":true,"href":"https:\/\/www.gym-karvina.cz\/index.php?rest_route=%2Fwp%2Fv2%2Fcategories&post=7074"},{"taxonomy":"post_tag","embeddable":true,"href":"https:\/\/www.gym-karvina.cz\/index.php?rest_route=%2Fwp%2Fv2%2Ftags&post=7074"}],"curies":[{"name":"wp","href":"https:\/\/api.w.org\/{rel}","templated":true}]}}