{"id":7081,"date":"2026-04-08T06:57:42","date_gmt":"2026-04-08T04:57:42","guid":{"rendered":"https:\/\/www.gym-karvina.cz\/?p=7081"},"modified":"2026-04-08T06:57:42","modified_gmt":"2026-04-08T04:57:42","slug":"vitezstvi-barbory-cioskove-a-pet-uspesnych-resitelu-okresniho-kola","status":"publish","type":"post","link":"https:\/\/www.gym-karvina.cz\/?p=7081","title":{"rendered":"V\u00edt\u011bzstv\u00ed Barbory Cioskov\u00e9 a p\u011bt \u00fasp\u011b\u0161n\u00fdch \u0159e\u0161itel\u016f okresn\u00edho kola"},"content":{"rendered":"\n<p>Ve st\u0159edu 1. 4. 2026 se konalo okresn\u00ed kolo Matematick\u00e9 olympi\u00e1dy ve t\u0159ech kategori\u00edch. Na\u0161i \u0161kolu reprezentovalo 9 \u017e\u00e1k\u016f a p\u011bti z&nbsp;nich se poda\u0159ilo probojovat na nejvy\u0161\u0161\u00ed p\u0159\u00ed\u010dky a z\u00edskat ocen\u011bn\u00ed \u201e\u00fasp\u011b\u0161n\u00fd \u0159e\u0161itel okresn\u00edho kola\u201c.<\/p>\n\n\n\n<p>V&nbsp;kategorii nejmlad\u0161\u00edch se \u00fasp\u011b\u0161n\u00fdmi \u0159e\u0161iteli stali prim\u00e1ni Terezie Houdkov\u00e1 (3. m\u00edsto), Dominika Bielsk\u00e1 a Viktor V\u010delka (oba 6.\u20137. m\u00edsto). Ve star\u0161\u00ed kategorii se \u00fasp\u011b\u0161n\u00fdm \u0159e\u0161itelem stal sekund\u00e1n Maty\u00e1\u0161 Martik\u00e1n (6. m\u00edsto). V\u00edt\u011bzkou kategorie 8. t\u0159\u00edd a terci\u00ed se stala na\u0161e \u017e\u00e1kyn\u011b Barbora Cioskov\u00e1. Gratulujeme!<\/p>\n\n\n\n<p>Velk\u00fd d\u00edk pat\u0159\u00ed tak\u00e9 dal\u0161\u00edm \u00fa\u010dastn\u00edk\u016fm okresn\u00edho kola. K&nbsp;\u00fasp\u011bchu v Matematick\u00e9 olympi\u00e1d\u011b toti\u017e vede dlouh\u00e1 cesta, kter\u00e1 pro v\u0161echny za\u010d\u00edn\u00e1 ji\u017e p\u0159ed V\u00e1nocemi. Pod\u011bkov\u00e1n\u00ed proto rovn\u011b\u017e pro Robina Owczarzy, Am\u00e9lii Linhartovou, Ond\u0159eje Katonu a Emu Hornychovou. Pro na\u0161e nejmlad\u0161\u00ed \u0159e\u0161itele to letos byla ji\u017e posledn\u00ed sout\u011b\u017e. A proto na shledanou u matematick\u00fdch sout\u011b\u017e\u00ed v&nbsp;p\u0159\u00ed\u0161t\u00edm \u0161koln\u00edm roce.<\/p>\n\n\n\n<p class=\"has-text-align-right\"><em>Mgr. Pavl\u00edna Hovorkov\u00e1<\/em><\/p>\n\n\n\n<ul class=\"wp-block-list\">\n<li><a href=\"https:\/\/www.gym-karvina.cz\/wp-content\/uploads\/2026\/04\/Z678-uspesni-resitele-na-web.pdf\" target=\"_blank\" rel=\"noreferrer noopener\">V\u00fdsledky<\/a><\/li>\n<\/ul>\n\n\n<div class=\"wp-block-image\">\n<figure class=\"aligncenter size-large is-resized\"><img loading=\"lazy\" decoding=\"async\" width=\"576\" height=\"1024\" src=\"https:\/\/www.gym-karvina.cz\/wp-content\/uploads\/2026\/04\/MO-Z678-okres-foto-na-web-1-576x1024.jpg\" alt=\"\" class=\"wp-image-7083\" style=\"aspect-ratio:0.5627436388121058;width:689px;height:auto\" srcset=\"https:\/\/www.gym-karvina.cz\/wp-content\/uploads\/2026\/04\/MO-Z678-okres-foto-na-web-1-576x1024.jpg 576w, https:\/\/www.gym-karvina.cz\/wp-content\/uploads\/2026\/04\/MO-Z678-okres-foto-na-web-1-169x300.jpg 169w, https:\/\/www.gym-karvina.cz\/wp-content\/uploads\/2026\/04\/MO-Z678-okres-foto-na-web-1-768x1365.jpg 768w, https:\/\/www.gym-karvina.cz\/wp-content\/uploads\/2026\/04\/MO-Z678-okres-foto-na-web-1-864x1536.jpg 864w, https:\/\/www.gym-karvina.cz\/wp-content\/uploads\/2026\/04\/MO-Z678-okres-foto-na-web-1-1153x2048.jpg 1153w, https:\/\/www.gym-karvina.cz\/wp-content\/uploads\/2026\/04\/MO-Z678-okres-foto-na-web-1-14x24.jpg 14w, https:\/\/www.gym-karvina.cz\/wp-content\/uploads\/2026\/04\/MO-Z678-okres-foto-na-web-1-20x36.jpg 20w, https:\/\/www.gym-karvina.cz\/wp-content\/uploads\/2026\/04\/MO-Z678-okres-foto-na-web-1-27x48.jpg 27w, https:\/\/www.gym-karvina.cz\/wp-content\/uploads\/2026\/04\/MO-Z678-okres-foto-na-web-1-scaled.jpg 1441w\" sizes=\"auto, (max-width: 576px) 100vw, 576px\" \/><\/figure>\n<\/div>","protected":false},"excerpt":{"rendered":"<p>Ve st\u0159edu 1. 4. 2026 se konalo okresn\u00ed kolo Matematick\u00e9 olympi\u00e1dy ve t\u0159ech kategori\u00edch. Na\u0161i \u0161kolu reprezentovalo 9 \u017e\u00e1k\u016f a p\u011bti z&nbsp;nich se poda\u0159ilo probojovat na nejvy\u0161\u0161\u00ed p\u0159\u00ed\u010dky a z\u00edskat ocen\u011bn\u00ed \u201e\u00fasp\u011b\u0161n\u00fd \u0159e\u0161itel okresn\u00edho kola\u201c.&#46;&#46;&#46;<\/p>\n","protected":false},"author":3,"featured_media":2380,"comment_status":"closed","ping_status":"closed","sticky":false,"template":"","format":"standard","meta":{"footnotes":""},"categories":[33],"tags":[],"class_list":["post-7081","post","type-post","status-publish","format-standard","has-post-thumbnail","hentry","category-homepage"],"_links":{"self":[{"href":"https:\/\/www.gym-karvina.cz\/index.php?rest_route=\/wp\/v2\/posts\/7081","targetHints":{"allow":["GET"]}}],"collection":[{"href":"https:\/\/www.gym-karvina.cz\/index.php?rest_route=\/wp\/v2\/posts"}],"about":[{"href":"https:\/\/www.gym-karvina.cz\/index.php?rest_route=\/wp\/v2\/types\/post"}],"author":[{"embeddable":true,"href":"https:\/\/www.gym-karvina.cz\/index.php?rest_route=\/wp\/v2\/users\/3"}],"replies":[{"embeddable":true,"href":"https:\/\/www.gym-karvina.cz\/index.php?rest_route=%2Fwp%2Fv2%2Fcomments&post=7081"}],"version-history":[{"count":2,"href":"https:\/\/www.gym-karvina.cz\/index.php?rest_route=\/wp\/v2\/posts\/7081\/revisions"}],"predecessor-version":[{"id":7085,"href":"https:\/\/www.gym-karvina.cz\/index.php?rest_route=\/wp\/v2\/posts\/7081\/revisions\/7085"}],"wp:featuredmedia":[{"embeddable":true,"href":"https:\/\/www.gym-karvina.cz\/index.php?rest_route=\/wp\/v2\/media\/2380"}],"wp:attachment":[{"href":"https:\/\/www.gym-karvina.cz\/index.php?rest_route=%2Fwp%2Fv2%2Fmedia&parent=7081"}],"wp:term":[{"taxonomy":"category","embeddable":true,"href":"https:\/\/www.gym-karvina.cz\/index.php?rest_route=%2Fwp%2Fv2%2Fcategories&post=7081"},{"taxonomy":"post_tag","embeddable":true,"href":"https:\/\/www.gym-karvina.cz\/index.php?rest_route=%2Fwp%2Fv2%2Ftags&post=7081"}],"curies":[{"name":"wp","href":"https:\/\/api.w.org\/{rel}","templated":true}]}}