{"id":7086,"date":"2026-04-09T16:26:51","date_gmt":"2026-04-09T14:26:51","guid":{"rendered":"https:\/\/www.gym-karvina.cz\/?p=7086"},"modified":"2026-04-09T16:28:55","modified_gmt":"2026-04-09T14:28:55","slug":"martin-brzoska-stinovani-na-slovensku","status":"publish","type":"post","link":"https:\/\/www.gym-karvina.cz\/?p=7086","title":{"rendered":"Martin Brz\u00f3ska \u2013 st\u00ednov\u00e1n\u00ed na Slovensku"},"content":{"rendered":"\n<h6 class=\"wp-block-heading\">23. 3. \u2013 27. 3. 2026<\/h6>\n\n\n\n<p><strong><strong>St\u00ednov\u00e1n\u00ed zam\u011b\u0159en\u00e9 na vyu\u010dovac\u00ed a u\u010debn\u00ed proces, <strong>&nbsp;\u0160kola pre mimoriadne nadan\u00e9 deti a Gymn\u00e1ziu<\/strong><\/strong>m, Bratislava<\/strong><\/p>\n\n\n\n<p>Na konci b\u0159ezna jsem v r\u00e1mci projektu Erasmus+ absolvoval profesn\u00ed st\u00ednov\u00e1n\u00ed na bratislavsk\u00e9 \u0160kole pre mimoriadne nadan\u00e9 deti a Gymn\u00e1ziu. Hlavn\u00edm z\u00e1m\u011brem m\u00e9 n\u00e1v\u0161t\u011bvy bylo z\u00edskat nov\u00e9 podn\u011bty pro v\u00fduku d\u011bjepisu a zem\u011bpisu a bl\u00ed\u017ee porozum\u011bt metodice pr\u00e1ce s talentovan\u00fdmi \u017e\u00e1ky.<\/p>\n\n\n\n<p>Ji\u017e p\u0159ed m\u00fdm p\u0159\u00edjezdem byl p\u0159ipraven precizn\u00ed rozvrh hospitac\u00ed i harmonogram konzultac\u00ed s veden\u00edm \u0161koly, \u0161koln\u00edmi psychology a pedagogick\u00fdm sborem. D\u00edky t\u00e9to pe\u010dliv\u00e9 p\u0159\u00edprav\u011b jsem mohl \u010das vyu\u017e\u00edt na maximum \u2013 krom\u011b samotn\u00fdch n\u00e1slech\u016f v hodin\u00e1ch zbyl prostor i pro hlub\u0161\u00ed odbornou diskuzi a vz\u00e1jemnou v\u00fdm\u011bnu profesn\u00edch zku\u0161enost\u00ed.<\/p>\n\n\n\n<p><strong>Inovace ve v\u00fduce a badatelsk\u00fd p\u0159\u00edstup<\/strong><\/p>\n\n\n\n<p>B\u011bhem t\u00fddenn\u00edho pobytu jsem se soust\u0159edil p\u0159edev\u0161\u00edm na modern\u00ed v\u00fdukov\u00e9 trendy v hodin\u00e1ch d\u011bjepisu a zem\u011bpisu. Velmi inspirativn\u00ed byly zejm\u00e9na odborn\u00e9 semin\u00e1\u0159e, kter\u00e9 kladly siln\u00fd d\u016fraz na autonomii \u017e\u00e1k\u016f a \u0159e\u0161en\u00ed probl\u00e9mov\u00fdch \u00faloh. S tamn\u00edmi kolegy jsme rovn\u011b\u017e debatovali o odli\u0161nostmi v pojet\u00ed maturitn\u00edch zkou\u0161ek a o specifick\u00fdch pot\u0159eb\u00e1ch nadan\u00fdch student\u016f. Velk\u00fd dojem na m\u011b ud\u011blaly aktiviza\u010dn\u00ed metody pr\u00e1ce, u kter\u00fdch ji\u017e nyn\u00ed zva\u017euji konkr\u00e9tn\u00ed zp\u016fsoby zaveden\u00ed do sv\u00fdch vlastn\u00edch hodin. P\u0159\u00ednosn\u00fd byl tak\u00e9 syst\u00e9m organizace \u017e\u00e1kovsk\u00fdch projekt\u016f zam\u011b\u0159en\u00fdch na badatelstv\u00ed, jen\u017e je v mnoha ohledech aplikovateln\u00fd i v na\u0161em \u0161koln\u00edm prost\u0159ed\u00ed.<\/p>\n\n\n\n<p><strong>Strategie pro pr\u00e1ci s talentem<\/strong><\/p>\n\n\n\n<p>Podrobn\u011b jsem studoval postupy, jak nadan\u00e9 \u017e\u00e1ky efektivn\u011b motivovat, jak jim nab\u00edzet nadstandardn\u00ed individu\u00e1ln\u00ed aktivity nebo jak moderovat panelov\u00e9 diskuse ve v\u00fdb\u011brov\u00fdch semin\u00e1\u0159\u00edch. V\u011b\u0159\u00edm, \u017ee tyto metody najdou uplatn\u011bn\u00ed i u n\u00e1s. Zaujal m\u011b tak\u00e9 alternativn\u00ed model hodnocen\u00ed zalo\u017een\u00fd na bodov\u00e9m a kreditov\u00e9m syst\u00e9mu. Tento p\u0159\u00edstup p\u0159irozen\u011b podn\u011bcuje studenty k soustavn\u00e9 pr\u00e1ci a dovoluje u\u010diteli l\u00e9pe zohlednit individu\u00e1ln\u00ed pokrok jednotlivce. Tyto poznatky hodl\u00e1m v budoucnu vyu\u017e\u00edt p\u0159i implementaci do \u017e\u00e1kovsk\u00e9ho vz\u00e1jemn\u00e9ho hodnocen\u00ed v&nbsp;r\u00e1mci sv\u00fdch odborn\u00fdch semin\u00e1\u0159\u016f.<\/p>\n\n\n\n<p><strong>Organiza\u010dn\u00ed kultura a z\u00e1v\u011bre\u010dn\u00e9 shrnut\u00ed<\/strong><\/p>\n\n\n\n<p>St\u00e1\u017e mi poskytla komplexn\u00ed vhled do odli\u0161n\u00e9ho managementu \u0161koly \u2013 od strategick\u00e9ho \u0159\u00edzen\u00ed p\u0159es fungov\u00e1n\u00ed p\u0159edm\u011btov\u00fdch komis\u00ed a\u017e po \u00fazkou kooperaci mezi u\u010diteli. Pochopen\u00ed tohoto syst\u00e9mu mi pomohlo ucelit si p\u0159edstavu o tom, jak \u00fasp\u011b\u0161n\u011b vzd\u011bl\u00e1vat \u017e\u00e1ky s mimo\u0159\u00e1dn\u00fdm nad\u00e1n\u00edm.&nbsp;<\/p>\n\n\n\n<p>Pobyt v Bratislav\u011b pro m\u011b p\u0159edstavuje mimo\u0159\u00e1dn\u011b cennou profesn\u00ed zku\u0161enost. Nabytou inspiraci pl\u00e1nuji postupn\u011b vn\u00e1\u0161et do v\u00fduky d\u011bjepisu a zem\u011bpisu, a to v\u010detn\u011b specializovan\u00fdch semin\u00e1\u0159\u016f ze zem\u011bpisu a modern\u00edch d\u011bjin. O z\u00edskan\u00e9 materi\u00e1ly a postupy se samoz\u0159ejm\u011b r\u00e1d pod\u011bl\u00edm s kolegy.<\/p>\n\n\n\n<p>R\u00e1d bych pod\u011bkoval za p\u0159\u00edle\u017eitost zapojit se do tohoto programu a v\u011b\u0159\u00edm v dal\u0161\u00ed \u00fasp\u011b\u0161n\u00fd rozvoj na\u0161ich mezin\u00e1rodn\u00edch kontakt\u016f.<\/p>\n\n\n\n<figure class=\"wp-block-gallery has-nested-images columns-default is-cropped wp-block-gallery-1 is-layout-flex wp-block-gallery-is-layout-flex\">\n<figure data-wp-context=\"{&quot;imageId&quot;:&quot;69ec5b12d34e5&quot;}\" data-wp-interactive=\"core\/image\" data-wp-key=\"69ec5b12d34e5\" class=\"wp-block-image size-large wp-lightbox-container\"><img loading=\"lazy\" decoding=\"async\" width=\"768\" height=\"1024\" data-wp-class--hide=\"state.isContentHidden\" data-wp-class--show=\"state.isContentVisible\" data-wp-init=\"callbacks.setButtonStyles\" data-wp-on--click=\"actions.showLightbox\" data-wp-on--load=\"callbacks.setButtonStyles\" data-wp-on-window--resize=\"callbacks.setButtonStyles\" data-id=\"7087\" src=\"https:\/\/www.gym-karvina.cz\/wp-content\/uploads\/2026\/04\/Br1-768x1024.jpg\" alt=\"\" class=\"wp-image-7087\" srcset=\"https:\/\/www.gym-karvina.cz\/wp-content\/uploads\/2026\/04\/Br1-768x1024.jpg 768w, https:\/\/www.gym-karvina.cz\/wp-content\/uploads\/2026\/04\/Br1-225x300.jpg 225w, https:\/\/www.gym-karvina.cz\/wp-content\/uploads\/2026\/04\/Br1-1152x1536.jpg 1152w, https:\/\/www.gym-karvina.cz\/wp-content\/uploads\/2026\/04\/Br1-18x24.jpg 18w, https:\/\/www.gym-karvina.cz\/wp-content\/uploads\/2026\/04\/Br1-27x36.jpg 27w, https:\/\/www.gym-karvina.cz\/wp-content\/uploads\/2026\/04\/Br1-36x48.jpg 36w, https:\/\/www.gym-karvina.cz\/wp-content\/uploads\/2026\/04\/Br1.jpg 1200w\" sizes=\"auto, (max-width: 768px) 100vw, 768px\" \/><button\n\t\t\tclass=\"lightbox-trigger\"\n\t\t\ttype=\"button\"\n\t\t\taria-haspopup=\"dialog\"\n\t\t\taria-label=\"Zv\u011bt\u0161it\"\n\t\t\tdata-wp-init=\"callbacks.initTriggerButton\"\n\t\t\tdata-wp-on--click=\"actions.showLightbox\"\n\t\t\tdata-wp-style--right=\"state.imageButtonRight\"\n\t\t\tdata-wp-style--top=\"state.imageButtonTop\"\n\t\t>\n\t\t\t<svg xmlns=\"http:\/\/www.w3.org\/2000\/svg\" width=\"12\" height=\"12\" fill=\"none\" viewBox=\"0 0 12 12\">\n\t\t\t\t<path fill=\"#fff\" d=\"M2 0a2 2 0 0 0-2 2v2h1.5V2a.5.5 0 0 1 .5-.5h2V0H2Zm2 10.5H2a.5.5 0 0 1-.5-.5V8H0v2a2 2 0 0 0 2 2h2v-1.5ZM8 12v-1.5h2a.5.5 0 0 0 .5-.5V8H12v2a2 2 0 0 1-2 2H8Zm2-12a2 2 0 0 1 2 2v2h-1.5V2a.5.5 0 0 0-.5-.5H8V0h2Z\" \/>\n\t\t\t<\/svg>\n\t\t<\/button><\/figure>\n\n\n\n<figure data-wp-context=\"{&quot;imageId&quot;:&quot;69ec5b12d39d0&quot;}\" data-wp-interactive=\"core\/image\" data-wp-key=\"69ec5b12d39d0\" class=\"wp-block-image size-large wp-lightbox-container\"><img loading=\"lazy\" decoding=\"async\" width=\"1024\" height=\"768\" data-wp-class--hide=\"state.isContentHidden\" data-wp-class--show=\"state.isContentVisible\" data-wp-init=\"callbacks.setButtonStyles\" data-wp-on--click=\"actions.showLightbox\" data-wp-on--load=\"callbacks.setButtonStyles\" data-wp-on-window--resize=\"callbacks.setButtonStyles\" data-id=\"7088\" src=\"https:\/\/www.gym-karvina.cz\/wp-content\/uploads\/2026\/04\/Br2-1024x768.jpg\" alt=\"\" class=\"wp-image-7088\" srcset=\"https:\/\/www.gym-karvina.cz\/wp-content\/uploads\/2026\/04\/Br2-1024x768.jpg 1024w, https:\/\/www.gym-karvina.cz\/wp-content\/uploads\/2026\/04\/Br2-300x225.jpg 300w, https:\/\/www.gym-karvina.cz\/wp-content\/uploads\/2026\/04\/Br2-768x576.jpg 768w, https:\/\/www.gym-karvina.cz\/wp-content\/uploads\/2026\/04\/Br2-24x18.jpg 24w, https:\/\/www.gym-karvina.cz\/wp-content\/uploads\/2026\/04\/Br2-36x27.jpg 36w, https:\/\/www.gym-karvina.cz\/wp-content\/uploads\/2026\/04\/Br2-48x36.jpg 48w, https:\/\/www.gym-karvina.cz\/wp-content\/uploads\/2026\/04\/Br2.jpg 1215w\" sizes=\"auto, (max-width: 1024px) 100vw, 1024px\" \/><button\n\t\t\tclass=\"lightbox-trigger\"\n\t\t\ttype=\"button\"\n\t\t\taria-haspopup=\"dialog\"\n\t\t\taria-label=\"Zv\u011bt\u0161it\"\n\t\t\tdata-wp-init=\"callbacks.initTriggerButton\"\n\t\t\tdata-wp-on--click=\"actions.showLightbox\"\n\t\t\tdata-wp-style--right=\"state.imageButtonRight\"\n\t\t\tdata-wp-style--top=\"state.imageButtonTop\"\n\t\t>\n\t\t\t<svg xmlns=\"http:\/\/www.w3.org\/2000\/svg\" width=\"12\" height=\"12\" fill=\"none\" viewBox=\"0 0 12 12\">\n\t\t\t\t<path fill=\"#fff\" d=\"M2 0a2 2 0 0 0-2 2v2h1.5V2a.5.5 0 0 1 .5-.5h2V0H2Zm2 10.5H2a.5.5 0 0 1-.5-.5V8H0v2a2 2 0 0 0 2 2h2v-1.5ZM8 12v-1.5h2a.5.5 0 0 0 .5-.5V8H12v2a2 2 0 0 1-2 2H8Zm2-12a2 2 0 0 1 2 2v2h-1.5V2a.5.5 0 0 0-.5-.5H8V0h2Z\" \/>\n\t\t\t<\/svg>\n\t\t<\/button><\/figure>\n<\/figure>\n\n\n\n<p><\/p>\n\n\n\n<p class=\"has-text-align-right\"><em>Mgr. Martin Brz\u00f3ska<\/em><\/p>\n","protected":false},"excerpt":{"rendered":"<p>23. 3. \u2013 27. 3. 2026 St\u00ednov\u00e1n\u00ed zam\u011b\u0159en\u00e9 na vyu\u010dovac\u00ed a u\u010debn\u00ed proces, &nbsp;\u0160kola pre mimoriadne nadan\u00e9 deti a Gymn\u00e1zium, Bratislava Na konci b\u0159ezna jsem v r\u00e1mci projektu Erasmus+ absolvoval profesn\u00ed st\u00ednov\u00e1n\u00ed na bratislavsk\u00e9 \u0160kole&#46;&#46;&#46;<\/p>\n","protected":false},"author":9,"featured_media":3627,"comment_status":"closed","ping_status":"closed","sticky":false,"template":"","format":"standard","meta":{"footnotes":""},"categories":[43],"tags":[],"class_list":["post-7086","post","type-post","status-publish","format-standard","has-post-thumbnail","hentry","category-akreditace-a3"],"_links":{"self":[{"href":"https:\/\/www.gym-karvina.cz\/index.php?rest_route=\/wp\/v2\/posts\/7086","targetHints":{"allow":["GET"]}}],"collection":[{"href":"https:\/\/www.gym-karvina.cz\/index.php?rest_route=\/wp\/v2\/posts"}],"about":[{"href":"https:\/\/www.gym-karvina.cz\/index.php?rest_route=\/wp\/v2\/types\/post"}],"author":[{"embeddable":true,"href":"https:\/\/www.gym-karvina.cz\/index.php?rest_route=\/wp\/v2\/users\/9"}],"replies":[{"embeddable":true,"href":"https:\/\/www.gym-karvina.cz\/index.php?rest_route=%2Fwp%2Fv2%2Fcomments&post=7086"}],"version-history":[{"count":3,"href":"https:\/\/www.gym-karvina.cz\/index.php?rest_route=\/wp\/v2\/posts\/7086\/revisions"}],"predecessor-version":[{"id":7092,"href":"https:\/\/www.gym-karvina.cz\/index.php?rest_route=\/wp\/v2\/posts\/7086\/revisions\/7092"}],"wp:featuredmedia":[{"embeddable":true,"href":"https:\/\/www.gym-karvina.cz\/index.php?rest_route=\/wp\/v2\/media\/3627"}],"wp:attachment":[{"href":"https:\/\/www.gym-karvina.cz\/index.php?rest_route=%2Fwp%2Fv2%2Fmedia&parent=7086"}],"wp:term":[{"taxonomy":"category","embeddable":true,"href":"https:\/\/www.gym-karvina.cz\/index.php?rest_route=%2Fwp%2Fv2%2Fcategories&post=7086"},{"taxonomy":"post_tag","embeddable":true,"href":"https:\/\/www.gym-karvina.cz\/index.php?rest_route=%2Fwp%2Fv2%2Ftags&post=7086"}],"curies":[{"name":"wp","href":"https:\/\/api.w.org\/{rel}","templated":true}]}}