{"id":7121,"date":"2026-04-13T10:01:40","date_gmt":"2026-04-13T08:01:40","guid":{"rendered":"https:\/\/www.gym-karvina.cz\/?p=7121"},"modified":"2026-04-13T10:01:41","modified_gmt":"2026-04-13T08:01:41","slug":"historicka-exkurze-do-olomouce-historie-na-dlani","status":"publish","type":"post","link":"https:\/\/www.gym-karvina.cz\/?p=7121","title":{"rendered":"Historick\u00e1 exkurze do Olomouce \u2013 historie na dlani"},"content":{"rendered":"\n<p>Historick\u00e1 exkurze septimy do Olomouce se v&nbsp;p\u00e1tek 10. dubna prom\u011bnila v nezapomenuteln\u00fd den pln\u00fd objevov\u00e1n\u00ed, obdivu a inspirace. U\u017e p\u0159i p\u0159\u00edjezdu n\u00e1s okouzlila jedine\u010dn\u00e1 studentsk\u00e1 atmosf\u00e9ra m\u011bsta, kde se doslova v\u0161ude prol\u00edn\u00e1 minulost s p\u0159\u00edtomnost\u00ed.<\/p>\n\n\n\n<p>A p\u0159i\u0161el moment \u00fadivu nad velikost\u00ed a kr\u00e1sou p\u016fvodn\u011b gotick\u00e9 katedr\u00e1ly sv. V\u00e1clava (v\u011b\u017e se ty\u010d\u00ed do v\u00fd\u0161ky 100,65 m, je tud\u00ed\u017e nejvy\u0161\u0161\u00ed v\u011b\u017e\u00ed Moravy). V\u011bd\u011bli jsme z&nbsp;hodin d\u011bjepisu, \u017ee posledn\u00ed p\u0159emyslovsk\u00fd kr\u00e1l V\u00e1clav III. byl 1306 zavra\u017ed\u011bn v&nbsp;Olomouci, ale vid\u011bt toto m\u00edsto na vlastn\u00ed o\u010di je opravdu n\u011bco jin\u00e9ho.<\/p>\n\n\n\n<p>Pro\u0161li jsme kolem barokn\u00edho Arcibiskupsk\u00e9ho pal\u00e1ce (ano, p\u0159\u00edmo zde nastoupil na tr\u016fn v&nbsp;prosinci 1848 18let\u00fd c\u00edsa\u0159 Franti\u0161ek Josef I. a vl\u00e1dl pak ve V\u00eddni dal\u0161\u00edch 68 let). Siln\u00fdm momentem byla n\u00e1v\u0161t\u011bva Terezi\u00e1nsk\u00e1 zbrojnice (dnes univerzitn\u00ed knihovna), kde hned p\u0159i vstupu ka\u017ed\u00fd p\u0159ekro\u010d\u00ed v\u00fdrok Komensk\u00e9ho: <strong>\u201eZe zbrojnic ud\u011blejte bibliot\u00e9k.\u201c<\/strong> Jak nad\u010dasov\u011b moudr\u00e9. Na n\u00e1dvo\u0159\u00ed jsme se pak zastavili u symbolick\u00e9 lavi\u010dky V\u00e1clava Havla (celosv\u011btov\u00fd projekt se 60 zast\u00e1vkami k&nbsp;podpo\u0159e dialogu a inspirace) \u2013 viz QR k\u00f3d.<\/p>\n\n\n<div class=\"wp-block-image\">\n<figure class=\"aligncenter size-full is-resized\"><img loading=\"lazy\" decoding=\"async\" width=\"284\" height=\"284\" src=\"https:\/\/www.gym-karvina.cz\/wp-content\/uploads\/2026\/04\/qr1.png\" alt=\"\" class=\"wp-image-7125\" style=\"width:146px;height:auto\" srcset=\"https:\/\/www.gym-karvina.cz\/wp-content\/uploads\/2026\/04\/qr1.png 284w, https:\/\/www.gym-karvina.cz\/wp-content\/uploads\/2026\/04\/qr1-150x150.png 150w, https:\/\/www.gym-karvina.cz\/wp-content\/uploads\/2026\/04\/qr1-80x80.png 80w, https:\/\/www.gym-karvina.cz\/wp-content\/uploads\/2026\/04\/qr1-24x24.png 24w, https:\/\/www.gym-karvina.cz\/wp-content\/uploads\/2026\/04\/qr1-36x36.png 36w, https:\/\/www.gym-karvina.cz\/wp-content\/uploads\/2026\/04\/qr1-48x48.png 48w\" sizes=\"auto, (max-width: 284px) 100vw, 284px\" \/><\/figure>\n<\/div>\n\n\n<p>Na akademickou tradici m\u011bsta jsme nav\u00e1zali u Rektor\u00e1tu Univerzity Palack\u00e9ho, kter\u00e1 je druhou nejstar\u0161\u00ed univerzitou na\u0161\u00ed zem\u011b (zalo\u017eena jako Jezuitsk\u00e1 kolej v&nbsp;roce 1573, py\u0161n\u00ed se tedy 453 lety). Studuje na n\u00ed okolo 23&nbsp;000 student\u016f.<\/p>\n\n\n\n<p>Modern\u011bj\u0161\u00ed tv\u00e1\u0159 m\u011bsta jsme poznali v&nbsp;budov\u011b P\u0159\u00edrodov\u011bdeck\u00e9 fakulty UP (zde jsme prozkoumali Foucaultovo kyvadlo) a v Pevnosti pozn\u00e1n\u00ed (op\u011bt vojensk\u00e9 objekty Marie Terezie slou\u017e\u00ed ke vzd\u011bl\u00e1n\u00ed a objevov\u00e1n\u00ed), kde jsme si interaktivn\u00ed formou vyzkou\u0161eli v\u011bdeck\u00e9 principy. Na chv\u00edli jsme se sami stali badateli a nad\u0161en\u00ed se sm\u00edchem zde rozhodn\u011b nechyb\u011bly &#8211; viz QR k\u00f3d.<\/p>\n\n\n<div class=\"wp-block-image\">\n<figure class=\"aligncenter size-full is-resized\"><img loading=\"lazy\" decoding=\"async\" width=\"281\" height=\"281\" src=\"https:\/\/www.gym-karvina.cz\/wp-content\/uploads\/2026\/04\/qr2.png\" alt=\"\" class=\"wp-image-7124\" style=\"width:151px;height:auto\" srcset=\"https:\/\/www.gym-karvina.cz\/wp-content\/uploads\/2026\/04\/qr2.png 281w, https:\/\/www.gym-karvina.cz\/wp-content\/uploads\/2026\/04\/qr2-150x150.png 150w, https:\/\/www.gym-karvina.cz\/wp-content\/uploads\/2026\/04\/qr2-80x80.png 80w, https:\/\/www.gym-karvina.cz\/wp-content\/uploads\/2026\/04\/qr2-24x24.png 24w, https:\/\/www.gym-karvina.cz\/wp-content\/uploads\/2026\/04\/qr2-36x36.png 36w, https:\/\/www.gym-karvina.cz\/wp-content\/uploads\/2026\/04\/qr2-48x48.png 48w\" sizes=\"auto, (max-width: 281px) 100vw, 281px\" \/><\/figure>\n<\/div>\n\n\n<p>\u010cas ut\u00edkal rychleji, ne\u017e jsme si p\u0159\u00e1li. Neminuli jsme v\u0161ak barokn\u00ed skvost &#8211; chr\u00e1m sv. Michala, renesan\u010dn\u00ed radnici s&nbsp;orlojem i dominantn\u00ed Sloup Nejsv\u011bt\u011bj\u0161\u00ed Trojice (pam\u00e1tka se seznamu UNESCO od roku 2000), ten je v\u0161ak nyn\u00ed v&nbsp;rekonstrukci.<\/p>\n\n\n\n<p>Celkov\u00fd dojem jsme m\u011bli je\u0161t\u011b umocn\u011bn troj\u00edm pohledem na m\u011bsto z&nbsp;v\u00fd\u0161ek. Vystoupali jsme na v\u011b\u017e sv. Mo\u0159ice po dvojit\u00e9m \u0161nekovit\u00e9m schodi\u0161ti se 150 schody, jin\u00fd pohled se n\u00e1m uk\u00e1zal ze st\u0159echy P\u0159\u00edrodov\u011bdeck\u00e9 fakulty a opravdu pta\u010d\u00ed pohled jsme si u\u017eili z&nbsp;18. patra budovy RCO u vlakov\u00e9ho n\u00e1dra\u017e\u00ed. Odj\u00ed\u017ed\u011bli jsme s pocitem, \u017ee Olomouc nen\u00ed jen m\u00edstem na map\u011b, ale \u017eivouc\u00ed u\u010debnic\u00ed d\u011bjin, kter\u00e1 dok\u00e1\u017ee nadchnout a pou\u010dit z\u00e1rove\u0148.<\/p>\n\n\n\n<p class=\"has-text-align-center\"><a href=\"https:\/\/photos.app.goo.gl\/bNTyj28JtXE3Aa38A\" target=\"_blank\" rel=\"noreferrer noopener\">FOTOalbum<\/a><\/p>\n\n\n\n<p class=\"has-text-align-right\"><em>Mgr. D. Gajdo\u0161\u00edkov\u00e1<\/em><\/p>\n\n\n\n<p><\/p>\n","protected":false},"excerpt":{"rendered":"<p>Historick\u00e1 exkurze septimy do Olomouce se v&nbsp;p\u00e1tek 10. dubna prom\u011bnila v nezapomenuteln\u00fd den pln\u00fd objevov\u00e1n\u00ed, obdivu a inspirace. U\u017e p\u0159i p\u0159\u00edjezdu n\u00e1s okouzlila jedine\u010dn\u00e1 studentsk\u00e1 atmosf\u00e9ra m\u011bsta, kde se doslova v\u0161ude prol\u00edn\u00e1 minulost s p\u0159\u00edtomnost\u00ed.&#46;&#46;&#46;<\/p>\n","protected":false},"author":3,"featured_media":7123,"comment_status":"closed","ping_status":"closed","sticky":false,"template":"","format":"standard","meta":{"footnotes":""},"categories":[33],"tags":[],"class_list":["post-7121","post","type-post","status-publish","format-standard","has-post-thumbnail","hentry","category-homepage"],"_links":{"self":[{"href":"https:\/\/www.gym-karvina.cz\/index.php?rest_route=\/wp\/v2\/posts\/7121","targetHints":{"allow":["GET"]}}],"collection":[{"href":"https:\/\/www.gym-karvina.cz\/index.php?rest_route=\/wp\/v2\/posts"}],"about":[{"href":"https:\/\/www.gym-karvina.cz\/index.php?rest_route=\/wp\/v2\/types\/post"}],"author":[{"embeddable":true,"href":"https:\/\/www.gym-karvina.cz\/index.php?rest_route=\/wp\/v2\/users\/3"}],"replies":[{"embeddable":true,"href":"https:\/\/www.gym-karvina.cz\/index.php?rest_route=%2Fwp%2Fv2%2Fcomments&post=7121"}],"version-history":[{"count":2,"href":"https:\/\/www.gym-karvina.cz\/index.php?rest_route=\/wp\/v2\/posts\/7121\/revisions"}],"predecessor-version":[{"id":7126,"href":"https:\/\/www.gym-karvina.cz\/index.php?rest_route=\/wp\/v2\/posts\/7121\/revisions\/7126"}],"wp:featuredmedia":[{"embeddable":true,"href":"https:\/\/www.gym-karvina.cz\/index.php?rest_route=\/wp\/v2\/media\/7123"}],"wp:attachment":[{"href":"https:\/\/www.gym-karvina.cz\/index.php?rest_route=%2Fwp%2Fv2%2Fmedia&parent=7121"}],"wp:term":[{"taxonomy":"category","embeddable":true,"href":"https:\/\/www.gym-karvina.cz\/index.php?rest_route=%2Fwp%2Fv2%2Fcategories&post=7121"},{"taxonomy":"post_tag","embeddable":true,"href":"https:\/\/www.gym-karvina.cz\/index.php?rest_route=%2Fwp%2Fv2%2Ftags&post=7121"}],"curies":[{"name":"wp","href":"https:\/\/api.w.org\/{rel}","templated":true}]}}