{"id":7129,"date":"2026-04-14T05:59:23","date_gmt":"2026-04-14T03:59:23","guid":{"rendered":"https:\/\/www.gym-karvina.cz\/?p=7129"},"modified":"2026-04-14T05:59:23","modified_gmt":"2026-04-14T03:59:23","slug":"antonin-kycik-a-hana-kozakova-uspesnymi-resiteli-krajskeho-kola","status":"publish","type":"post","link":"https:\/\/www.gym-karvina.cz\/?p=7129","title":{"rendered":"Anton\u00edn Kycik a Hana Koz\u00e1kov\u00e1 \u00fasp\u011b\u0161n\u00fdmi \u0159e\u0161iteli krajsk\u00e9ho kola!"},"content":{"rendered":"\n<p>V&nbsp;p\u00e1tek 27. 3. 2026 se konalo krajsk\u00e9 kolo Matematick\u00e9 olympi\u00e1dy v&nbsp;kategorii Z9. Kr\u00e1sn\u00e9ho \u00fasp\u011bchu dos\u00e1hli na\u0161i kvart\u00e1ni Anton\u00edn Kycik a Hana Koz\u00e1kov\u00e1. Z&nbsp;celkov\u00e9ho po\u010dtu 50 \u00fa\u010dastn\u00edk\u016f si oba vybojovali (tedy vypo\u010d\u00edtali) titul \u201e\u00fasp\u011b\u0161n\u00fd \u0159e\u0161itel\u201c krajsk\u00e9ho kola. Blahop\u0159ejeme. Vzhledem k&nbsp;tomu, \u017ee sout\u011b\u017e krajsk\u00fdm kolem kon\u010d\u00ed, d\u011bkujeme Tondovi i Hance za jejich matematick\u00e9 sna\u017een\u00ed v&nbsp;pr\u016fb\u011bhu cel\u00e9ho roku a p\u0159ejeme hodn\u011b matematick\u00fdch n\u00e1pad\u016f i v&nbsp;roce p\u0159\u00ed\u0161t\u00edm. <\/p>\n\n\n\n<ul class=\"wp-block-list\">\n<li><a href=\"https:\/\/www.gym-karvina.cz\/wp-content\/uploads\/2026\/04\/MO-Z9-2025-26-kraj-vysledky.pdf\" target=\"_blank\" rel=\"noreferrer noopener\">V\u00fdsledky<\/a><\/li>\n<\/ul>\n\n\n\n<p class=\"has-text-align-right\"><em>Mgr. P. Hovorkov\u00e1<\/em><\/p>\n","protected":false},"excerpt":{"rendered":"<p>V&nbsp;p\u00e1tek 27. 3. 2026 se konalo krajsk\u00e9 kolo Matematick\u00e9 olympi\u00e1dy v&nbsp;kategorii Z9. Kr\u00e1sn\u00e9ho \u00fasp\u011bchu dos\u00e1hli na\u0161i kvart\u00e1ni Anton\u00edn Kycik a Hana Koz\u00e1kov\u00e1. Z&nbsp;celkov\u00e9ho po\u010dtu 50 \u00fa\u010dastn\u00edk\u016f si oba vybojovali (tedy vypo\u010d\u00edtali) titul \u201e\u00fasp\u011b\u0161n\u00fd \u0159e\u0161itel\u201c krajsk\u00e9ho&#46;&#46;&#46;<\/p>\n","protected":false},"author":3,"featured_media":2380,"comment_status":"closed","ping_status":"closed","sticky":false,"template":"","format":"standard","meta":{"footnotes":""},"categories":[33],"tags":[],"class_list":["post-7129","post","type-post","status-publish","format-standard","has-post-thumbnail","hentry","category-homepage"],"_links":{"self":[{"href":"https:\/\/www.gym-karvina.cz\/index.php?rest_route=\/wp\/v2\/posts\/7129","targetHints":{"allow":["GET"]}}],"collection":[{"href":"https:\/\/www.gym-karvina.cz\/index.php?rest_route=\/wp\/v2\/posts"}],"about":[{"href":"https:\/\/www.gym-karvina.cz\/index.php?rest_route=\/wp\/v2\/types\/post"}],"author":[{"embeddable":true,"href":"https:\/\/www.gym-karvina.cz\/index.php?rest_route=\/wp\/v2\/users\/3"}],"replies":[{"embeddable":true,"href":"https:\/\/www.gym-karvina.cz\/index.php?rest_route=%2Fwp%2Fv2%2Fcomments&post=7129"}],"version-history":[{"count":2,"href":"https:\/\/www.gym-karvina.cz\/index.php?rest_route=\/wp\/v2\/posts\/7129\/revisions"}],"predecessor-version":[{"id":7131,"href":"https:\/\/www.gym-karvina.cz\/index.php?rest_route=\/wp\/v2\/posts\/7129\/revisions\/7131"}],"wp:featuredmedia":[{"embeddable":true,"href":"https:\/\/www.gym-karvina.cz\/index.php?rest_route=\/wp\/v2\/media\/2380"}],"wp:attachment":[{"href":"https:\/\/www.gym-karvina.cz\/index.php?rest_route=%2Fwp%2Fv2%2Fmedia&parent=7129"}],"wp:term":[{"taxonomy":"category","embeddable":true,"href":"https:\/\/www.gym-karvina.cz\/index.php?rest_route=%2Fwp%2Fv2%2Fcategories&post=7129"},{"taxonomy":"post_tag","embeddable":true,"href":"https:\/\/www.gym-karvina.cz\/index.php?rest_route=%2Fwp%2Fv2%2Ftags&post=7129"}],"curies":[{"name":"wp","href":"https:\/\/api.w.org\/{rel}","templated":true}]}}