{"id":7135,"date":"2026-04-22T05:49:18","date_gmt":"2026-04-22T03:49:18","guid":{"rendered":"https:\/\/www.gym-karvina.cz\/?p=7135"},"modified":"2026-04-22T12:02:24","modified_gmt":"2026-04-22T10:02:24","slug":"prevence-ktera-dava-smysl-endotalks-pro-prvnacky","status":"publish","type":"post","link":"https:\/\/www.gym-karvina.cz\/?p=7135","title":{"rendered":"Prevence, kter\u00e1 d\u00e1v\u00e1 smysl: Endotalks pro prva\u010dky"},"content":{"rendered":"\n<p>Pro \u017e\u00e1kyn\u011b 1. ro\u010dn\u00edku prob\u011bhla inspirativn\u00ed beseda Endotalks, kterou vedla Ing. Bojto\u0161ov\u00e1. Setk\u00e1n\u00ed bylo zam\u011b\u0159eno na d\u016fle\u017eit\u00e1 preventivn\u00ed t\u00e9mata pro d\u00edvky \u2013 p\u00e9\u010di o \u017eensk\u00e9 zdrav\u00ed, vn\u00edm\u00e1n\u00ed vlastn\u00edho t\u011bla a v\u010dasn\u00e9 rozpozn\u00e1n\u00ed varovn\u00fdch sign\u00e1l\u016f.<\/p>\n\n\n\n<p>Lektorka citliv\u011b a srozumiteln\u011b otev\u0159ela ot\u00e1zky, o kter\u00fdch se \u010dasto mluv\u00ed jen m\u00e1lo, a vytvo\u0159ila bezpe\u010dn\u00fd prostor pro dotazy i sd\u00edlen\u00ed zku\u0161enost\u00ed. \u017d\u00e1kyn\u011b ocenily p\u0159edev\u0161\u00edm praktick\u00e9 informace, p\u0159\u00edb\u011bhy z&nbsp;praxe, otev\u0159en\u00fd p\u0159\u00edstup a d\u016fraz na prevenci jako kl\u00ed\u010d k dlouhodob\u00e9mu zdrav\u00ed.<\/p>\n\n\n\n<p>Beseda byla p\u0159\u00ednosnou sou\u010d\u00e1st\u00ed vzd\u011bl\u00e1v\u00e1n\u00ed a minim\u00e1ln\u00edho preventivn\u00edho programu a otev\u0159ela t\u00e9mata, kter\u00e1 jsou pro mlad\u00e9 d\u00edvky z\u00e1sadn\u00ed. <\/p>\n\n\n\n<p class=\"has-text-align-center\"><a href=\"https:\/\/photos.app.goo.gl\/oQYNiNtMeWVDnF4U7\" target=\"_blank\" rel=\"noreferrer noopener\">FOTOgalerie<\/a><\/p>\n\n\n\n<p class=\"has-text-align-right\"><em>Mgr. Zuzana Kardo\u0161ov\u00e1<\/em><\/p>\n\n\n\n<p><\/p>\n","protected":false},"excerpt":{"rendered":"<p>Pro \u017e\u00e1kyn\u011b 1. ro\u010dn\u00edku prob\u011bhla inspirativn\u00ed beseda Endotalks, kterou vedla Ing. Bojto\u0161ov\u00e1. Setk\u00e1n\u00ed bylo zam\u011b\u0159eno na d\u016fle\u017eit\u00e1 preventivn\u00ed t\u00e9mata pro d\u00edvky \u2013 p\u00e9\u010di o \u017eensk\u00e9 zdrav\u00ed, vn\u00edm\u00e1n\u00ed vlastn\u00edho t\u011bla a v\u010dasn\u00e9 rozpozn\u00e1n\u00ed varovn\u00fdch sign\u00e1l\u016f. Lektorka&#46;&#46;&#46;<\/p>\n","protected":false},"author":3,"featured_media":7136,"comment_status":"closed","ping_status":"closed","sticky":false,"template":"","format":"standard","meta":{"footnotes":""},"categories":[33],"tags":[],"class_list":["post-7135","post","type-post","status-publish","format-standard","has-post-thumbnail","hentry","category-homepage"],"_links":{"self":[{"href":"https:\/\/www.gym-karvina.cz\/index.php?rest_route=\/wp\/v2\/posts\/7135","targetHints":{"allow":["GET"]}}],"collection":[{"href":"https:\/\/www.gym-karvina.cz\/index.php?rest_route=\/wp\/v2\/posts"}],"about":[{"href":"https:\/\/www.gym-karvina.cz\/index.php?rest_route=\/wp\/v2\/types\/post"}],"author":[{"embeddable":true,"href":"https:\/\/www.gym-karvina.cz\/index.php?rest_route=\/wp\/v2\/users\/3"}],"replies":[{"embeddable":true,"href":"https:\/\/www.gym-karvina.cz\/index.php?rest_route=%2Fwp%2Fv2%2Fcomments&post=7135"}],"version-history":[{"count":2,"href":"https:\/\/www.gym-karvina.cz\/index.php?rest_route=\/wp\/v2\/posts\/7135\/revisions"}],"predecessor-version":[{"id":7138,"href":"https:\/\/www.gym-karvina.cz\/index.php?rest_route=\/wp\/v2\/posts\/7135\/revisions\/7138"}],"wp:featuredmedia":[{"embeddable":true,"href":"https:\/\/www.gym-karvina.cz\/index.php?rest_route=\/wp\/v2\/media\/7136"}],"wp:attachment":[{"href":"https:\/\/www.gym-karvina.cz\/index.php?rest_route=%2Fwp%2Fv2%2Fmedia&parent=7135"}],"wp:term":[{"taxonomy":"category","embeddable":true,"href":"https:\/\/www.gym-karvina.cz\/index.php?rest_route=%2Fwp%2Fv2%2Fcategories&post=7135"},{"taxonomy":"post_tag","embeddable":true,"href":"https:\/\/www.gym-karvina.cz\/index.php?rest_route=%2Fwp%2Fv2%2Ftags&post=7135"}],"curies":[{"name":"wp","href":"https:\/\/api.w.org\/{rel}","templated":true}]}}