{"id":7182,"date":"2026-04-24T14:53:10","date_gmt":"2026-04-24T12:53:10","guid":{"rendered":"https:\/\/www.gym-karvina.cz\/?p=7182"},"modified":"2026-04-24T14:53:10","modified_gmt":"2026-04-24T12:53:10","slug":"smutna-exkurze-do-mist-kde-lidskost-selhala","status":"publish","type":"post","link":"https:\/\/www.gym-karvina.cz\/?p=7182","title":{"rendered":"Smutn\u00e1 exkurze do m\u00edst, kde lidskost selhala"},"content":{"rendered":"\n<p>Studenti 2. a 3. ro\u010dn\u00edku se v tomto t\u00fddnu z\u00fa\u010dastnili exkurze do b\u00fdval\u00e9ho koncentra\u010dn\u00edho a vyhlazovac\u00edho t\u00e1bora Auschwitz-Birkenau, zn\u00e1m\u00e9ho jako Osv\u011btim-B\u0159ezinka. Tato n\u00e1v\u0161t\u011bva pat\u0159ila k siln\u00fdm a emotivn\u011b n\u00e1ro\u010dn\u00fdm z\u00e1\u017eitk\u016fm, kter\u00e9 student\u016fm p\u0159ibl\u00ed\u017eily realitu jedn\u00e9 z nejtemn\u011bj\u0161\u00edch kapitol modern\u00edch d\u011bjin.<\/p>\n\n\n\n<p>B\u011bhem prohl\u00eddky are\u00e1lu m\u011bli \u00fa\u010dastn\u00edci mo\u017enost vid\u011bt autentick\u00e1 m\u00edsta, kde byly za druh\u00e9 sv\u011btov\u00e9 v\u00e1lky systematicky v\u011bzn\u011bny a vra\u017ed\u011bny statis\u00edce lid\u00ed. Zazn\u011bla i fakta, kter\u00e1 je t\u011b\u017ek\u00e9 si v\u016fbec p\u0159edstavit. Do t\u00e1bora bylo deportov\u00e1no p\u0159ibli\u017en\u011b 1,3 milionu lid\u00ed a asi 1,1 milionu z nich zde p\u0159i\u0161lo o \u017eivot. V\u011bt\u0161ina ob\u011bt\u00ed byla zavra\u017ed\u011bna kr\u00e1tce po p\u0159\u00edjezdu, \u010dasto bez jak\u00e9koli evidence, na z\u00e1klad\u011b okam\u017eit\u00e9 selekce.<\/p>\n\n\n\n<p>Studenty hluboce zas\u00e1hly nejen prostory b\u00fdval\u00fdch bar\u00e1k\u016f, plynov\u00fdch komor a krematori\u00ed, ale tak\u00e9 vystaven\u00e9 osobn\u00ed karty s&nbsp;fotografiemi a daty narozen\u00ed a \u00famrt\u00ed i osobn\u00ed p\u0159edm\u011bty ob\u011bt\u00ed, kter\u00e9 p\u0159ipom\u00ednaj\u00ed, \u017ee za t\u011bmito \u010d\u00edsly st\u00e1ly konkr\u00e9tn\u00ed lidsk\u00e9 osudy. Cel\u00e1 exkurze vedla k zamy\u0161len\u00ed nad t\u00edm, kam a\u017e m\u016f\u017ee zaj\u00edt nen\u00e1vist, p\u0159edsudky a ztr\u00e1ta lidskosti.<\/p>\n\n\n\n<p>N\u00e1v\u0161t\u011bva tohoto m\u00edsta je d\u016fle\u017eitou sou\u010d\u00e1st\u00ed vzd\u011bl\u00e1v\u00e1n\u00ed. P\u0159ipom\u00edn\u00e1, jak z\u00e1sadn\u00ed je zn\u00e1t historii, aby se podobn\u00e9 trag\u00e9die u\u017e nikdy neopakovaly. <\/p>\n\n\n\n<p class=\"has-text-align-center\"><a href=\"https:\/\/photos.app.goo.gl\/8gApWwNtvQpe5mzr9\" target=\"_blank\" rel=\"noreferrer noopener\">FOTOgalerie<\/a><\/p>\n\n\n\n<p class=\"has-text-align-right\"><em>Mgr. Zuzana Kardo\u0161ov\u00e1<\/em><\/p>\n\n\n\n<p><\/p>\n","protected":false},"excerpt":{"rendered":"<p>Studenti 2. a 3. ro\u010dn\u00edku se v tomto t\u00fddnu z\u00fa\u010dastnili exkurze do b\u00fdval\u00e9ho koncentra\u010dn\u00edho a vyhlazovac\u00edho t\u00e1bora Auschwitz-Birkenau, zn\u00e1m\u00e9ho jako Osv\u011btim-B\u0159ezinka. Tato n\u00e1v\u0161t\u011bva pat\u0159ila k siln\u00fdm a emotivn\u011b n\u00e1ro\u010dn\u00fdm z\u00e1\u017eitk\u016fm, kter\u00e9 student\u016fm p\u0159ibl\u00ed\u017eily realitu jedn\u00e9&#46;&#46;&#46;<\/p>\n","protected":false},"author":3,"featured_media":7183,"comment_status":"closed","ping_status":"closed","sticky":false,"template":"","format":"standard","meta":{"footnotes":""},"categories":[33],"tags":[],"class_list":["post-7182","post","type-post","status-publish","format-standard","has-post-thumbnail","hentry","category-homepage"],"_links":{"self":[{"href":"https:\/\/www.gym-karvina.cz\/index.php?rest_route=\/wp\/v2\/posts\/7182","targetHints":{"allow":["GET"]}}],"collection":[{"href":"https:\/\/www.gym-karvina.cz\/index.php?rest_route=\/wp\/v2\/posts"}],"about":[{"href":"https:\/\/www.gym-karvina.cz\/index.php?rest_route=\/wp\/v2\/types\/post"}],"author":[{"embeddable":true,"href":"https:\/\/www.gym-karvina.cz\/index.php?rest_route=\/wp\/v2\/users\/3"}],"replies":[{"embeddable":true,"href":"https:\/\/www.gym-karvina.cz\/index.php?rest_route=%2Fwp%2Fv2%2Fcomments&post=7182"}],"version-history":[{"count":1,"href":"https:\/\/www.gym-karvina.cz\/index.php?rest_route=\/wp\/v2\/posts\/7182\/revisions"}],"predecessor-version":[{"id":7184,"href":"https:\/\/www.gym-karvina.cz\/index.php?rest_route=\/wp\/v2\/posts\/7182\/revisions\/7184"}],"wp:featuredmedia":[{"embeddable":true,"href":"https:\/\/www.gym-karvina.cz\/index.php?rest_route=\/wp\/v2\/media\/7183"}],"wp:attachment":[{"href":"https:\/\/www.gym-karvina.cz\/index.php?rest_route=%2Fwp%2Fv2%2Fmedia&parent=7182"}],"wp:term":[{"taxonomy":"category","embeddable":true,"href":"https:\/\/www.gym-karvina.cz\/index.php?rest_route=%2Fwp%2Fv2%2Fcategories&post=7182"},{"taxonomy":"post_tag","embeddable":true,"href":"https:\/\/www.gym-karvina.cz\/index.php?rest_route=%2Fwp%2Fv2%2Ftags&post=7182"}],"curies":[{"name":"wp","href":"https:\/\/api.w.org\/{rel}","templated":true}]}}