{"id":7185,"date":"2026-04-27T07:35:51","date_gmt":"2026-04-27T05:35:51","guid":{"rendered":"https:\/\/www.gym-karvina.cz\/?p=7185"},"modified":"2026-04-27T07:39:12","modified_gmt":"2026-04-27T05:39:12","slug":"v-okresnim-a-krajskem-srovnani-se-nasi-zaci-neztratili","status":"publish","type":"post","link":"https:\/\/www.gym-karvina.cz\/?p=7185","title":{"rendered":"V\u00a0okresn\u00edm a krajsk\u00e9m srovn\u00e1n\u00ed se na\u0161i \u017e\u00e1ci neztratili!"},"content":{"rendered":"\n<p>Matematick\u00e1 sout\u011b\u017e Klokan, kter\u00e1 prob\u011bhla na na\u0161\u00ed \u0161kole 20. 3. 2026, m\u00e1 sv\u00e9 okresn\u00ed a krajsk\u00e9 vyhodnocen\u00ed. Organiz\u00e1to\u0159i sout\u011b\u017ee porovnali z\u00edskan\u00fd po\u010det bod\u016f a vznikl tak \u017eeb\u0159\u00ed\u010dek na \u00farovni okresu a kraje. V&nbsp;krajsk\u00e9m porovn\u00e1n\u00ed obst\u00e1l na v\u00fdbornou Maty\u00e1\u0161 Martik\u00e1n ze sekundy. V&nbsp;okresn\u00edm hodnocen\u00ed se mezi \u00fasp\u011b\u0161n\u00fdmi objevili hned \u010dty\u0159i na\u0161i \u017e\u00e1ci. Pat\u0159\u00ed k&nbsp;nim Maty\u00e1\u0161 Martik\u00e1n a jeho spolu\u017e\u00e1k Jan Sznapka (kategorie Benjam\u00edn), Stanislav Bernack\u00fd z&nbsp;kvinty (kategorie Junior) a Honza Huy Son Vu z&nbsp;okt\u00e1vy (kategorie Student). Maty\u00e1\u0161 Martik\u00e1n svou kategorii v&nbsp;okrese dokonce vyhr\u00e1l! V\u0161em gratulujeme a sd\u00edl\u00edme s&nbsp;v\u00e1mi radost z&nbsp;va\u0161ich \u00fasp\u011bch\u016f.<\/p>\n\n\n\n<p><a href=\"https:\/\/www.gym-karvina.cz\/wp-content\/uploads\/2026\/04\/Klokan-2025-26-okres-vysledky-na-web.pdf\" target=\"_blank\" rel=\"noreferrer noopener\">V\u00fdsledky okresn\u00edho kola<\/a><\/p>\n\n\n\n<p><a href=\"https:\/\/www.gym-karvina.cz\/wp-content\/uploads\/2026\/04\/Klokan-2025-26-kraj-vysledky-na-web.pdf\" target=\"_blank\" rel=\"noreferrer noopener\">V\u00fdsledky krajsk\u00e9ho kola <\/a>\u00a0\u00a0\u00a0\u00a0\u00a0\u00a0\u00a0\u00a0\u00a0\u00a0\u00a0\u00a0\u00a0\u00a0\u00a0\u00a0\u00a0\u00a0\u00a0\u00a0<\/p>\n\n\n\n<p>&nbsp;&nbsp;&nbsp;&nbsp;&nbsp;&nbsp;&nbsp; &nbsp;&nbsp;&nbsp;&nbsp;&nbsp;&nbsp;&nbsp;&nbsp;&nbsp;&nbsp;&nbsp;&nbsp;&nbsp;&nbsp;&nbsp;&nbsp;&nbsp;&nbsp;&nbsp;&nbsp;&nbsp;&nbsp;&nbsp;&nbsp;&nbsp;&nbsp;&nbsp;&nbsp;&nbsp;&nbsp;&nbsp;&nbsp;&nbsp;&nbsp;&nbsp;&nbsp;&nbsp;&nbsp;&nbsp;&nbsp;&nbsp;&nbsp;&nbsp;&nbsp;&nbsp;&nbsp;&nbsp;&nbsp;&nbsp;&nbsp;&nbsp;&nbsp;&nbsp;&nbsp;&nbsp;&nbsp;&nbsp;&nbsp;&nbsp;&nbsp;&nbsp;&nbsp;&nbsp;&nbsp;&nbsp;&nbsp;&nbsp;&nbsp;&nbsp;&nbsp;&nbsp;<\/p>\n\n\n<div class=\"wp-block-image\">\n<figure class=\"aligncenter size-full\"><img loading=\"lazy\" decoding=\"async\" width=\"1000\" height=\"750\" src=\"https:\/\/www.gym-karvina.cz\/wp-content\/uploads\/2026\/04\/Klokan-foto-kres-kraj-na-web.jpeg\" alt=\"\" class=\"wp-image-7186\" srcset=\"https:\/\/www.gym-karvina.cz\/wp-content\/uploads\/2026\/04\/Klokan-foto-kres-kraj-na-web.jpeg 1000w, https:\/\/www.gym-karvina.cz\/wp-content\/uploads\/2026\/04\/Klokan-foto-kres-kraj-na-web-300x225.jpeg 300w, https:\/\/www.gym-karvina.cz\/wp-content\/uploads\/2026\/04\/Klokan-foto-kres-kraj-na-web-768x576.jpeg 768w, https:\/\/www.gym-karvina.cz\/wp-content\/uploads\/2026\/04\/Klokan-foto-kres-kraj-na-web-24x18.jpeg 24w, https:\/\/www.gym-karvina.cz\/wp-content\/uploads\/2026\/04\/Klokan-foto-kres-kraj-na-web-36x27.jpeg 36w, https:\/\/www.gym-karvina.cz\/wp-content\/uploads\/2026\/04\/Klokan-foto-kres-kraj-na-web-48x36.jpeg 48w\" sizes=\"auto, (max-width: 1000px) 100vw, 1000px\" \/><\/figure>\n<\/div>\n\n\n<p class=\"has-text-align-right\"><em>Mgr. P. Hovorkov\u00e1<\/em><\/p>\n","protected":false},"excerpt":{"rendered":"<p>Matematick\u00e1 sout\u011b\u017e Klokan, kter\u00e1 prob\u011bhla na na\u0161\u00ed \u0161kole 20. 3. 2026, m\u00e1 sv\u00e9 okresn\u00ed a krajsk\u00e9 vyhodnocen\u00ed. Organiz\u00e1to\u0159i sout\u011b\u017ee porovnali z\u00edskan\u00fd po\u010det bod\u016f a vznikl tak \u017eeb\u0159\u00ed\u010dek na \u00farovni okresu a kraje. V&nbsp;krajsk\u00e9m porovn\u00e1n\u00ed obst\u00e1l&#46;&#46;&#46;<\/p>\n","protected":false},"author":3,"featured_media":2378,"comment_status":"closed","ping_status":"closed","sticky":false,"template":"","format":"standard","meta":{"footnotes":""},"categories":[33],"tags":[],"class_list":["post-7185","post","type-post","status-publish","format-standard","has-post-thumbnail","hentry","category-homepage"],"_links":{"self":[{"href":"https:\/\/www.gym-karvina.cz\/index.php?rest_route=\/wp\/v2\/posts\/7185","targetHints":{"allow":["GET"]}}],"collection":[{"href":"https:\/\/www.gym-karvina.cz\/index.php?rest_route=\/wp\/v2\/posts"}],"about":[{"href":"https:\/\/www.gym-karvina.cz\/index.php?rest_route=\/wp\/v2\/types\/post"}],"author":[{"embeddable":true,"href":"https:\/\/www.gym-karvina.cz\/index.php?rest_route=\/wp\/v2\/users\/3"}],"replies":[{"embeddable":true,"href":"https:\/\/www.gym-karvina.cz\/index.php?rest_route=%2Fwp%2Fv2%2Fcomments&post=7185"}],"version-history":[{"count":3,"href":"https:\/\/www.gym-karvina.cz\/index.php?rest_route=\/wp\/v2\/posts\/7185\/revisions"}],"predecessor-version":[{"id":7191,"href":"https:\/\/www.gym-karvina.cz\/index.php?rest_route=\/wp\/v2\/posts\/7185\/revisions\/7191"}],"wp:featuredmedia":[{"embeddable":true,"href":"https:\/\/www.gym-karvina.cz\/index.php?rest_route=\/wp\/v2\/media\/2378"}],"wp:attachment":[{"href":"https:\/\/www.gym-karvina.cz\/index.php?rest_route=%2Fwp%2Fv2%2Fmedia&parent=7185"}],"wp:term":[{"taxonomy":"category","embeddable":true,"href":"https:\/\/www.gym-karvina.cz\/index.php?rest_route=%2Fwp%2Fv2%2Fcategories&post=7185"},{"taxonomy":"post_tag","embeddable":true,"href":"https:\/\/www.gym-karvina.cz\/index.php?rest_route=%2Fwp%2Fv2%2Ftags&post=7185"}],"curies":[{"name":"wp","href":"https:\/\/api.w.org\/{rel}","templated":true}]}}