{"id":7192,"date":"2026-04-27T21:02:06","date_gmt":"2026-04-27T19:02:06","guid":{"rendered":"https:\/\/www.gym-karvina.cz\/?p=7192"},"modified":"2026-04-27T21:03:47","modified_gmt":"2026-04-27T19:03:47","slug":"kulturou-proti-antisemitismu-2026","status":"publish","type":"post","link":"https:\/\/www.gym-karvina.cz\/?p=7192","title":{"rendered":"Kulturou proti antisemitismu 2026"},"content":{"rendered":"\n<p class=\"has-black-color has-text-color has-link-color wp-elements-d77edf9e5a04757117770ef78f95ba00\" style=\"font-size:19px\">Jarn\u00ed, i kdy\u017e je\u0161t\u011b chladn\u00e9 m\u011bs\u00edce v\u011bnoval t\u00fdm 13 \u017e\u00e1k\u016f a \u017e\u00e1ky\u0148 p\u0159\u00edb\u011bhu Nat\u00e1lie Wiesner.<\/p>\n\n\n\n<p class=\"has-black-color has-text-color has-link-color wp-elements-490acdd0b74358e5f58d2b6da5f54461\" style=\"font-size:19px\">Nedaleko Karvin\u00e9 se nach\u00e1z\u00ed unik\u00e1tn\u00ed prostor, kter\u00fd byl v d\u016fsledku \u201evelk\u00fdch d\u011bjin\u201c rozd\u011blen \u2013 d\u0159\u00edve jedno m\u011bsto, dnes \u010cesk\u00fd T\u011b\u0161\u00edn a Cieszyn. P\u0159\u00edb\u011bh \u017eeny, kter\u00e1 se stala \u00fast\u0159edn\u00ed postavou na\u0161eho projektu <strong>Kulturou proti antisemitismu<\/strong>, je spojen pr\u00e1v\u011b s T\u011b\u0161\u00ednem. \u017dila v n\u011bm v dob\u011b, kdy byl je\u0161t\u011b jednotn\u00fd, ale i pot\u00e9, co jej rozd\u011blila hranice. \u017d\u00e1dn\u00e1 z d\u011bjinn\u00fdch ud\u00e1lost\u00ed ji v\u0161ak nezbavila odvahy a odhodl\u00e1n\u00ed j\u00edt si za sv\u00fdm snem.<\/p>\n\n\n\n<p class=\"has-black-color has-text-color has-link-color wp-elements-6449ef5222a2d027e574035eadad5423\" style=\"font-size:19px\">Kav\u00e1rna Avion, kterou zalo\u017eila, stoj\u00ed p\u0159\u00edmo na pomez\u00ed \u010desko-polsk\u00e9 hranice. Kdysi se zde sch\u00e1zeli m\u011b\u0161\u0165an\u00e9, um\u011blci i pa\u0161er\u00e1ci \u2013 \u010ce\u0161i, Pol\u00e1ci, N\u011bmci i \u017did\u00e9. Nat\u00e1lie Wiesner byla state\u010dnou \u017eenou, kter\u00e1 se nevzdala navzdory n\u00e1strah\u00e1m osudu. Dodnes p\u0159edstavuje symbol p\u0159ekra\u010dov\u00e1n\u00ed hranic i p\u0159edsudk\u016f, a\u0165 u\u017e v\u016f\u010di \u017een\u00e1m, \u017did\u016fm \u010di jin\u00fdm n\u00e1rodnostem. Jej\u00ed lidskost a odolnost tyto bari\u00e9ry zd\u00e1rn\u011b p\u0159ekon\u00e1valy. P\u0159ipom\u00ednkou jej\u00edho p\u016fsoben\u00ed v tomto hrani\u010dn\u00edm m\u011bst\u011b je Stolperstein \u2013 k\u00e1men zmizel\u00fdch, um\u00edst\u011bn\u00fd p\u0159ed vstupem do kav\u00e1rny. P\u016fvodn\u00ed budova byla sice zni\u010dena nacisty, ale v roce 2010 se do\u010dkala sv\u00e9 obnovy.<\/p>\n\n\n\n<p class=\"has-black-color has-text-color has-link-color wp-elements-620c637aeff7c55c00dd8313a9db6ec6\" style=\"font-size:19px\">Po stop\u00e1ch pan\u00ed Wiesner p\u00e1tral v\u00fd\u0161e zm\u00edn\u011bn\u00fd t\u00fdm v <strong>Muzeu T\u011b\u0161\u00ednska<\/strong> (velk\u00e9 pod\u011bkov\u00e1n\u00ed pat\u0159\u00ed pan\u00ed Badurov\u00e9 za poskytnut\u00ed materi\u00e1l\u016f i osobn\u00ed prohl\u00eddku) a v samotn\u00e9 kav\u00e1rn\u011b Avion. Dobovou atmosf\u00e9ru zde p\u0159i na\u0161\u00ed n\u00e1v\u0161t\u011bv\u011b dokreslila \u017e\u00e1kyn\u011b Natali, kter\u00e1 p\u0159\u00edtomn\u00fdm host\u016fm zahr\u00e1la na klav\u00edr a navodila tak ducha star\u00fdch \u010das\u016f.<\/p>\n\n\n\n<p class=\"has-black-color has-text-color has-link-color wp-elements-34c2bd8fa442880aed30b632007f9cce\" style=\"font-size:19px\">S v\u00fdsledky sv\u00e9ho p\u00e1tr\u00e1n\u00ed se t\u00fdm Gymn\u00e1zia Karvin\u00e1 vydal do Prahy. Na\u0161\u00ed pr\u016fvodkyn\u00ed byla pan\u00ed Hl\u00e1vkov\u00e1 z ICEJ (Mezin\u00e1rodn\u00ed k\u0159es\u0165ansk\u00e9 velvyslanectv\u00ed v Jeruzal\u00e9m\u011b), kter\u00e9 t\u00e9\u017e pat\u0159\u00ed velk\u00fd d\u00edk. V Praze se na\u0161i studenti setkali s dal\u0161\u00edmi \u017e\u00e1kovsk\u00fdmi skupinami ze Slovenska a N\u011bmecka. Bohat\u00fd program zahrnoval n\u00e1v\u0161t\u011bvu \u017didovsk\u00e9ho muzea, prohl\u00eddku Terez\u00edna i samotnou prezentaci projektov\u00fdch v\u00fdstup\u016f. Karvin\u0161t\u00ed \u017e\u00e1ci p\u0159edstavili p\u0159\u00edb\u011bh pan\u00ed Wiesner prost\u0159ednictv\u00edm hudby, tance a obraz\u016f \u2013 v\u0161e propojili do p\u016fsobiv\u00e9ho dramatizovan\u00e9ho p\u00e1sma. Cel\u00fd program pro n\u00e1s zakon\u010dilo pietn\u00ed setk\u00e1n\u00ed na star\u00e9m \u017eidovsk\u00e9m h\u0159bitov\u011b v Terez\u00edn\u011b, kde jsme uctili pam\u00e1tku d\u011btsk\u00fdch ob\u011bt\u00ed \u0161oa.<\/p>\n\n\n\n<p class=\"has-text-align-center has-black-color has-text-color has-link-color wp-elements-c7a1f0fa1b4f0c366bf87eccbd64cfac\" style=\"font-size:19px\"><em>Moc d\u011bkujeme za skv\u011blou spolupr\u00e1ci v\u0161em \u00fa\u010dastn\u00edk\u016fm a \u00fa\u010dastnic\u00edm cel\u00e9ho projektu.<\/em><br><strong>Julie Jankov\u00e1, Petra Adamczyk<\/strong><\/p>\n\n\n\n<hr class=\"wp-block-separator has-alpha-channel-opacity\"\/>\n\n\n\n<p class=\"has-text-align-center has-black-color has-text-color has-link-color wp-elements-3f88a61d11557dee9891563cc489f873\" style=\"font-size:25px\"><strong>Z HODNOCEN\u00cd \u00da\u010cASTNICE<\/strong><\/p>\n\n\n\n<p class=\"has-black-color has-text-color has-link-color wp-elements-14fda4e71254f009250be151cca230fc\" style=\"font-size:19px\">\u201eN\u00e1\u0161 \u010dty\u0159denn\u00ed v\u00fdlet do Prahy mi dal spoustu nov\u00fdch v\u011bdomost\u00ed a z\u00e1\u017eitk\u016f. B\u011bhem programu jsme m\u011bli spoustu zaj\u00edmav\u00fdch p\u0159edn\u00e1\u0161ek a prohl\u00eddek, kter\u00e9 zd\u016fraznily, jak moc d\u016fle\u017eit\u00e9 t\u00e9ma holocaust ve skute\u010dnosti je a jak velkou nev\u011bdomost\u00ed opravu lid\u00e9 trp\u00ed. N\u00e1\u0161 v\u00fdstup a prezentaci jsme postavili tak, aby to bylo v\u0161em komfortn\u00ed a vyu\u017eili sv\u00e9 vlastn\u00ed z\u00e1jmy. Pojali jsme to jinak, ne\u017e ostatn\u00ed \u0161koly a pro m\u011b jsme byli velice pestr\u00fd miln\u00edk v programu. Nav\u00e1zali jsme bli\u017e\u0161\u00ed kontakty i mezi sebou navz\u00e1jem. Bylo to zase n\u011bco jin\u00e9ho a do t\u00e9to akce bych bez v\u00e1h\u00e1n\u00ed \u0161la znova.\u201c<\/p>\n\n\n\n<p class=\"has-text-align-right\" style=\"font-size:19px\"><em>B\u00e1ra Cioskov\u00e1 &#8211; 3.X<\/em><\/p>\n\n\n\n<hr class=\"wp-block-separator has-alpha-channel-opacity\"\/>\n\n\n\n<p class=\"has-text-align-center has-vivid-red-color has-text-color has-link-color wp-elements-52bcc2ec3a3d46956e594857648e073d\" style=\"font-size:35px\"><span class=\"wp-rich-text-font-awesome-icon wp-font-awesome-icon\"><svg aria-hidden=\"true\" focusable=\"false\" data-prefix=\"fas\" data-icon=\"arrow-right-long\" class=\"svg-inline--fa fa-arrow-right-long \" role=\"img\" xmlns=\"http:\/\/www.w3.org\/2000\/svg\" viewBox=\"0 0 512 512\" color=\"#000000\"><path fill=\"currentColor\" d=\"M502.6 278.6c12.5-12.5 12.5-32.8 0-45.3l-128-128c-12.5-12.5-32.8-12.5-45.3 0s-12.5 32.8 0 45.3L402.7 224 32 224c-17.7 0-32 14.3-32 32s14.3 32 32 32l370.7 0-73.4 73.4c-12.5 12.5-12.5 32.8 0 45.3s32.8 12.5 45.3 0l128-128z\"><\/path><\/svg><\/span><strong>  <a href=\"https:\/\/photos.app.goo.gl\/A3pux78f4esZqr3d8\" target=\"_blank\" rel=\"noreferrer noopener\"><mark style=\"background-color:rgba(0, 0, 0, 0)\" class=\"has-inline-color has-vivid-red-color\">FOTOGALERIE<\/mark><\/a>  <\/strong><span class=\"wp-rich-text-font-awesome-icon wp-font-awesome-icon\"><svg aria-hidden=\"true\" focusable=\"false\" data-prefix=\"fas\" data-icon=\"arrow-left-long\" class=\"svg-inline--fa fa-arrow-left-long \" role=\"img\" xmlns=\"http:\/\/www.w3.org\/2000\/svg\" viewBox=\"0 0 512 512\" color=\"#000000\"><path fill=\"currentColor\" d=\"M9.4 233.4c-12.5 12.5-12.5 32.8 0 45.3l128 128c12.5 12.5 32.8 12.5 45.3 0s12.5-32.8 0-45.3L109.3 288 480 288c17.7 0 32-14.3 32-32s-14.3-32-32-32l-370.7 0 73.4-73.4c12.5-12.5 12.5-32.8 0-45.3s-32.8-12.5-45.3 0l-128 128z\"><\/path><\/svg><\/span><\/p>\n","protected":false},"excerpt":{"rendered":"<p>Jarn\u00ed, i kdy\u017e je\u0161t\u011b chladn\u00e9 m\u011bs\u00edce v\u011bnoval t\u00fdm 13 \u017e\u00e1k\u016f a \u017e\u00e1ky\u0148 p\u0159\u00edb\u011bhu Nat\u00e1lie Wiesner. Nedaleko Karvin\u00e9 se nach\u00e1z\u00ed unik\u00e1tn\u00ed prostor, kter\u00fd byl v d\u016fsledku \u201evelk\u00fdch d\u011bjin\u201c rozd\u011blen \u2013 d\u0159\u00edve jedno m\u011bsto, dnes \u010cesk\u00fd T\u011b\u0161\u00edn&#46;&#46;&#46;<\/p>\n","protected":false},"author":7,"featured_media":7193,"comment_status":"closed","ping_status":"closed","sticky":false,"template":"","format":"standard","meta":{"footnotes":""},"categories":[33],"tags":[],"class_list":["post-7192","post","type-post","status-publish","format-standard","has-post-thumbnail","hentry","category-homepage"],"_links":{"self":[{"href":"https:\/\/www.gym-karvina.cz\/index.php?rest_route=\/wp\/v2\/posts\/7192","targetHints":{"allow":["GET"]}}],"collection":[{"href":"https:\/\/www.gym-karvina.cz\/index.php?rest_route=\/wp\/v2\/posts"}],"about":[{"href":"https:\/\/www.gym-karvina.cz\/index.php?rest_route=\/wp\/v2\/types\/post"}],"author":[{"embeddable":true,"href":"https:\/\/www.gym-karvina.cz\/index.php?rest_route=\/wp\/v2\/users\/7"}],"replies":[{"embeddable":true,"href":"https:\/\/www.gym-karvina.cz\/index.php?rest_route=%2Fwp%2Fv2%2Fcomments&post=7192"}],"version-history":[{"count":4,"href":"https:\/\/www.gym-karvina.cz\/index.php?rest_route=\/wp\/v2\/posts\/7192\/revisions"}],"predecessor-version":[{"id":7197,"href":"https:\/\/www.gym-karvina.cz\/index.php?rest_route=\/wp\/v2\/posts\/7192\/revisions\/7197"}],"wp:featuredmedia":[{"embeddable":true,"href":"https:\/\/www.gym-karvina.cz\/index.php?rest_route=\/wp\/v2\/media\/7193"}],"wp:attachment":[{"href":"https:\/\/www.gym-karvina.cz\/index.php?rest_route=%2Fwp%2Fv2%2Fmedia&parent=7192"}],"wp:term":[{"taxonomy":"category","embeddable":true,"href":"https:\/\/www.gym-karvina.cz\/index.php?rest_route=%2Fwp%2Fv2%2Fcategories&post=7192"},{"taxonomy":"post_tag","embeddable":true,"href":"https:\/\/www.gym-karvina.cz\/index.php?rest_route=%2Fwp%2Fv2%2Ftags&post=7192"}],"curies":[{"name":"wp","href":"https:\/\/api.w.org\/{rel}","templated":true}]}}