{"id":7213,"date":"2026-04-29T15:19:22","date_gmt":"2026-04-29T13:19:22","guid":{"rendered":"https:\/\/www.gym-karvina.cz\/?p=7213"},"modified":"2026-04-29T15:19:50","modified_gmt":"2026-04-29T13:19:50","slug":"uspech-nasich-studentek-v-mezinarodni-vytvarne-soutezi","status":"publish","type":"post","link":"https:\/\/www.gym-karvina.cz\/?p=7213","title":{"rendered":"\u00dasp\u011bch na\u0161ich studentek v mezin\u00e1rodn\u00ed v\u00fdtvarn\u00e9 sout\u011b\u017ei"},"content":{"rendered":"\n<p class=\"has-black-color has-text-color has-link-color wp-elements-e66ebd469529f643df48484d49bfe132\" style=\"font-size:19px\">Na\u0161e studentky Barbora Mich\u00e1lkov\u00e1 a Ema Wawrzosov\u00e1 dos\u00e1hly \u00fasp\u011bchu v mezin\u00e1rodn\u00ed v\u00fdtvarn\u00e9 sout\u011b\u017ei <em>Za\u017eij barvy<\/em>!<\/p>\n\n\n\n<p class=\"has-black-color has-text-color has-link-color wp-elements-dd473d2d8216a9e078e6d77562d70f44\" style=\"font-size:19px\">Sout\u011b\u017e byla vyhl\u00e1\u0161ena u p\u0159\u00edle\u017eitosti Dne Frankofonie a po\u0159\u00e1dalo ji Gymn\u00e1zium Pavla Tigrida ve spolupr\u00e1ci s Velvyslanectv\u00edm Francie v \u010cesk\u00e9 republice a Francouzsk\u00fdm institutem v Praze.<\/p>\n\n\n\n<p class=\"has-black-color has-text-color has-link-color wp-elements-b94760b5ec40b896f93bf444be933994\" style=\"font-size:19px\">Leto\u0161n\u00ed, ji\u017e 8. ro\u010dn\u00edk sout\u011b\u017ee, byl tematicky propojen s v\u00fdznamn\u00fdmi v\u00fdro\u010d\u00edmi ve sv\u011bt\u011b v\u00fdtvarn\u00e9ho um\u011bn\u00ed. P\u0159ipomn\u011bl 120 let od vzniku um\u011bleck\u00e9ho sm\u011bru fauvismus a tak\u00e9 150. v\u00fdro\u010d\u00ed narozen\u00ed francouzsk\u00e9ho mal\u00ed\u0159e Maurice de Vlaminck, jednoho z kl\u00ed\u010dov\u00fdch p\u0159edstavitel\u016f tohoto kr\u00e1tk\u00e9ho, ale v\u00fdrazn\u00e9ho um\u011bleck\u00e9ho hnut\u00ed.<\/p>\n\n\n\n<p class=\"has-black-color has-text-color has-link-color wp-elements-a6f8ef09ee818ce72ff912c4c6068eb2\" style=\"font-size:19px\">Sout\u011b\u017ee se v leto\u0161n\u00edm ro\u010dn\u00edku z\u00fa\u010dastnilo p\u0159ibli\u017en\u011b 1 425 \u017e\u00e1k\u016f a student\u016f. Konkurence tak byla opravdu vysok\u00e1, tud\u00ed\u017e jsme na ob\u011b na\u0161e studentky pat\u0159i\u010dn\u011b hrd\u00ed.<\/p>\n\n\n\n<p class=\"has-black-color has-text-color has-link-color wp-elements-12d0ea1e87eebd4652d558678f71c276\" style=\"font-size:19px\">Pr\u00e1ce na\u0161ich studentek zaujaly porotu p\u0159edev\u0161\u00edm origin\u00e1ln\u00edm v\u00fdtvarn\u00fdm zpracov\u00e1n\u00edm a citliv\u00fdm uchopen\u00edm t\u00e9matu inspirovan\u00e9ho fauvismem, kter\u00fd je typick\u00fd v\u00fdraznou barevnost\u00ed a d\u016frazem na emoce.<\/p>\n\n\n\n<p class=\"has-black-color has-text-color has-link-color wp-elements-5dd0f023375403ffc9982008f4c45da7\" style=\"font-size:19px\">Do u\u017e\u0161\u00edho v\u00fdb\u011bru se dostali i dal\u0161\u00ed na\u0161i studenti: Nat\u00e1lie \u0158uchovsk\u00e1, Kry\u0161tof Baran, Nikol Monczkov\u00e1 a Nina J\u00e1grikov\u00e1. Pod \u010dl\u00e1nkem naleznete odkaz do virtu\u00e1ln\u00ed galerie, kde si m\u016f\u017eete prohl\u00e9dnout pr\u00e1ce v\u0161ech, kte\u0159\u00ed se do tohoto v\u00fdb\u011bru probojovali.<\/p>\n\n\n\n<p class=\"has-black-color has-text-color has-link-color wp-elements-88110455b8426a804e32d33812bb12cf\" style=\"font-size:19px\">Ob\u011bma studentk\u00e1m gratulujeme a d\u011bkujeme za skv\u011blou reprezentaci \u0161koly.<\/p>\n\n\n\n<p class=\"has-text-align-center has-vivid-red-color has-text-color has-link-color wp-elements-898f1162e9c61230e5c8da43f2c0c29c\" style=\"font-size:34px\"><span class=\"wp-rich-text-font-awesome-icon wp-font-awesome-icon\"><svg aria-hidden=\"true\" focusable=\"false\" data-prefix=\"fas\" data-icon=\"arrow-right\" class=\"svg-inline--fa fa-arrow-right fa-beat \" role=\"img\" xmlns=\"http:\/\/www.w3.org\/2000\/svg\" viewBox=\"0 0 448 512\" color=\"#000000\"><path fill=\"currentColor\" d=\"M438.6 278.6c12.5-12.5 12.5-32.8 0-45.3l-160-160c-12.5-12.5-32.8-12.5-45.3 0s-12.5 32.8 0 45.3L338.8 224 32 224c-17.7 0-32 14.3-32 32s14.3 32 32 32l306.7 0L233.4 393.4c-12.5 12.5-12.5 32.8 0 45.3s32.8 12.5 45.3 0l160-160z\"><\/path><\/svg><\/span><strong><mark style=\"background-color:rgba(0, 0, 0, 0)\" class=\"has-inline-color has-vivid-red-color\">  <a href=\"https:\/\/www.jazgym.cz\/cz\/aktualne\/fotogalerie\/art-galerie.html?strana=4\" target=\"_blank\" rel=\"noreferrer noopener\">VIRTU\u00c1LN\u00cd GALERIE<\/a>  <\/mark><\/strong><span class=\"wp-rich-text-font-awesome-icon wp-font-awesome-icon\"><svg aria-hidden=\"true\" focusable=\"false\" data-prefix=\"fas\" data-icon=\"arrow-left\" class=\"svg-inline--fa fa-arrow-left fa-beat \" role=\"img\" xmlns=\"http:\/\/www.w3.org\/2000\/svg\" viewBox=\"0 0 448 512\" color=\"#000000\"><path fill=\"currentColor\" d=\"M9.4 233.4c-12.5 12.5-12.5 32.8 0 45.3l160 160c12.5 12.5 32.8 12.5 45.3 0s12.5-32.8 0-45.3L109.2 288 416 288c17.7 0 32-14.3 32-32s-14.3-32-32-32l-306.7 0L214.6 118.6c12.5-12.5 12.5-32.8 0-45.3s-32.8-12.5-45.3 0l-160 160z\"><\/path><\/svg><\/span><\/p>\n\n\n\n<figure class=\"wp-block-gallery has-nested-images columns-default is-cropped wp-block-gallery-1 is-layout-flex wp-block-gallery-is-layout-flex\">\n<figure data-wp-context=\"{&quot;imageId&quot;:&quot;69f23fb77f41a&quot;}\" data-wp-interactive=\"core\/image\" data-wp-key=\"69f23fb77f41a\" class=\"wp-block-image size-large wp-lightbox-container\"><img loading=\"lazy\" decoding=\"async\" width=\"768\" height=\"1024\" data-wp-class--hide=\"state.isContentHidden\" data-wp-class--show=\"state.isContentVisible\" data-wp-init=\"callbacks.setButtonStyles\" data-wp-on--click=\"actions.showLightbox\" data-wp-on--load=\"callbacks.setButtonStyles\" data-wp-on-window--resize=\"callbacks.setButtonStyles\" data-id=\"7216\" src=\"https:\/\/www.gym-karvina.cz\/wp-content\/uploads\/2026\/04\/Uvodni-fotka-768x1024.jpeg\" alt=\"\" class=\"wp-image-7216\" srcset=\"https:\/\/www.gym-karvina.cz\/wp-content\/uploads\/2026\/04\/Uvodni-fotka-768x1024.jpeg 768w, https:\/\/www.gym-karvina.cz\/wp-content\/uploads\/2026\/04\/Uvodni-fotka-225x300.jpeg 225w, https:\/\/www.gym-karvina.cz\/wp-content\/uploads\/2026\/04\/Uvodni-fotka-1152x1536.jpeg 1152w, https:\/\/www.gym-karvina.cz\/wp-content\/uploads\/2026\/04\/Uvodni-fotka-1536x2048.jpeg 1536w, https:\/\/www.gym-karvina.cz\/wp-content\/uploads\/2026\/04\/Uvodni-fotka-18x24.jpeg 18w, https:\/\/www.gym-karvina.cz\/wp-content\/uploads\/2026\/04\/Uvodni-fotka-27x36.jpeg 27w, https:\/\/www.gym-karvina.cz\/wp-content\/uploads\/2026\/04\/Uvodni-fotka-36x48.jpeg 36w, https:\/\/www.gym-karvina.cz\/wp-content\/uploads\/2026\/04\/Uvodni-fotka-scaled.jpeg 1920w\" sizes=\"auto, (max-width: 768px) 100vw, 768px\" \/><button\n\t\t\tclass=\"lightbox-trigger\"\n\t\t\ttype=\"button\"\n\t\t\taria-haspopup=\"dialog\"\n\t\t\taria-label=\"Zv\u011bt\u0161it\"\n\t\t\tdata-wp-init=\"callbacks.initTriggerButton\"\n\t\t\tdata-wp-on--click=\"actions.showLightbox\"\n\t\t\tdata-wp-style--right=\"state.imageButtonRight\"\n\t\t\tdata-wp-style--top=\"state.imageButtonTop\"\n\t\t>\n\t\t\t<svg xmlns=\"http:\/\/www.w3.org\/2000\/svg\" width=\"12\" height=\"12\" fill=\"none\" viewBox=\"0 0 12 12\">\n\t\t\t\t<path fill=\"#fff\" d=\"M2 0a2 2 0 0 0-2 2v2h1.5V2a.5.5 0 0 1 .5-.5h2V0H2Zm2 10.5H2a.5.5 0 0 1-.5-.5V8H0v2a2 2 0 0 0 2 2h2v-1.5ZM8 12v-1.5h2a.5.5 0 0 0 .5-.5V8H12v2a2 2 0 0 1-2 2H8Zm2-12a2 2 0 0 1 2 2v2h-1.5V2a.5.5 0 0 0-.5-.5H8V0h2Z\" \/>\n\t\t\t<\/svg>\n\t\t<\/button><\/figure>\n\n\n\n<figure data-wp-context=\"{&quot;imageId&quot;:&quot;69f23fb77fbad&quot;}\" data-wp-interactive=\"core\/image\" data-wp-key=\"69f23fb77fbad\" class=\"wp-block-image size-large wp-lightbox-container\"><img loading=\"lazy\" decoding=\"async\" width=\"727\" height=\"1024\" data-wp-class--hide=\"state.isContentHidden\" data-wp-class--show=\"state.isContentVisible\" data-wp-init=\"callbacks.setButtonStyles\" data-wp-on--click=\"actions.showLightbox\" data-wp-on--load=\"callbacks.setButtonStyles\" data-wp-on-window--resize=\"callbacks.setButtonStyles\" data-id=\"7215\" src=\"https:\/\/www.gym-karvina.cz\/wp-content\/uploads\/2026\/04\/bara-michalkova-bratr-kombinovana-technika-16-let-gymnazium-karvina-1777369166-727x1024.jpg\" alt=\"\" class=\"wp-image-7215\" srcset=\"https:\/\/www.gym-karvina.cz\/wp-content\/uploads\/2026\/04\/bara-michalkova-bratr-kombinovana-technika-16-let-gymnazium-karvina-1777369166-727x1024.jpg 727w, https:\/\/www.gym-karvina.cz\/wp-content\/uploads\/2026\/04\/bara-michalkova-bratr-kombinovana-technika-16-let-gymnazium-karvina-1777369166-213x300.jpg 213w, https:\/\/www.gym-karvina.cz\/wp-content\/uploads\/2026\/04\/bara-michalkova-bratr-kombinovana-technika-16-let-gymnazium-karvina-1777369166-768x1082.jpg 768w, https:\/\/www.gym-karvina.cz\/wp-content\/uploads\/2026\/04\/bara-michalkova-bratr-kombinovana-technika-16-let-gymnazium-karvina-1777369166-17x24.jpg 17w, https:\/\/www.gym-karvina.cz\/wp-content\/uploads\/2026\/04\/bara-michalkova-bratr-kombinovana-technika-16-let-gymnazium-karvina-1777369166-26x36.jpg 26w, https:\/\/www.gym-karvina.cz\/wp-content\/uploads\/2026\/04\/bara-michalkova-bratr-kombinovana-technika-16-let-gymnazium-karvina-1777369166-34x48.jpg 34w, https:\/\/www.gym-karvina.cz\/wp-content\/uploads\/2026\/04\/bara-michalkova-bratr-kombinovana-technika-16-let-gymnazium-karvina-1777369166.jpg 781w\" sizes=\"auto, (max-width: 727px) 100vw, 727px\" \/><button\n\t\t\tclass=\"lightbox-trigger\"\n\t\t\ttype=\"button\"\n\t\t\taria-haspopup=\"dialog\"\n\t\t\taria-label=\"Zv\u011bt\u0161it\"\n\t\t\tdata-wp-init=\"callbacks.initTriggerButton\"\n\t\t\tdata-wp-on--click=\"actions.showLightbox\"\n\t\t\tdata-wp-style--right=\"state.imageButtonRight\"\n\t\t\tdata-wp-style--top=\"state.imageButtonTop\"\n\t\t>\n\t\t\t<svg xmlns=\"http:\/\/www.w3.org\/2000\/svg\" width=\"12\" height=\"12\" fill=\"none\" viewBox=\"0 0 12 12\">\n\t\t\t\t<path fill=\"#fff\" d=\"M2 0a2 2 0 0 0-2 2v2h1.5V2a.5.5 0 0 1 .5-.5h2V0H2Zm2 10.5H2a.5.5 0 0 1-.5-.5V8H0v2a2 2 0 0 0 2 2h2v-1.5ZM8 12v-1.5h2a.5.5 0 0 0 .5-.5V8H12v2a2 2 0 0 1-2 2H8Zm2-12a2 2 0 0 1 2 2v2h-1.5V2a.5.5 0 0 0-.5-.5H8V0h2Z\" \/>\n\t\t\t<\/svg>\n\t\t<\/button><\/figure>\n\n\n\n<figure data-wp-context=\"{&quot;imageId&quot;:&quot;69f23fb78033b&quot;}\" data-wp-interactive=\"core\/image\" data-wp-key=\"69f23fb78033b\" class=\"wp-block-image size-large wp-lightbox-container\"><img loading=\"lazy\" decoding=\"async\" width=\"1024\" height=\"786\" data-wp-class--hide=\"state.isContentHidden\" data-wp-class--show=\"state.isContentVisible\" data-wp-init=\"callbacks.setButtonStyles\" data-wp-on--click=\"actions.showLightbox\" data-wp-on--load=\"callbacks.setButtonStyles\" data-wp-on-window--resize=\"callbacks.setButtonStyles\" data-id=\"7214\" src=\"https:\/\/www.gym-karvina.cz\/wp-content\/uploads\/2026\/04\/ema-wawrzosova-paprsky-rana-akryl-17-let-gymnazium-karvina-1777330561-1024x786.jpg\" alt=\"\" class=\"wp-image-7214\" srcset=\"https:\/\/www.gym-karvina.cz\/wp-content\/uploads\/2026\/04\/ema-wawrzosova-paprsky-rana-akryl-17-let-gymnazium-karvina-1777330561-1024x786.jpg 1024w, https:\/\/www.gym-karvina.cz\/wp-content\/uploads\/2026\/04\/ema-wawrzosova-paprsky-rana-akryl-17-let-gymnazium-karvina-1777330561-300x230.jpg 300w, https:\/\/www.gym-karvina.cz\/wp-content\/uploads\/2026\/04\/ema-wawrzosova-paprsky-rana-akryl-17-let-gymnazium-karvina-1777330561-768x589.jpg 768w, https:\/\/www.gym-karvina.cz\/wp-content\/uploads\/2026\/04\/ema-wawrzosova-paprsky-rana-akryl-17-let-gymnazium-karvina-1777330561-24x18.jpg 24w, https:\/\/www.gym-karvina.cz\/wp-content\/uploads\/2026\/04\/ema-wawrzosova-paprsky-rana-akryl-17-let-gymnazium-karvina-1777330561-36x28.jpg 36w, https:\/\/www.gym-karvina.cz\/wp-content\/uploads\/2026\/04\/ema-wawrzosova-paprsky-rana-akryl-17-let-gymnazium-karvina-1777330561-48x37.jpg 48w, https:\/\/www.gym-karvina.cz\/wp-content\/uploads\/2026\/04\/ema-wawrzosova-paprsky-rana-akryl-17-let-gymnazium-karvina-1777330561.jpg 1100w\" sizes=\"auto, (max-width: 1024px) 100vw, 1024px\" \/><button\n\t\t\tclass=\"lightbox-trigger\"\n\t\t\ttype=\"button\"\n\t\t\taria-haspopup=\"dialog\"\n\t\t\taria-label=\"Zv\u011bt\u0161it\"\n\t\t\tdata-wp-init=\"callbacks.initTriggerButton\"\n\t\t\tdata-wp-on--click=\"actions.showLightbox\"\n\t\t\tdata-wp-style--right=\"state.imageButtonRight\"\n\t\t\tdata-wp-style--top=\"state.imageButtonTop\"\n\t\t>\n\t\t\t<svg xmlns=\"http:\/\/www.w3.org\/2000\/svg\" width=\"12\" height=\"12\" fill=\"none\" viewBox=\"0 0 12 12\">\n\t\t\t\t<path fill=\"#fff\" d=\"M2 0a2 2 0 0 0-2 2v2h1.5V2a.5.5 0 0 1 .5-.5h2V0H2Zm2 10.5H2a.5.5 0 0 1-.5-.5V8H0v2a2 2 0 0 0 2 2h2v-1.5ZM8 12v-1.5h2a.5.5 0 0 0 .5-.5V8H12v2a2 2 0 0 1-2 2H8Zm2-12a2 2 0 0 1 2 2v2h-1.5V2a.5.5 0 0 0-.5-.5H8V0h2Z\" \/>\n\t\t\t<\/svg>\n\t\t<\/button><\/figure>\n<\/figure>\n","protected":false},"excerpt":{"rendered":"<p>Na\u0161e studentky Barbora Mich\u00e1lkov\u00e1 a Ema Wawrzosov\u00e1 dos\u00e1hly \u00fasp\u011bchu v mezin\u00e1rodn\u00ed v\u00fdtvarn\u00e9 sout\u011b\u017ei Za\u017eij barvy! Sout\u011b\u017e byla vyhl\u00e1\u0161ena u p\u0159\u00edle\u017eitosti Dne Frankofonie a po\u0159\u00e1dalo ji Gymn\u00e1zium Pavla Tigrida ve spolupr\u00e1ci s Velvyslanectv\u00edm Francie v \u010cesk\u00e9&#46;&#46;&#46;<\/p>\n","protected":false},"author":7,"featured_media":7217,"comment_status":"closed","ping_status":"closed","sticky":false,"template":"","format":"standard","meta":{"footnotes":""},"categories":[33],"tags":[],"class_list":["post-7213","post","type-post","status-publish","format-standard","has-post-thumbnail","hentry","category-homepage"],"_links":{"self":[{"href":"https:\/\/www.gym-karvina.cz\/index.php?rest_route=\/wp\/v2\/posts\/7213","targetHints":{"allow":["GET"]}}],"collection":[{"href":"https:\/\/www.gym-karvina.cz\/index.php?rest_route=\/wp\/v2\/posts"}],"about":[{"href":"https:\/\/www.gym-karvina.cz\/index.php?rest_route=\/wp\/v2\/types\/post"}],"author":[{"embeddable":true,"href":"https:\/\/www.gym-karvina.cz\/index.php?rest_route=\/wp\/v2\/users\/7"}],"replies":[{"embeddable":true,"href":"https:\/\/www.gym-karvina.cz\/index.php?rest_route=%2Fwp%2Fv2%2Fcomments&post=7213"}],"version-history":[{"count":2,"href":"https:\/\/www.gym-karvina.cz\/index.php?rest_route=\/wp\/v2\/posts\/7213\/revisions"}],"predecessor-version":[{"id":7219,"href":"https:\/\/www.gym-karvina.cz\/index.php?rest_route=\/wp\/v2\/posts\/7213\/revisions\/7219"}],"wp:featuredmedia":[{"embeddable":true,"href":"https:\/\/www.gym-karvina.cz\/index.php?rest_route=\/wp\/v2\/media\/7217"}],"wp:attachment":[{"href":"https:\/\/www.gym-karvina.cz\/index.php?rest_route=%2Fwp%2Fv2%2Fmedia&parent=7213"}],"wp:term":[{"taxonomy":"category","embeddable":true,"href":"https:\/\/www.gym-karvina.cz\/index.php?rest_route=%2Fwp%2Fv2%2Fcategories&post=7213"},{"taxonomy":"post_tag","embeddable":true,"href":"https:\/\/www.gym-karvina.cz\/index.php?rest_route=%2Fwp%2Fv2%2Ftags&post=7213"}],"curies":[{"name":"wp","href":"https:\/\/api.w.org\/{rel}","templated":true}]}}