{"id":775,"date":"2024-06-28T19:21:00","date_gmt":"2024-06-28T17:21:00","guid":{"rendered":"https:\/\/www.gymplka.cz\/?p=775"},"modified":"2024-07-17T16:16:48","modified_gmt":"2024-07-17T14:16:48","slug":"pozvanka-na-tradicni-hokejovy-zapas","status":"publish","type":"post","link":"https:\/\/www.gym-karvina.cz\/?p=775","title":{"rendered":"Prvn\u00ed pomoc, zn\u00e1\u0161?"},"content":{"rendered":"\n<p>Od druh\u00e9 poloviny \u0161koln\u00edho roku se na na\u0161\u00ed \u0161kole pomalu za\u010d\u00edn\u00e1 rozj\u00ed\u017ed\u011bt krou\u017eek prvn\u00ed pomoci. B\u011bhem t\u00e9to kr\u00e1tk\u00e9 doby jsme se ji\u017e stihli sezn\u00e1mit s&nbsp;jej\u00edmi z\u00e1klady teoreticky i prakticky v&nbsp;r\u00e1mci simulovan\u00fdch poran\u011bn\u00ed. Zapojili jsme se do aktivit pro d\u00e1nsk\u00e9 spolu\u017e\u00e1ky a p\u0159ichystali pro n\u011b hodinku prvn\u00ed pomoci. Ke konci roku jsme se namaskovali a vyzkou\u0161eli si pr\u00e1ci s&nbsp;um\u011blou krv\u00ed.<\/p>\n\n\n\n<p>P\u0159\u00ed\u0161t\u00ed rok n\u00e1s \u010dek\u00e1 sezn\u00e1men\u00ed ostatn\u00edch spolu\u017e\u00e1k\u016f s&nbsp;krou\u017ekem a t\u011b\u0161\u00edme se, \u017ee p\u0159iv\u00edt\u00e1me nov\u00e9 \u010dleny. Dal\u0161\u00edmi aktivitami budou p\u0159edn\u00e1\u0161ky s&nbsp;odborn\u00edky a spolupr\u00e1ce se SZ\u0160 Karvin\u00e1.&nbsp;<\/p>\n\n\n\n<p>P\u0159ejeme v\u0161em kr\u00e1sn\u00e9 aktivn\u00ed pr\u00e1zdniny bez pou\u017eit\u00ed l\u00e9k\u00e1rni\u010dek<\/p>\n\n\n\n<p class=\"has-text-align-center\" style=\"font-size:16px\"><a href=\"https:\/\/photos.app.goo.gl\/RWZ9YYe1UvVSM1X97\" target=\"_blank\" rel=\"noreferrer noopener\">FOTOgalerie<\/a><\/p>\n\n\n\n<p><\/p>\n","protected":false},"excerpt":{"rendered":"<p>Od druh\u00e9 poloviny \u0161koln\u00edho roku se na na\u0161\u00ed \u0161kole pomalu za\u010d\u00edn\u00e1 rozj\u00ed\u017ed\u011bt krou\u017eek prvn\u00ed pomoci. B\u011bhem t\u00e9to kr\u00e1tk\u00e9 doby jsme se ji\u017e stihli sezn\u00e1mit s&nbsp;jej\u00edmi z\u00e1klady teoreticky i prakticky v&nbsp;r\u00e1mci simulovan\u00fdch poran\u011bn\u00ed. Zapojili jsme se&#46;&#46;&#46;<\/p>\n","protected":false},"author":3,"featured_media":2351,"comment_status":"open","ping_status":"open","sticky":false,"template":"","format":"standard","meta":{"footnotes":""},"categories":[33],"tags":[],"class_list":["post-775","post","type-post","status-publish","format-standard","has-post-thumbnail","hentry","category-homepage"],"_links":{"self":[{"href":"https:\/\/www.gym-karvina.cz\/index.php?rest_route=\/wp\/v2\/posts\/775","targetHints":{"allow":["GET"]}}],"collection":[{"href":"https:\/\/www.gym-karvina.cz\/index.php?rest_route=\/wp\/v2\/posts"}],"about":[{"href":"https:\/\/www.gym-karvina.cz\/index.php?rest_route=\/wp\/v2\/types\/post"}],"author":[{"embeddable":true,"href":"https:\/\/www.gym-karvina.cz\/index.php?rest_route=\/wp\/v2\/users\/3"}],"replies":[{"embeddable":true,"href":"https:\/\/www.gym-karvina.cz\/index.php?rest_route=%2Fwp%2Fv2%2Fcomments&post=775"}],"version-history":[{"count":9,"href":"https:\/\/www.gym-karvina.cz\/index.php?rest_route=\/wp\/v2\/posts\/775\/revisions"}],"predecessor-version":[{"id":2792,"href":"https:\/\/www.gym-karvina.cz\/index.php?rest_route=\/wp\/v2\/posts\/775\/revisions\/2792"}],"wp:featuredmedia":[{"embeddable":true,"href":"https:\/\/www.gym-karvina.cz\/index.php?rest_route=\/wp\/v2\/media\/2351"}],"wp:attachment":[{"href":"https:\/\/www.gym-karvina.cz\/index.php?rest_route=%2Fwp%2Fv2%2Fmedia&parent=775"}],"wp:term":[{"taxonomy":"category","embeddable":true,"href":"https:\/\/www.gym-karvina.cz\/index.php?rest_route=%2Fwp%2Fv2%2Fcategories&post=775"},{"taxonomy":"post_tag","embeddable":true,"href":"https:\/\/www.gym-karvina.cz\/index.php?rest_route=%2Fwp%2Fv2%2Ftags&post=775"}],"curies":[{"name":"wp","href":"https:\/\/api.w.org\/{rel}","templated":true}]}}