{"id":791,"date":"2024-06-28T19:21:00","date_gmt":"2024-06-28T17:21:00","guid":{"rendered":"https:\/\/www.gymplka.cz\/?p=791"},"modified":"2024-07-17T16:14:48","modified_gmt":"2024-07-17T14:14:48","slug":"den-otevrenych-dveri","status":"publish","type":"post","link":"https:\/\/www.gym-karvina.cz\/?p=791","title":{"rendered":"Kvinta v Praze"},"content":{"rendered":"\n<p>22.6. se kvinta vydala na sv\u016fj leto\u0161n\u00ed t\u0159\u00eddn\u00ed v\u00fdlet, a to do Prahy. V brzk\u00fdch rann\u00edch hodin\u00e1ch u\u017e byli ve vlaku a dopoledne se ocitli v hlavn\u00edm m\u011bst\u011b, ubytovali se na pensionu a \u0161li prozkoum\u00e1vat kr\u00e1sy Prahy. Nav\u0161t\u00edvili nap\u0159. Sm\u00edchovskou n\u00e1plavku, Pra\u017esk\u00fd hrad nebo Karl\u016fv most. Ve\u010der se v\u0161ak hezky obl\u00e9kli a \u0161li do divadla, ale nejen tak ledajak\u00e9ho &#8211; nav\u0161t\u00edvili N\u00e1rodn\u00ed divadlo, kter\u00e9 je v\u0161echny uchv\u00e1tilo svou kr\u00e1sou. \u0160li na p\u0159edstaven\u00ed Kytice v dramaturgick\u00e9m zpracov\u00e1n\u00ed Martina Kuku\u010dky, Luk\u00e1\u0161e Trpi\u0161ovsk\u00e9ho a Ilony Smejkalov\u00e9. Hereck\u00e9 obsazen\u00ed bylo hv\u011bzdn\u00e9, \u017e\u00e1ci vid\u011bli Franti\u0161ka N\u011bmce, Ivu Jan\u017eurovou \u010di Igora Orozovi\u010de. Se zm\u00edn\u011bn\u00fdm Igorem Orozovi\u010dem se \u017e\u00e1ci, d\u00edky sv\u00e9 pan\u00ed u\u010ditelce t\u0159\u00eddn\u00ed, po p\u0159edstaven\u00ed potkali a popov\u00eddali si s n\u00edm. V ned\u011bli r\u00e1no pak \u0161li \u017e\u00e1ci na proch\u00e1zku po Praze, a taky si pro\u0161li sami centrum m\u011bsta.&nbsp;<\/p>\n\n\n\n<p>\u201eNejv\u00edce z cel\u00e9ho v\u00fdletu se mi l\u00edbilo p\u0159edstaven\u00ed Kytice, kter\u00e9 m\u011b ohromilo. Vid\u011bla jsem spoustu zn\u00e1m\u00fdch herc\u016f, jako je Jan\u017eurov\u00e1, Preissov\u00e1 a N\u011bmec, a na konec jsme m\u011bli dokonce \u0161anci si povykl\u00e1dat s panem Orozovi\u010dem. Hodn\u011b jsem si taky u\u017eila sobotn\u00ed food fest, na kter\u00e9m jsem vyzkou\u0161ela r\u016fzn\u00e1 zaj\u00edmav\u00e1 j\u00eddla.\u201c &#8211; Julie Brz\u00e1, 5.X&nbsp;<\/p>\n\n\n\n<p>\u201eV\u00fdlet m\u011b celkov\u011b bavil, proto\u017ee n\u00e1s bylo tak akor\u00e1t, divadlo byla n\u00e1dhern\u00e9 a hra \u00fa\u017easn\u00e1. Igor byl frajer a bylo super, \u017ee jsme potkali jeho, i ostatn\u00ed herce. V\u0161ichni jsme vypadali stra\u0161n\u011b dob\u0159e v tom form\u00e1ln\u00edm oble\u010den\u00edm. Druh\u00fd den byl dobr\u00fd, dostali jsme rozchod na 4 hodiny, co\u017e podle m\u011b bylo ide\u00e1ln\u00ed, a cesta vlakem byla nejlep\u0161\u00ed mo\u017enost, tak\u017ee si mysl\u00edm, \u017ee v\u00fdlet byl hodn\u011b u\u017eit\u00fd a \u0161la bych na n\u011bco do divadla znova.\u201c &#8211; anonymn\u00ed student, 5.X<\/p>\n\n\n\n<blockquote class=\"wp-block-quote has-small-font-size is-layout-flow wp-block-quote-is-layout-flow\">\n<p class=\"has-text-align-right has-small-font-size\">Za 5.X, Tereza Albrechtov\u00e1<\/p>\n<\/blockquote>\n\n\n\n<p class=\"has-text-align-center\"><a href=\"https:\/\/photos.app.goo.gl\/SB7sygk7kTEgPDag6\" target=\"_blank\" rel=\"noreferrer noopener\">FOTOgalerie<\/a><\/p>\n","protected":false},"excerpt":{"rendered":"<p>22.6. se kvinta vydala na sv\u016fj leto\u0161n\u00ed t\u0159\u00eddn\u00ed v\u00fdlet, a to do Prahy. V brzk\u00fdch rann\u00edch hodin\u00e1ch u\u017e byli ve vlaku a dopoledne se ocitli v hlavn\u00edm m\u011bst\u011b, ubytovali se na pensionu a \u0161li prozkoum\u00e1vat&#46;&#46;&#46;<\/p>\n","protected":false},"author":3,"featured_media":2344,"comment_status":"open","ping_status":"open","sticky":true,"template":"","format":"standard","meta":{"footnotes":""},"categories":[33],"tags":[],"class_list":["post-791","post","type-post","status-publish","format-standard","has-post-thumbnail","hentry","category-homepage"],"_links":{"self":[{"href":"https:\/\/www.gym-karvina.cz\/index.php?rest_route=\/wp\/v2\/posts\/791","targetHints":{"allow":["GET"]}}],"collection":[{"href":"https:\/\/www.gym-karvina.cz\/index.php?rest_route=\/wp\/v2\/posts"}],"about":[{"href":"https:\/\/www.gym-karvina.cz\/index.php?rest_route=\/wp\/v2\/types\/post"}],"author":[{"embeddable":true,"href":"https:\/\/www.gym-karvina.cz\/index.php?rest_route=\/wp\/v2\/users\/3"}],"replies":[{"embeddable":true,"href":"https:\/\/www.gym-karvina.cz\/index.php?rest_route=%2Fwp%2Fv2%2Fcomments&post=791"}],"version-history":[{"count":11,"href":"https:\/\/www.gym-karvina.cz\/index.php?rest_route=\/wp\/v2\/posts\/791\/revisions"}],"predecessor-version":[{"id":2367,"href":"https:\/\/www.gym-karvina.cz\/index.php?rest_route=\/wp\/v2\/posts\/791\/revisions\/2367"}],"wp:featuredmedia":[{"embeddable":true,"href":"https:\/\/www.gym-karvina.cz\/index.php?rest_route=\/wp\/v2\/media\/2344"}],"wp:attachment":[{"href":"https:\/\/www.gym-karvina.cz\/index.php?rest_route=%2Fwp%2Fv2%2Fmedia&parent=791"}],"wp:term":[{"taxonomy":"category","embeddable":true,"href":"https:\/\/www.gym-karvina.cz\/index.php?rest_route=%2Fwp%2Fv2%2Fcategories&post=791"},{"taxonomy":"post_tag","embeddable":true,"href":"https:\/\/www.gym-karvina.cz\/index.php?rest_route=%2Fwp%2Fv2%2Ftags&post=791"}],"curies":[{"name":"wp","href":"https:\/\/api.w.org\/{rel}","templated":true}]}}