{"id":85,"date":"2024-05-18T19:19:00","date_gmt":"2024-05-18T17:19:00","guid":{"rendered":"https:\/\/www.gymplka.cz\/?p=85"},"modified":"2024-07-17T15:57:41","modified_gmt":"2024-07-17T13:57:41","slug":"historicka-exkurze-italie-2023","status":"publish","type":"post","link":"https:\/\/www.gym-karvina.cz\/?p=85","title":{"rendered":"\u00dasp\u011bch na\u0161eho \u017e\u00e1ka ve St\u0159edo\u0161kolsk\u00e9 odborn\u00e9 \u010dinnosti"},"content":{"rendered":"\n<p class=\"has-text-align-left\">Na\u0161e \u0161kola m\u016f\u017ee b\u00fdt hrd\u00e1 na dal\u0161\u00ed v\u00fdznamn\u00fd \u00fasp\u011bch v oblasti chemie. Michal \u0160ev\u010d\u00edk, student druh\u00e9ho ro\u010dn\u00edku, zv\u00edt\u011bzil v krajsk\u00e9m kole St\u0159edo\u0161kolsk\u00e9 odborn\u00e9 \u010dinnosti.&nbsp;<\/p>\n\n\n\n<p>Jeho v\u00fdzkumn\u00e1 pr\u00e1ce s n\u00e1zvem \u201eScreening environment\u00e1ln\u00ed kontaminace t\u011b\u017ek\u00fdmi kovy v rekultivovan\u00fdch lokalit\u00e1ch na Karvinsku\u201c se v teoretick\u00e9 rovin\u011b zab\u00fdvala procesem rekultivace krajiny zasa\u017een\u00e9 vlivem t\u011b\u017eby v dolech, zne\u010di\u0161t\u011bn\u00edm prost\u0159ed\u00ed zejm\u00e9na t\u011b\u017ek\u00fdmi kovy a jejich vlivem na \u017eiv\u00e9 organismy. V praktick\u00e9 \u010d\u00e1sti se autor v\u011bnoval stanoven\u00ed koncentrace vybran\u00fdch iont\u016f t\u011b\u017ek\u00fdch kov\u016f a kov\u016f alkalick\u00fdch zemin prost\u0159ednictv\u00edm atomov\u00e9 absorp\u010dn\u00ed spektrometrie a infra\u010derven\u00e9 spektroskopie, to v\u0161e ve spolupr\u00e1ci s Katedrou chemie P\u0159\u00edrodov\u011bdeck\u00e9 fakulty Ostravsk\u00e9 univerzity.<\/p>\n\n\n\n<p>V\u00edt\u011bzstv\u00ed v krajsk\u00e9m kole samo o sob\u011b sv\u011bd\u010d\u00ed o Michalov\u00fdch mimo\u0159\u00e1dn\u00fdch schopnostech, jeho cesta v\u0161ak t\u00edmto \u00fasp\u011bchem neskon\u010dila. N\u00e1sledn\u011b se z\u00fa\u010dastnil tak\u00e9 celorepublikov\u00e9ho kola, kter\u00e9 se konalo minul\u00fd v\u00edkend v Pardubic\u00edch. Se svou prac\u00ed se mu v konkurenci nejlep\u0161\u00edch \u017e\u00e1k\u016f z cel\u00e9 \u010cesk\u00e9 republiky poda\u0159ilo obsadit skv\u011bl\u00e9 7. m\u00edsto. Tento v\u00fdsledek je d\u016fkazem jeho tvrd\u00e9 pr\u00e1ce, talentu i odhodl\u00e1n\u00ed a my mu moc gratulujeme.<\/p>\n\n\n\n<p class=\"has-text-align-left\">D\u011bkujeme Michalovi za skv\u011blou reprezentaci na\u0161\u00ed \u0161koly, p\u0159ejeme mu spoustu dal\u0161\u00edch skv\u011bl\u00fdch v\u00fdsledk\u016f a v\u011b\u0159\u00edme, \u017ee jej \u010dek\u00e1 je\u0161t\u011b mnoho \u00fasp\u011b\u0161n\u00fdch okam\u017eik\u016f nejen ve \u0161koln\u00edch sout\u011b\u017e\u00edch, ale i v dal\u0161\u00edch aktivit\u00e1ch.<br><\/p>\n","protected":false},"excerpt":{"rendered":"<p>Na\u0161e \u0161kola m\u016f\u017ee b\u00fdt hrd\u00e1 na dal\u0161\u00ed v\u00fdznamn\u00fd \u00fasp\u011bch v oblasti chemie. Michal \u0160ev\u010d\u00edk, student druh\u00e9ho ro\u010dn\u00edku, zv\u00edt\u011bzil v krajsk\u00e9m kole St\u0159edo\u0161kolsk\u00e9 odborn\u00e9 \u010dinnosti.&nbsp; Jeho v\u00fdzkumn\u00e1 pr\u00e1ce s n\u00e1zvem \u201eScreening environment\u00e1ln\u00ed kontaminace t\u011b\u017ek\u00fdmi kovy v&#46;&#46;&#46;<\/p>\n","protected":false},"author":1,"featured_media":2358,"comment_status":"open","ping_status":"open","sticky":false,"template":"","format":"standard","meta":{"footnotes":""},"categories":[1],"tags":[],"class_list":["post-85","post","type-post","status-publish","format-standard","has-post-thumbnail","hentry","category-uncategorized"],"_links":{"self":[{"href":"https:\/\/www.gym-karvina.cz\/index.php?rest_route=\/wp\/v2\/posts\/85","targetHints":{"allow":["GET"]}}],"collection":[{"href":"https:\/\/www.gym-karvina.cz\/index.php?rest_route=\/wp\/v2\/posts"}],"about":[{"href":"https:\/\/www.gym-karvina.cz\/index.php?rest_route=\/wp\/v2\/types\/post"}],"author":[{"embeddable":true,"href":"https:\/\/www.gym-karvina.cz\/index.php?rest_route=\/wp\/v2\/users\/1"}],"replies":[{"embeddable":true,"href":"https:\/\/www.gym-karvina.cz\/index.php?rest_route=%2Fwp%2Fv2%2Fcomments&post=85"}],"version-history":[{"count":4,"href":"https:\/\/www.gym-karvina.cz\/index.php?rest_route=\/wp\/v2\/posts\/85\/revisions"}],"predecessor-version":[{"id":2359,"href":"https:\/\/www.gym-karvina.cz\/index.php?rest_route=\/wp\/v2\/posts\/85\/revisions\/2359"}],"wp:featuredmedia":[{"embeddable":true,"href":"https:\/\/www.gym-karvina.cz\/index.php?rest_route=\/wp\/v2\/media\/2358"}],"wp:attachment":[{"href":"https:\/\/www.gym-karvina.cz\/index.php?rest_route=%2Fwp%2Fv2%2Fmedia&parent=85"}],"wp:term":[{"taxonomy":"category","embeddable":true,"href":"https:\/\/www.gym-karvina.cz\/index.php?rest_route=%2Fwp%2Fv2%2Fcategories&post=85"},{"taxonomy":"post_tag","embeddable":true,"href":"https:\/\/www.gym-karvina.cz\/index.php?rest_route=%2Fwp%2Fv2%2Ftags&post=85"}],"curies":[{"name":"wp","href":"https:\/\/api.w.org\/{rel}","templated":true}]}}